{"id":9760,"date":"2025-03-27T11:13:09","date_gmt":"2025-03-27T17:13:09","guid":{"rendered":"https:\/\/damekiu.com\/wp\/?p=9760"},"modified":"2025-03-27T11:19:25","modified_gmt":"2025-03-27T17:19:25","slug":"edicion-2025-de-la-olimpiada-nacional","status":"publish","type":"post","link":"https:\/\/damekiu.com\/wp\/edicion-2025-de-la-olimpiada-nacional\/","title":{"rendered":"Edici\u00f3n 2025 de la Olimp\u00edada Nacional"},"content":{"rendered":"<p style=\"text-align: justify;\" data-pm-slice=\"1 1 []\">Yucat\u00e1n ser\u00e1 sede de nueve disciplinas deportivas en la <strong>edici\u00f3n 2025 de la Olimp\u00edada Nacional,<\/strong> anteriormente conocida como Nacionales Conade. El anuncio se realiz\u00f3 en el Centro Nacional de Alto Rendimiento de la capital del pa\u00eds, donde tambi\u00e9n se inform\u00f3 que Jalisco, Tlaxcala, Puebla y Colima ser\u00e1n sedes de otras competencias.<\/p>\n<p style=\"text-align: justify;\">Los deportes que se disputar\u00e1n en Yucat\u00e1n son:<\/p>\n<ul style=\"text-align: justify;\" data-spread=\"false\">\n<li>Vela (27 al 30 de mayo)<\/li>\n<li>S\u00f3ftbol (11 al 16 de junio)<\/li>\n<li>Triatl\u00f3n (13 al 15 de junio)<\/li>\n<li>Karate (12 al 16 de junio)<\/li>\n<li>Aguas abiertas (17 al 19 de junio)<\/li>\n<li>Esgrima (20 al 29 de junio)<\/li>\n<li>Skateboarding (26 al 29 de junio)<\/li>\n<li>Remo y canotaje (1 al 13 de julio)<\/li>\n<\/ul>\n<p style=\"text-align: justify;\">En tanto, el estado de \u00a0Tlaxcala recibir\u00e1 disciplinas como atletismo, b\u00e1squetbol, tenis, tenis de mesa, gimnasia, tiro con arco, ciclismo, judo y luchas asociadas. Adem\u00e1s Jalisco y Puebla tambi\u00e9n ser\u00e1n sedes de otras competencias nacionales.<\/p>\n<h3 style=\"text-align: justify;\"><strong>Rommel Pacheco, nuevo titular de Conade<\/strong><\/h3>\n<p style=\"text-align: justify;\">Durante el evento <strong>edici\u00f3n 2025 de la Olimp\u00edada Nacional,<\/strong>\u00a0tambi\u00e9n se oficializ\u00f3 el nombramiento del ex clavadista yucateco Rommel Pacheco como nuevo titular de la Comisi\u00f3n Nacional de Cultura F\u00edsica y Deporte (Conade), en sustituci\u00f3n de Ana Gabriela Guevara. La designaci\u00f3n fue anunciada por la presidenta electa, <a href=\"https:\/\/damekiu.com\/wp\/negociacion-de-aranceles\/\">Claudia Sheinbaum Pardo<\/a>, quien destac\u00f3 la trayectoria deportiva y experiencia legislativa de Pacheco, medallista internacional y exdiputado federal.<\/p>\n<p style=\"text-align: justify;\">El nombramiento de Pacheco se da atraves de las elecciones de 2024, en las que particip\u00f3 como candidato de Morena a la alcald\u00eda de M\u00e9rida. Sobre la transici\u00f3n, Guevara se\u00f1al\u00f3 que \u00abla parte legal dista del sentimentalismo\u00bb y que su sucesor deber\u00e1 enfrentar los retos administrativos de la instituci\u00f3n.<\/p>\n<blockquote class=\"instagram-media\" style=\"background: #FFF; border: 0; border-radius: 3px; box-shadow: 0 0 1px 0 rgba(0,0,0,0.5),0 1px 10px 0 rgba(0,0,0,0.15); margin: 1px; max-width: 540px; min-width: 326px; padding: 0; width: calc(100% - 2px);\" data-instgrm-captioned=\"\" data-instgrm-permalink=\"https:\/\/www.instagram.com\/p\/DHsDGPguPki\/?utm_source=ig_embed&amp;utm_campaign=loading\" data-instgrm-version=\"14\">\n<div style=\"padding: 16px;\">\n<p>&nbsp;<\/p>\n<div style=\"display: flex; flex-direction: row; align-items: center;\">\n<div style=\"background-color: #f4f4f4; border-radius: 50%; flex-grow: 0; height: 40px; margin-right: 14px; width: 40px;\"><\/div>\n<div style=\"display: flex; flex-direction: column; flex-grow: 1; justify-content: center;\">\n<div style=\"background-color: #f4f4f4; border-radius: 4px; flex-grow: 0; height: 14px; margin-bottom: 6px; width: 100px;\"><\/div>\n<div style=\"background-color: #f4f4f4; border-radius: 4px; flex-grow: 0; height: 14px; width: 60px;\"><\/div>\n<\/div>\n<\/div>\n<div style=\"padding: 19% 0;\"><\/div>\n<div style=\"display: block; height: 50px; margin: 0 auto 12px; width: 50px;\"><\/div>\n<div style=\"padding-top: 8px;\">\n<div style=\"color: #3897f0; font-family: Arial,sans-serif; font-size: 14px; font-style: normal; font-weight: 550; line-height: 18px;\">Ver esta publicaci\u00f3n en Instagram<\/div>\n<\/div>\n<div style=\"padding: 12.5% 0;\"><\/div>\n<div style=\"display: flex; flex-direction: row; margin-bottom: 14px; align-items: center;\">\n<div>\n<div style=\"background-color: #f4f4f4; border-radius: 50%; height: 12.5px; width: 12.5px; transform: translateX(0px) translateY(7px);\"><\/div>\n<div style=\"background-color: #f4f4f4; height: 12.5px; transform: rotate(-45deg) translateX(3px) translateY(1px); width: 12.5px; flex-grow: 0; margin-right: 14px; margin-left: 2px;\"><\/div>\n<div style=\"background-color: #f4f4f4; border-radius: 50%; height: 12.5px; width: 12.5px; transform: translateX(9px) translateY(-18px);\"><\/div>\n<\/div>\n<div style=\"margin-left: 8px;\">\n<div style=\"background-color: #f4f4f4; border-radius: 50%; flex-grow: 0; height: 20px; width: 20px;\"><\/div>\n<div style=\"width: 0; height: 0; border-top: 2px solid transparent; border-left: 6px solid #f4f4f4; border-bottom: 2px solid transparent; transform: translateX(16px) translateY(-4px) rotate(30deg);\"><\/div>\n<\/div>\n<div style=\"margin-left: auto;\">\n<div style=\"width: 0px; border-top: 8px solid #F4F4F4; border-right: 8px solid transparent; transform: translateY(16px);\"><\/div>\n<div style=\"background-color: #f4f4f4; flex-grow: 0; height: 12px; width: 16px; transform: translateY(-4px);\"><\/div>\n<div style=\"width: 0; height: 0; border-top: 8px solid #F4F4F4; border-left: 8px solid transparent; transform: translateY(-4px) translateX(8px);\"><\/div>\n<\/div>\n<\/div>\n<div style=\"display: flex; flex-direction: column; flex-grow: 1; justify-content: center; margin-bottom: 24px;\">\n<div style=\"background-color: #f4f4f4; border-radius: 4px; flex-grow: 0; height: 14px; margin-bottom: 6px; width: 224px;\"><\/div>\n<div style=\"background-color: #f4f4f4; border-radius: 4px; flex-grow: 0; height: 14px; width: 144px;\"><\/div>\n<\/div>\n<p>&nbsp;<\/p>\n<p style=\"color: #c9c8cd; font-family: Arial,sans-serif; font-size: 14px; line-height: 17px; margin-bottom: 0; margin-top: 8px; overflow: hidden; padding: 8px 0 7px; text-align: center; text-overflow: ellipsis; white-space: nowrap;\"><a style=\"color: #c9c8cd; font-family: Arial,sans-serif; font-size: 14px; font-style: normal; font-weight: normal; line-height: 17px; text-decoration: none;\" href=\"https:\/\/www.instagram.com\/p\/DHsDGPguPki\/?utm_source=ig_embed&amp;utm_campaign=loading\" target=\"_blank\" rel=\"noopener\">Una publicaci\u00f3n compartida por @karate.olympic.tepic<\/a><\/p>\n<\/div>\n<\/blockquote>\n<p><script async src=\"\/\/www.instagram.com\/embed.js\"><\/script><\/p>\n<p style=\"text-align: justify;\">La designaci\u00f3n de Yucat\u00e1n como sede de m\u00faltiples disciplinas en la <strong>edici\u00f3n 2025 de la Olimp\u00edada Nacional,<\/strong>\u00a0refuerza su papel en el desarrollo deportivo del pa\u00eds, brindando oportunidades a j\u00f3venes talentos y fomentando la actividad f\u00edsica. Asimismo, la llegada de Rommel Pacheco a la Conade representa un cambio en la direcci\u00f3n del organismo, con expectativas de mejoras en la gesti\u00f3n y apoyo al deporte nacional.<\/p>\n","protected":false},"excerpt":{"rendered":"<p>Yucat\u00e1n ser\u00e1 sede de nueve disciplinas deportivas en la edici\u00f3n 2025 de la Olimp\u00edada Nacional, anteriormente conocida como Nacionales Conade.<\/p>\n","protected":false},"author":6,"featured_media":9770,"comment_status":"open","ping_status":"open","sticky":false,"template":"","format":"standard","meta":{"colormag_page_container_layout":"default_layout","colormag_page_sidebar_layout":"default_layout","_jetpack_memberships_contains_paid_content":false,"footnotes":""},"categories":[49],"tags":[115,127,110,111],"class_list":["post-9760","post","type-post","status-publish","format-standard","has-post-thumbnail","hentry","category-deportes","tag-celebridades-mexicanas","tag-dame-kiu","tag-mexico","tag-politica-mexicana"],"magazineBlocksPostFeaturedMedia":{"thumbnail":"https:\/\/i0.wp.com\/damekiu.com\/wp\/wp-content\/uploads\/2025\/03\/Diseno-sin-titulo-27.png?resize=150%2C150&ssl=1","medium":"https:\/\/i0.wp.com\/damekiu.com\/wp\/wp-content\/uploads\/2025\/03\/Diseno-sin-titulo-27.png?fit=300%2C225&ssl=1","medium_large":"https:\/\/i0.wp.com\/damekiu.com\/wp\/wp-content\/uploads\/2025\/03\/Diseno-sin-titulo-27.png?fit=768%2C576&ssl=1","large":"https:\/\/i0.wp.com\/damekiu.com\/wp\/wp-content\/uploads\/2025\/03\/Diseno-sin-titulo-27.png?fit=800%2C600&ssl=1","1536x1536":"https:\/\/i0.wp.com\/damekiu.com\/wp\/wp-content\/uploads\/2025\/03\/Diseno-sin-titulo-27.png?fit=1024%2C768&ssl=1","2048x2048":"https:\/\/i0.wp.com\/damekiu.com\/wp\/wp-content\/uploads\/2025\/03\/Diseno-sin-titulo-27.png?fit=1024%2C768&ssl=1","colormag-highlighted-post":"https:\/\/i0.wp.com\/damekiu.com\/wp\/wp-content\/uploads\/2025\/03\/Diseno-sin-titulo-27.png?resize=392%2C272&ssl=1","colormag-featured-post-medium":"https:\/\/i0.wp.com\/damekiu.com\/wp\/wp-content\/uploads\/2025\/03\/Diseno-sin-titulo-27.png?resize=390%2C205&ssl=1","colormag-featured-post-small":"https:\/\/i0.wp.com\/damekiu.com\/wp\/wp-content\/uploads\/2025\/03\/Diseno-sin-titulo-27.png?resize=130%2C90&ssl=1","colormag-featured-image":"https:\/\/i0.wp.com\/damekiu.com\/wp\/wp-content\/uploads\/2025\/03\/Diseno-sin-titulo-27.png?resize=800%2C445&ssl=1","colormag-default-news":"https:\/\/i0.wp.com\/damekiu.com\/wp\/wp-content\/uploads\/2025\/03\/Diseno-sin-titulo-27.png?resize=150%2C150&ssl=1","colormag-featured-image-large":"https:\/\/i0.wp.com\/damekiu.com\/wp\/wp-content\/uploads\/2025\/03\/Diseno-sin-titulo-27.png?resize=1024%2C600&ssl=1"},"magazineBlocksPostAuthor":{"name":"Aixa Salinas","avatar":"https:\/\/secure.gravatar.com\/avatar\/3db3940a67fa145465c22c93b213dba6a9538d27c6325b3b2edb6e8c4f80b73b?s=96&d=mm&r=g"},"magazineBlocksPostCommentsNumber":"0","magazineBlocksPostExcerpt":"Yucat\u00e1n ser\u00e1 sede de nueve disciplinas deportivas en la edici\u00f3n 2025 de la Olimp\u00edada Nacional, anteriormente conocida como Nacionales Conade.","magazineBlocksPostCategories":["Deportes"],"magazineBlocksPostViewCount":228,"magazineBlocksPostReadTime":2,"magazine_blocks_featured_image_url":{"full":["https:\/\/i0.wp.com\/damekiu.com\/wp\/wp-content\/uploads\/2025\/03\/Diseno-sin-titulo-27.png?fit=1024%2C768&ssl=1",1024,768,false],"medium":["https:\/\/i0.wp.com\/damekiu.com\/wp\/wp-content\/uploads\/2025\/03\/Diseno-sin-titulo-27.png?fit=300%2C225&ssl=1",300,225,true],"thumbnail":["https:\/\/i0.wp.com\/damekiu.com\/wp\/wp-content\/uploads\/2025\/03\/Diseno-sin-titulo-27.png?resize=150%2C150&ssl=1",150,150,true]},"magazine_blocks_author":{"display_name":"Aixa Salinas","author_link":"https:\/\/damekiu.com\/wp\/author\/aixasalinas\/"},"magazine_blocks_comment":0,"magazine_blocks_author_image":"https:\/\/secure.gravatar.com\/avatar\/3db3940a67fa145465c22c93b213dba6a9538d27c6325b3b2edb6e8c4f80b73b?s=96&d=mm&r=g","magazine_blocks_category":"<a href=\"#\" class=\"category-link category-link-49\">Deportes<\/a>","yoast_head":"<!-- This site is optimized with the Yoast SEO plugin v27.1.1 - https:\/\/yoast.com\/product\/yoast-seo-wordpress\/ -->\n<title>Edici\u00f3n 2025 de la Olimp\u00edada Nacional - Dame Kiu<\/title>\n<meta name=\"description\" content=\"Yucat\u00e1n ser\u00e1 sede de nueve disciplinas deportivas en la edici\u00f3n 2025 de la Olimp\u00edada Nacional, anteriormente conocida como Nacionales Conade\" \/>\n<meta name=\"robots\" content=\"index, follow, max-snippet:-1, max-image-preview:large, max-video-preview:-1\" \/>\n<link rel=\"canonical\" href=\"https:\/\/damekiu.com\/wp\/edicion-2025-de-la-olimpiada-nacional\/\" \/>\n<meta property=\"og:locale\" content=\"es_ES\" \/>\n<meta property=\"og:type\" content=\"article\" \/>\n<meta property=\"og:title\" content=\"Edici\u00f3n 2025 de la Olimp\u00edada Nacional - Dame Kiu\" \/>\n<meta property=\"og:description\" content=\"Yucat\u00e1n ser\u00e1 sede de nueve disciplinas deportivas en la edici\u00f3n 2025 de la Olimp\u00edada Nacional, anteriormente conocida como Nacionales Conade\" \/>\n<meta property=\"og:url\" content=\"https:\/\/damekiu.com\/wp\/edicion-2025-de-la-olimpiada-nacional\/\" \/>\n<meta property=\"og:site_name\" content=\"Dame Kiu\" \/>\n<meta property=\"article:published_time\" content=\"2025-03-27T17:13:09+00:00\" \/>\n<meta property=\"article:modified_time\" content=\"2025-03-27T17:19:25+00:00\" \/>\n<meta property=\"og:image\" content=\"https:\/\/damekiu.com\/wp\/wp-content\/uploads\/2025\/03\/Diseno-sin-titulo-27.png\" \/>\n\t<meta property=\"og:image:width\" content=\"1024\" \/>\n\t<meta property=\"og:image:height\" content=\"768\" \/>\n\t<meta property=\"og:image:type\" content=\"image\/png\" \/>\n<meta name=\"author\" content=\"Aixa Salinas\" \/>\n<meta name=\"twitter:card\" content=\"summary_large_image\" \/>\n<meta name=\"twitter:label1\" content=\"Escrito por\" \/>\n\t<meta name=\"twitter:data1\" content=\"Aixa Salinas\" \/>\n\t<meta name=\"twitter:label2\" content=\"Tiempo de lectura\" \/>\n\t<meta name=\"twitter:data2\" content=\"2 minutos\" \/>\n<script type=\"application\/ld+json\" class=\"yoast-schema-graph\">{\"@context\":\"https:\/\/schema.org\",\"@graph\":[{\"@type\":\"Article\",\"@id\":\"https:\/\/damekiu.com\/wp\/edicion-2025-de-la-olimpiada-nacional\/#article\",\"isPartOf\":{\"@id\":\"https:\/\/damekiu.com\/wp\/edicion-2025-de-la-olimpiada-nacional\/\"},\"author\":{\"name\":\"Aixa Salinas\",\"@id\":\"https:\/\/damekiu.com\/wp\/#\/schema\/person\/cf5ce35be8672581422487d4f937b90f\"},\"headline\":\"Edici\u00f3n 2025 de la Olimp\u00edada Nacional\",\"datePublished\":\"2025-03-27T17:13:09+00:00\",\"dateModified\":\"2025-03-27T17:19:25+00:00\",\"mainEntityOfPage\":{\"@id\":\"https:\/\/damekiu.com\/wp\/edicion-2025-de-la-olimpiada-nacional\/\"},\"wordCount\":369,\"commentCount\":0,\"image\":{\"@id\":\"https:\/\/damekiu.com\/wp\/edicion-2025-de-la-olimpiada-nacional\/#primaryimage\"},\"thumbnailUrl\":\"https:\/\/i0.wp.com\/damekiu.com\/wp\/wp-content\/uploads\/2025\/03\/Diseno-sin-titulo-27.png?fit=1024%2C768&ssl=1\",\"keywords\":[\"Celebridades mexicanas\",\"Dame Kiu\",\"M\u00e9xico\",\"Pol\u00edtica mexicana\"],\"articleSection\":[\"Deportes\"],\"inLanguage\":\"es\",\"potentialAction\":[{\"@type\":\"CommentAction\",\"name\":\"Comment\",\"target\":[\"https:\/\/damekiu.com\/wp\/edicion-2025-de-la-olimpiada-nacional\/#respond\"]}]},{\"@type\":\"WebPage\",\"@id\":\"https:\/\/damekiu.com\/wp\/edicion-2025-de-la-olimpiada-nacional\/\",\"url\":\"https:\/\/damekiu.com\/wp\/edicion-2025-de-la-olimpiada-nacional\/\",\"name\":\"Edici\u00f3n 2025 de la Olimp\u00edada Nacional - Dame Kiu\",\"isPartOf\":{\"@id\":\"https:\/\/damekiu.com\/wp\/#website\"},\"primaryImageOfPage\":{\"@id\":\"https:\/\/damekiu.com\/wp\/edicion-2025-de-la-olimpiada-nacional\/#primaryimage\"},\"image\":{\"@id\":\"https:\/\/damekiu.com\/wp\/edicion-2025-de-la-olimpiada-nacional\/#primaryimage\"},\"thumbnailUrl\":\"https:\/\/i0.wp.com\/damekiu.com\/wp\/wp-content\/uploads\/2025\/03\/Diseno-sin-titulo-27.png?fit=1024%2C768&ssl=1\",\"datePublished\":\"2025-03-27T17:13:09+00:00\",\"dateModified\":\"2025-03-27T17:19:25+00:00\",\"author\":{\"@id\":\"https:\/\/damekiu.com\/wp\/#\/schema\/person\/cf5ce35be8672581422487d4f937b90f\"},\"description\":\"Yucat\u00e1n ser\u00e1 sede de nueve disciplinas deportivas en la edici\u00f3n 2025 de la Olimp\u00edada Nacional, anteriormente conocida como Nacionales Conade\",\"breadcrumb\":{\"@id\":\"https:\/\/damekiu.com\/wp\/edicion-2025-de-la-olimpiada-nacional\/#breadcrumb\"},\"inLanguage\":\"es\",\"potentialAction\":[{\"@type\":\"ReadAction\",\"target\":[\"https:\/\/damekiu.com\/wp\/edicion-2025-de-la-olimpiada-nacional\/\"]}]},{\"@type\":\"ImageObject\",\"inLanguage\":\"es\",\"@id\":\"https:\/\/damekiu.com\/wp\/edicion-2025-de-la-olimpiada-nacional\/#primaryimage\",\"url\":\"https:\/\/i0.wp.com\/damekiu.com\/wp\/wp-content\/uploads\/2025\/03\/Diseno-sin-titulo-27.png?fit=1024%2C768&ssl=1\",\"contentUrl\":\"https:\/\/i0.wp.com\/damekiu.com\/wp\/wp-content\/uploads\/2025\/03\/Diseno-sin-titulo-27.png?fit=1024%2C768&ssl=1\",\"width\":1024,\"height\":768,\"caption\":\"Fuente: Gentlx\"},{\"@type\":\"BreadcrumbList\",\"@id\":\"https:\/\/damekiu.com\/wp\/edicion-2025-de-la-olimpiada-nacional\/#breadcrumb\",\"itemListElement\":[{\"@type\":\"ListItem\",\"position\":1,\"name\":\"Portada\",\"item\":\"https:\/\/damekiu.com\/wp\/\"},{\"@type\":\"ListItem\",\"position\":2,\"name\":\"Edici\u00f3n 2025 de la Olimp\u00edada Nacional\"}]},{\"@type\":\"WebSite\",\"@id\":\"https:\/\/damekiu.com\/wp\/#website\",\"url\":\"https:\/\/damekiu.com\/wp\/\",\"name\":\"Dame Kiu\",\"description\":\"Agencia Informativa digital \",\"potentialAction\":[{\"@type\":\"SearchAction\",\"target\":{\"@type\":\"EntryPoint\",\"urlTemplate\":\"https:\/\/damekiu.com\/wp\/?s={search_term_string}\"},\"query-input\":{\"@type\":\"PropertyValueSpecification\",\"valueRequired\":true,\"valueName\":\"search_term_string\"}}],\"inLanguage\":\"es\"},{\"@type\":\"Person\",\"@id\":\"https:\/\/damekiu.com\/wp\/#\/schema\/person\/cf5ce35be8672581422487d4f937b90f\",\"name\":\"Aixa Salinas\",\"image\":{\"@type\":\"ImageObject\",\"inLanguage\":\"es\",\"@id\":\"https:\/\/damekiu.com\/wp\/#\/schema\/person\/image\/\",\"url\":\"https:\/\/secure.gravatar.com\/avatar\/3db3940a67fa145465c22c93b213dba6a9538d27c6325b3b2edb6e8c4f80b73b?s=96&d=mm&r=g\",\"contentUrl\":\"https:\/\/secure.gravatar.com\/avatar\/3db3940a67fa145465c22c93b213dba6a9538d27c6325b3b2edb6e8c4f80b73b?s=96&d=mm&r=g\",\"caption\":\"Aixa Salinas\"},\"url\":\"https:\/\/damekiu.com\/wp\/author\/aixasalinas\/\"}]}<\/script>\n<!-- \/ Yoast SEO plugin. -->","yoast_head_json":{"title":"Edici\u00f3n 2025 de la Olimp\u00edada Nacional - Dame Kiu","description":"Yucat\u00e1n ser\u00e1 sede de nueve disciplinas deportivas en la edici\u00f3n 2025 de la Olimp\u00edada Nacional, anteriormente conocida como Nacionales Conade","robots":{"index":"index","follow":"follow","max-snippet":"max-snippet:-1","max-image-preview":"max-image-preview:large","max-video-preview":"max-video-preview:-1"},"canonical":"https:\/\/damekiu.com\/wp\/edicion-2025-de-la-olimpiada-nacional\/","og_locale":"es_ES","og_type":"article","og_title":"Edici\u00f3n 2025 de la Olimp\u00edada Nacional - Dame Kiu","og_description":"Yucat\u00e1n ser\u00e1 sede de nueve disciplinas deportivas en la edici\u00f3n 2025 de la Olimp\u00edada Nacional, anteriormente conocida como Nacionales Conade","og_url":"https:\/\/damekiu.com\/wp\/edicion-2025-de-la-olimpiada-nacional\/","og_site_name":"Dame Kiu","article_published_time":"2025-03-27T17:13:09+00:00","article_modified_time":"2025-03-27T17:19:25+00:00","og_image":[{"width":1024,"height":768,"url":"https:\/\/damekiu.com\/wp\/wp-content\/uploads\/2025\/03\/Diseno-sin-titulo-27.png","type":"image\/png"}],"author":"Aixa Salinas","twitter_card":"summary_large_image","twitter_misc":{"Escrito por":"Aixa Salinas","Tiempo de lectura":"2 minutos"},"schema":{"@context":"https:\/\/schema.org","@graph":[{"@type":"Article","@id":"https:\/\/damekiu.com\/wp\/edicion-2025-de-la-olimpiada-nacional\/#article","isPartOf":{"@id":"https:\/\/damekiu.com\/wp\/edicion-2025-de-la-olimpiada-nacional\/"},"author":{"name":"Aixa Salinas","@id":"https:\/\/damekiu.com\/wp\/#\/schema\/person\/cf5ce35be8672581422487d4f937b90f"},"headline":"Edici\u00f3n 2025 de la Olimp\u00edada Nacional","datePublished":"2025-03-27T17:13:09+00:00","dateModified":"2025-03-27T17:19:25+00:00","mainEntityOfPage":{"@id":"https:\/\/damekiu.com\/wp\/edicion-2025-de-la-olimpiada-nacional\/"},"wordCount":369,"commentCount":0,"image":{"@id":"https:\/\/damekiu.com\/wp\/edicion-2025-de-la-olimpiada-nacional\/#primaryimage"},"thumbnailUrl":"https:\/\/i0.wp.com\/damekiu.com\/wp\/wp-content\/uploads\/2025\/03\/Diseno-sin-titulo-27.png?fit=1024%2C768&ssl=1","keywords":["Celebridades mexicanas","Dame Kiu","M\u00e9xico","Pol\u00edtica mexicana"],"articleSection":["Deportes"],"inLanguage":"es","potentialAction":[{"@type":"CommentAction","name":"Comment","target":["https:\/\/damekiu.com\/wp\/edicion-2025-de-la-olimpiada-nacional\/#respond"]}]},{"@type":"WebPage","@id":"https:\/\/damekiu.com\/wp\/edicion-2025-de-la-olimpiada-nacional\/","url":"https:\/\/damekiu.com\/wp\/edicion-2025-de-la-olimpiada-nacional\/","name":"Edici\u00f3n 2025 de la Olimp\u00edada Nacional - Dame Kiu","isPartOf":{"@id":"https:\/\/damekiu.com\/wp\/#website"},"primaryImageOfPage":{"@id":"https:\/\/damekiu.com\/wp\/edicion-2025-de-la-olimpiada-nacional\/#primaryimage"},"image":{"@id":"https:\/\/damekiu.com\/wp\/edicion-2025-de-la-olimpiada-nacional\/#primaryimage"},"thumbnailUrl":"https:\/\/i0.wp.com\/damekiu.com\/wp\/wp-content\/uploads\/2025\/03\/Diseno-sin-titulo-27.png?fit=1024%2C768&ssl=1","datePublished":"2025-03-27T17:13:09+00:00","dateModified":"2025-03-27T17:19:25+00:00","author":{"@id":"https:\/\/damekiu.com\/wp\/#\/schema\/person\/cf5ce35be8672581422487d4f937b90f"},"description":"Yucat\u00e1n ser\u00e1 sede de nueve disciplinas deportivas en la edici\u00f3n 2025 de la Olimp\u00edada Nacional, anteriormente conocida como Nacionales Conade","breadcrumb":{"@id":"https:\/\/damekiu.com\/wp\/edicion-2025-de-la-olimpiada-nacional\/#breadcrumb"},"inLanguage":"es","potentialAction":[{"@type":"ReadAction","target":["https:\/\/damekiu.com\/wp\/edicion-2025-de-la-olimpiada-nacional\/"]}]},{"@type":"ImageObject","inLanguage":"es","@id":"https:\/\/damekiu.com\/wp\/edicion-2025-de-la-olimpiada-nacional\/#primaryimage","url":"https:\/\/i0.wp.com\/damekiu.com\/wp\/wp-content\/uploads\/2025\/03\/Diseno-sin-titulo-27.png?fit=1024%2C768&ssl=1","contentUrl":"https:\/\/i0.wp.com\/damekiu.com\/wp\/wp-content\/uploads\/2025\/03\/Diseno-sin-titulo-27.png?fit=1024%2C768&ssl=1","width":1024,"height":768,"caption":"Fuente: Gentlx"},{"@type":"BreadcrumbList","@id":"https:\/\/damekiu.com\/wp\/edicion-2025-de-la-olimpiada-nacional\/#breadcrumb","itemListElement":[{"@type":"ListItem","position":1,"name":"Portada","item":"https:\/\/damekiu.com\/wp\/"},{"@type":"ListItem","position":2,"name":"Edici\u00f3n 2025 de la Olimp\u00edada Nacional"}]},{"@type":"WebSite","@id":"https:\/\/damekiu.com\/wp\/#website","url":"https:\/\/damekiu.com\/wp\/","name":"Dame Kiu","description":"Agencia Informativa digital ","potentialAction":[{"@type":"SearchAction","target":{"@type":"EntryPoint","urlTemplate":"https:\/\/damekiu.com\/wp\/?s={search_term_string}"},"query-input":{"@type":"PropertyValueSpecification","valueRequired":true,"valueName":"search_term_string"}}],"inLanguage":"es"},{"@type":"Person","@id":"https:\/\/damekiu.com\/wp\/#\/schema\/person\/cf5ce35be8672581422487d4f937b90f","name":"Aixa Salinas","image":{"@type":"ImageObject","inLanguage":"es","@id":"https:\/\/damekiu.com\/wp\/#\/schema\/person\/image\/","url":"https:\/\/secure.gravatar.com\/avatar\/3db3940a67fa145465c22c93b213dba6a9538d27c6325b3b2edb6e8c4f80b73b?s=96&d=mm&r=g","contentUrl":"https:\/\/secure.gravatar.com\/avatar\/3db3940a67fa145465c22c93b213dba6a9538d27c6325b3b2edb6e8c4f80b73b?s=96&d=mm&r=g","caption":"Aixa Salinas"},"url":"https:\/\/damekiu.com\/wp\/author\/aixasalinas\/"}]}},"jetpack_featured_media_url":"https:\/\/i0.wp.com\/damekiu.com\/wp\/wp-content\/uploads\/2025\/03\/Diseno-sin-titulo-27.png?fit=1024%2C768&ssl=1","jetpack_sharing_enabled":true,"jetpack-related-posts":[{"id":9340,"url":"https:\/\/damekiu.com\/wp\/rodrigo-pacheco-avanzo-a-los-cuartos-de-final-del-abierto-mexicano-de-tenis\/","url_meta":{"origin":9760,"position":0},"title":"Rodrigo Pacheco avanz\u00f3 a los cuartos de final del Abierto Mexicano de Tenis","author":"Ren\u00e9 Guti\u00e9rrez","date":"febrero 26, 2025","format":false,"excerpt":"En una destacada actuaci\u00f3n en las canchas de Acapulco, el joven tenista mexicano Rodrigo Pacheco avanz\u00f3 a los cuartos de final del Abierto Mexicano de Tenis, y logr\u00f3 una haza\u00f1a que no se ve\u00eda desde hace m\u00e1s de una d\u00e9cada en el tenis nacional. Pacheco, originario de Yucat\u00e1n y con\u2026","rel":"","context":"En \u00abDeportes\u00bb","block_context":{"text":"Deportes","link":"https:\/\/damekiu.com\/wp\/category\/deportes\/"},"img":{"alt_text":"Rodrigo Pacheco avanz\u00f3 a los cuartos de final del Abierto Mexicano de Tenis","src":"https:\/\/i0.wp.com\/damekiu.com\/wp\/wp-content\/uploads\/2025\/02\/roror.png?fit=1024%2C768&ssl=1&resize=350%2C200","width":350,"height":200,"srcset":"https:\/\/i0.wp.com\/damekiu.com\/wp\/wp-content\/uploads\/2025\/02\/roror.png?fit=1024%2C768&ssl=1&resize=350%2C200 1x, https:\/\/i0.wp.com\/damekiu.com\/wp\/wp-content\/uploads\/2025\/02\/roror.png?fit=1024%2C768&ssl=1&resize=525%2C300 1.5x, https:\/\/i0.wp.com\/damekiu.com\/wp\/wp-content\/uploads\/2025\/02\/roror.png?fit=1024%2C768&ssl=1&resize=700%2C400 2x"},"classes":[]},{"id":1544,"url":"https:\/\/damekiu.com\/wp\/voto-en-el-extranjero\/","url_meta":{"origin":9760,"position":1},"title":"\u00bfC\u00f3mo es el voto en el extranjero?","author":"Trabis Mu\u00f1oz","date":"junio 2, 2024","format":false,"excerpt":"Los mexicanos que se encuentren en territorio americano podr\u00e1n votar directamente en cualquiera de los m\u00f3dulos oficiales de los consulados de M\u00e9xico que se encuentran en todo Estados Unidos, a esto se le llama voto en el extranjero. Todos los ciudadanos mayores de 18 a\u00f1os, que cuenten con su Credencial\u2026","rel":"","context":"En \u00abPol\u00edtica\u00bb","block_context":{"text":"Pol\u00edtica","link":"https:\/\/damekiu.com\/wp\/category\/politica\/"},"img":{"alt_text":"voto en el extranjero","src":"https:\/\/i0.wp.com\/damekiu.com\/wp\/wp-content\/uploads\/2024\/06\/INETV.jpg?fit=1024%2C768&ssl=1&resize=350%2C200","width":350,"height":200,"srcset":"https:\/\/i0.wp.com\/damekiu.com\/wp\/wp-content\/uploads\/2024\/06\/INETV.jpg?fit=1024%2C768&ssl=1&resize=350%2C200 1x, https:\/\/i0.wp.com\/damekiu.com\/wp\/wp-content\/uploads\/2024\/06\/INETV.jpg?fit=1024%2C768&ssl=1&resize=525%2C300 1.5x, https:\/\/i0.wp.com\/damekiu.com\/wp\/wp-content\/uploads\/2024\/06\/INETV.jpg?fit=1024%2C768&ssl=1&resize=700%2C400 2x"},"classes":[]},{"id":1595,"url":"https:\/\/damekiu.com\/wp\/mexico-gana-primer-partido-de-preparacion\/","url_meta":{"origin":9760,"position":2},"title":"M\u00e9xico gana primer partido de preparaci\u00f3n con la Sub-23","author":"Diego Padilla","date":"junio 1, 2024","format":false,"excerpt":"M\u00e9xico gana primer partido de preparaci\u00f3n frente a Bolivia, el que ser\u00e1 el primero de los 3 partidos que tendr\u00e1n de cara a la Copa Am\u00e9rica 2024 que dar\u00e1 inicio el 20 Junio con la campeona del mundo enfrentando a Canad\u00e1. Con la mayor\u00eda de la selecci\u00f3n Sub-23, el equipo\u2026","rel":"","context":"En \u00abDeportes\u00bb","block_context":{"text":"Deportes","link":"https:\/\/damekiu.com\/wp\/category\/deportes\/"},"img":{"alt_text":"M\u00e9xico gana primer partido de preparaci\u00f3n","src":"https:\/\/damekiu.com\/wp\/wp-content\/uploads\/2024\/06\/6X5KPXAKN5ERXHWSF2DZ2YQTOI.avif","width":350,"height":200,"srcset":"https:\/\/damekiu.com\/wp\/wp-content\/uploads\/2024\/06\/6X5KPXAKN5ERXHWSF2DZ2YQTOI.avif 1x, https:\/\/damekiu.com\/wp\/wp-content\/uploads\/2024\/06\/6X5KPXAKN5ERXHWSF2DZ2YQTOI.avif 1.5x, https:\/\/damekiu.com\/wp\/wp-content\/uploads\/2024\/06\/6X5KPXAKN5ERXHWSF2DZ2YQTOI.avif 2x, https:\/\/damekiu.com\/wp\/wp-content\/uploads\/2024\/06\/6X5KPXAKN5ERXHWSF2DZ2YQTOI.avif 3x"},"classes":[]},{"id":8723,"url":"https:\/\/damekiu.com\/wp\/una-nueva-era-de-tenistas-en-mexico\/","url_meta":{"origin":9760,"position":3},"title":"Renata Zaraz\u00faa: inspiraci\u00f3n para una nueva era de tenistas en M\u00e9xico","author":"Ren\u00e9 Guti\u00e9rrez","date":"febrero 5, 2025","format":false,"excerpt":"Renata Zaraz\u00faa se ha convertido en una referente del tenis mexicano en la actualidad. A sus 27 a\u00f1os ya ha logrado ser una inspiraci\u00f3n para una nueva era de tenistas en M\u00e9xico, pues su ascenso en el circuito profesional, combinado con su carisma y determinaci\u00f3n, la han posicionado como una\u2026","rel":"","context":"En \u00abDeportes\u00bb","block_context":{"text":"Deportes","link":"https:\/\/damekiu.com\/wp\/category\/deportes\/"},"img":{"alt_text":"una nueva era de tenistas en M\u00e9xico","src":"https:\/\/i0.wp.com\/damekiu.com\/wp\/wp-content\/uploads\/2025\/02\/zarazua-.png?fit=1024%2C768&ssl=1&resize=350%2C200","width":350,"height":200,"srcset":"https:\/\/i0.wp.com\/damekiu.com\/wp\/wp-content\/uploads\/2025\/02\/zarazua-.png?fit=1024%2C768&ssl=1&resize=350%2C200 1x, https:\/\/i0.wp.com\/damekiu.com\/wp\/wp-content\/uploads\/2025\/02\/zarazua-.png?fit=1024%2C768&ssl=1&resize=525%2C300 1.5x, https:\/\/i0.wp.com\/damekiu.com\/wp\/wp-content\/uploads\/2025\/02\/zarazua-.png?fit=1024%2C768&ssl=1&resize=700%2C400 2x"},"classes":[]},{"id":3444,"url":"https:\/\/damekiu.com\/wp\/conciertos-en-el-palacio-de-los-deportes\/","url_meta":{"origin":9760,"position":4},"title":"Pr\u00f3ximos conciertos en el Palacio de los Deportes","author":"Emilio F. Uribe","date":"julio 11, 2024","format":false,"excerpt":"Ma\u00f1ana DLD, el s\u00e1bado Los Bunkers; habr\u00e1 grandes conciertos en el Palacio de los Deportes de forma consecutiva. El Palacio de los Deportes recibe m\u00faltiples fechas de diferentes tipos de eventos a lo largo del a\u00f1o, tan solo de aqu\u00ed al 7 de diciembre habr\u00e1 31 eventos, la mayor\u00eda, conciertos,\u2026","rel":"","context":"En \u00abEspect\u00e1culos\u00bb","block_context":{"text":"Espect\u00e1culos","link":"https:\/\/damekiu.com\/wp\/category\/espectaculos\/"},"img":{"alt_text":"Conciertos en el Palacio de los Deportes","src":"https:\/\/i0.wp.com\/damekiu.com\/wp\/wp-content\/uploads\/2024\/07\/Untitled-design-1.jpg?fit=1024%2C768&ssl=1&resize=350%2C200","width":350,"height":200,"srcset":"https:\/\/i0.wp.com\/damekiu.com\/wp\/wp-content\/uploads\/2024\/07\/Untitled-design-1.jpg?fit=1024%2C768&ssl=1&resize=350%2C200 1x, https:\/\/i0.wp.com\/damekiu.com\/wp\/wp-content\/uploads\/2024\/07\/Untitled-design-1.jpg?fit=1024%2C768&ssl=1&resize=525%2C300 1.5x, https:\/\/i0.wp.com\/damekiu.com\/wp\/wp-content\/uploads\/2024\/07\/Untitled-design-1.jpg?fit=1024%2C768&ssl=1&resize=700%2C400 2x"},"classes":[]},{"id":3987,"url":"https:\/\/damekiu.com\/wp\/mexico-en-los-juegos-olimpicos\/","url_meta":{"origin":9760,"position":5},"title":"M\u00e9xico en los Juegos Ol\u00edmpicos","author":"Karen G. Zamudio","date":"julio 25, 2024","format":false,"excerpt":"Tenemos los Juegos Ol\u00edmpicos de Par\u00eds 2024 y, junto con ellos, a todos los deportistas mexicanos listos para triunfar. Los precedentes al gran evento deportivo demuestran c\u00f3mo M\u00e9xico puede competir en varias de las disciplinas que se estar\u00e1n presentando en los JJ. OO. Tal y como es el caso de\u2026","rel":"","context":"En \u00abDeportes\u00bb","block_context":{"text":"Deportes","link":"https:\/\/damekiu.com\/wp\/category\/deportes\/"},"img":{"alt_text":"","src":"https:\/\/i0.wp.com\/damekiu.com\/wp\/wp-content\/uploads\/2024\/07\/ca-times.brightspotcdn.webp?fit=1200%2C789&ssl=1&resize=350%2C200","width":350,"height":200,"srcset":"https:\/\/i0.wp.com\/damekiu.com\/wp\/wp-content\/uploads\/2024\/07\/ca-times.brightspotcdn.webp?fit=1200%2C789&ssl=1&resize=350%2C200 1x, https:\/\/i0.wp.com\/damekiu.com\/wp\/wp-content\/uploads\/2024\/07\/ca-times.brightspotcdn.webp?fit=1200%2C789&ssl=1&resize=525%2C300 1.5x, https:\/\/i0.wp.com\/damekiu.com\/wp\/wp-content\/uploads\/2024\/07\/ca-times.brightspotcdn.webp?fit=1200%2C789&ssl=1&resize=700%2C400 2x, https:\/\/i0.wp.com\/damekiu.com\/wp\/wp-content\/uploads\/2024\/07\/ca-times.brightspotcdn.webp?fit=1200%2C789&ssl=1&resize=1050%2C600 3x"},"classes":[]}],"_links":{"self":[{"href":"https:\/\/damekiu.com\/wp\/wp-json\/wp\/v2\/posts\/9760","targetHints":{"allow":["GET"]}}],"collection":[{"href":"https:\/\/damekiu.com\/wp\/wp-json\/wp\/v2\/posts"}],"about":[{"href":"https:\/\/damekiu.com\/wp\/wp-json\/wp\/v2\/types\/post"}],"author":[{"embeddable":true,"href":"https:\/\/damekiu.com\/wp\/wp-json\/wp\/v2\/users\/6"}],"replies":[{"embeddable":true,"href":"https:\/\/damekiu.com\/wp\/wp-json\/wp\/v2\/comments?post=9760"}],"version-history":[{"count":2,"href":"https:\/\/damekiu.com\/wp\/wp-json\/wp\/v2\/posts\/9760\/revisions"}],"predecessor-version":[{"id":9775,"href":"https:\/\/damekiu.com\/wp\/wp-json\/wp\/v2\/posts\/9760\/revisions\/9775"}],"wp:featuredmedia":[{"embeddable":true,"href":"https:\/\/damekiu.com\/wp\/wp-json\/wp\/v2\/media\/9770"}],"wp:attachment":[{"href":"https:\/\/damekiu.com\/wp\/wp-json\/wp\/v2\/media?parent=9760"}],"wp:term":[{"taxonomy":"category","embeddable":true,"href":"https:\/\/damekiu.com\/wp\/wp-json\/wp\/v2\/categories?post=9760"},{"taxonomy":"post_tag","embeddable":true,"href":"https:\/\/damekiu.com\/wp\/wp-json\/wp\/v2\/tags?post=9760"}],"curies":[{"name":"wp","href":"https:\/\/api.w.org\/{rel}","templated":true}]}}