{"id":9226,"date":"2025-02-21T14:52:57","date_gmt":"2025-02-21T20:52:57","guid":{"rendered":"https:\/\/damekiu.com\/wp\/?p=9226"},"modified":"2025-02-21T14:52:57","modified_gmt":"2025-02-21T20:52:57","slug":"seleccion-femenil-de-mexico-vs-canada","status":"publish","type":"post","link":"https:\/\/damekiu.com\/wp\/seleccion-femenil-de-mexico-vs-canada\/","title":{"rendered":"Selecci\u00f3n Femenil de M\u00e9xico vs Canad\u00e1 en la Pinatar Cup"},"content":{"rendered":"<p><span style=\"font-weight: 400;\"><strong>La <a href=\"https:\/\/damekiu.com\/wp\/debut-de-la-seleccion-femenil-de-mexico-en-la-pinatar-cup\/\">Selecci\u00f3n Nacional Femenil de M\u00e9xico<\/a> vs Canad\u00e1, se jugar\u00e1 en la 2da Jornada de la Pinatar Cup.<\/strong> <strong>M\u00e9xico<\/strong> viene de una contundente <strong>victoria por marcador de 4-0 frente a China Taip\u00e9i,<\/strong> mientras que <strong>Canad\u00e1 viene de empatar a 1 gol con China<\/strong>.<\/span><\/p>\n<p><span style=\"font-weight: 400;\">Al respecto el entrenador <\/span><span><b>Pedro L\u00f3pez <\/b><\/span><span style=\"font-weight: 400;\">y la jugadora de Tigres Femenil, <\/span><span><b>Greta Espinoza<\/b><\/span><span style=\"font-weight: 400;\">\u00a0hablaron previo al partido, el entrenador mencion\u00f3:\u00a0<\/span><\/p>\n<p><span style=\"font-weight: 400;\">\u201c<strong>Es un reto, siempre es ilusionante poder jugar contra un equipo que est\u00e1 entre los mejores del mundo. Tambi\u00e9n seguimos a jugadoras que est\u00e1n en liga Inglesa, en donde son protagonistas<\/strong>, no es un partido en el cual vayamos a salir a defender, es un partido donde queremos mostrar nuestras armas y nos sentimos capaces, lo vemos como una oportunidad para mostrarnos y sacar un buen resultado\u201d .<\/span><\/p>\n<p><span style=\"font-weight: 400;\">Mientras que la jugadora Greta Espinoza, declar\u00f3 previo al encuentro de la\u00a0Selecci\u00f3n Femenil de M\u00e9xico vs Canad\u00e1: <strong>\u201cHay que partir desde el orden, ya que sabe que las canadienses son una selecci\u00f3n muy f\u00edsica<\/strong>, puesto que tambi\u00e9n el orden va a ayudar a ganar duelos\u201d<\/span><\/p>\n<blockquote class=\"twitter-tweet\">\n<p dir=\"ltr\" lang=\"es\">Todo listo para el duelo vs. Canad\u00e1. \u2705<\/p>\n<p>Nos vemos aqu\u00ed ma\u00f1ana \ud83d\udc47\ud83c\udffc<a href=\"https:\/\/t.co\/BVzQ9t6IsY\">https:\/\/t.co\/BVzQ9t6IsY<\/a><a href=\"https:\/\/twitter.com\/hashtag\/LaFemenilDondeSea?src=hash&amp;ref_src=twsrc%5Etfw\">#LaFemenilDondeSea<\/a> <a href=\"https:\/\/t.co\/bLnGIlhacr\">pic.twitter.com\/bLnGIlhacr<\/a><\/p>\n<p>\u2014 Selecci\u00f3n Nacional de M\u00e9xico Femenil (@Miseleccionfem) <a href=\"https:\/\/twitter.com\/Miseleccionfem\/status\/1893013783888486898?ref_src=twsrc%5Etfw\">February 21, 2025<\/a><\/p><\/blockquote>\n<p><script async src=\"https:\/\/platform.twitter.com\/widgets.js\" charset=\"utf-8\"><\/script><br \/>\n<span style=\"font-weight: 400;\">As\u00ed como tambi\u00e9n a\u00f1adi\u00f3 sobre su convocatoria:\u201cToda jugadora quiere representar a su pa\u00eds, <\/span><span><b>estoy muy contenta, muy ilusionada y motivada de seguir trabajando para seguir estando en la selecci\u00f3n<\/b><\/span><span style=\"font-weight: 400;\">\u201d<\/span><\/p>\n<p><span style=\"font-weight: 400;\">Ahora, <\/span><span><b>el Director T\u00e9cnico tambi\u00e9n habl\u00f3 sobre la primera convocatoria de Aaliya Farmer,<\/b><\/span><span style=\"font-weight: 400;\"> jugadora de Tigres de 21 a\u00f1os: \u201cEs una jugadora que me ha llamado mucho la atenci\u00f3n por sus cualidades, tanto para jugar de central como de centrocampista, como contenci\u00f3n. <\/span><span><b>Es una jugadora que a pesar de ser alta, es coordinada en sus movimientos \u00a0se le ve que siempre en la cancha est\u00e1 percibiendo, que es capaz de tomar buenas decisiones para jugar en ataque<\/b><\/span><span style=\"font-weight: 400;\">, tanto de central como de centrocampista.\u201d\u00a0\u00a0\u00a0<\/span><\/p>\n<p><span><b>\u201cLa eh visto bien en duelos a\u00e9reos, Farmer tambi\u00e9n gana ese tipo de duelos como su compa\u00f1era Greta<\/b><\/span><span style=\"font-weight: 400;\"> y es r\u00e1pida a pesar de que es de zancada grande, se le ve correr muy \u00e1gil.\u00a0<\/span>Entonces, si eso le sumamos que es una jugadora de 21 a\u00f1os, quer\u00eda incorporarla lo antes posible al equipo, para poder verla con el grupo, porque <b>siento que tiene mucha proyecci\u00f3n\u201d<\/b>.<\/p>\n<p>Tambi\u00e9n <b>respecto al mundial femenil,<\/b> el entrenador Pedro L\u00f3pez declar\u00f3: \u201cyo creo que ya conozco a todas las futbolistas mexicanas, entiendo mucho mejor las caracter\u00edsticas del f\u00fatbol mexicano. <b>Han sido dos a\u00f1os de mucho trabajo, mucho crecimiento, sinceramente pensaba que \u00edbamos a ir mejor, soy exigente<\/b>, estoy pendiente de muchos detalles y yo pienso que despu\u00e9s de dos a\u00f1os podr\u00edamos jugar mejor a\u00fan, pero luego cuando analizo cada momento de juego y veo c\u00f3mo est\u00e1bamos cuando empezamos y c\u00f3mo estamos ahora si veo una mejor\u00eda\u201d.<\/p>\n<p><span><b>Pero, \u00bfd\u00f3nde podremos ver el partido entre la Selecci\u00f3n Nacional Femenil de M\u00e9xico vs Canad\u00e1?<\/b><\/span><\/p>\n<p><span style=\"font-weight: 400;\">Dar\u00e1 inici\u00f3 en punto de las 12 hrs (Tiempo de M\u00e9xico), se jugar\u00e1 en la Pinatar Arena Football Center de Murcia, Espa\u00f1a y se podr\u00e1 seguir por las redes sociales de la Selecci\u00f3n Mexicana.<\/span><\/p>\n<p>&nbsp;<\/p>\n","protected":false},"excerpt":{"rendered":"<p>La Selecci\u00f3n Nacional Femenil de M\u00e9xico vs Canad\u00e1, se jugar\u00e1 en la 2da Jornada de la Pinatar Cup. M\u00e9xico viene<\/p>\n","protected":false},"author":21,"featured_media":9229,"comment_status":"open","ping_status":"open","sticky":false,"template":"","format":"standard","meta":{"colormag_page_container_layout":"default_layout","colormag_page_sidebar_layout":"default_layout","_jetpack_memberships_contains_paid_content":false,"footnotes":""},"categories":[49],"tags":[507,157,110,158],"class_list":["post-9226","post","type-post","status-publish","format-standard","has-post-thumbnail","hentry","category-deportes","tag-futbol","tag-futbol-soccer","tag-mexico","tag-seleccion-mexicana"],"magazineBlocksPostFeaturedMedia":{"thumbnail":"https:\/\/i0.wp.com\/damekiu.com\/wp\/wp-content\/uploads\/2025\/02\/199A4FCC-922A-4F0D-82DA-0790299B6370-scaled.jpeg?resize=150%2C150&ssl=1","medium":"https:\/\/i0.wp.com\/damekiu.com\/wp\/wp-content\/uploads\/2025\/02\/199A4FCC-922A-4F0D-82DA-0790299B6370-scaled.jpeg?fit=300%2C200&ssl=1","medium_large":"https:\/\/i0.wp.com\/damekiu.com\/wp\/wp-content\/uploads\/2025\/02\/199A4FCC-922A-4F0D-82DA-0790299B6370-scaled.jpeg?fit=768%2C512&ssl=1","large":"https:\/\/i0.wp.com\/damekiu.com\/wp\/wp-content\/uploads\/2025\/02\/199A4FCC-922A-4F0D-82DA-0790299B6370-scaled.jpeg?fit=800%2C534&ssl=1","1536x1536":"https:\/\/i0.wp.com\/damekiu.com\/wp\/wp-content\/uploads\/2025\/02\/199A4FCC-922A-4F0D-82DA-0790299B6370-scaled.jpeg?fit=1536%2C1024&ssl=1","2048x2048":"https:\/\/i0.wp.com\/damekiu.com\/wp\/wp-content\/uploads\/2025\/02\/199A4FCC-922A-4F0D-82DA-0790299B6370-scaled.jpeg?fit=2048%2C1365&ssl=1","colormag-highlighted-post":"https:\/\/i0.wp.com\/damekiu.com\/wp\/wp-content\/uploads\/2025\/02\/199A4FCC-922A-4F0D-82DA-0790299B6370-scaled.jpeg?resize=392%2C272&ssl=1","colormag-featured-post-medium":"https:\/\/i0.wp.com\/damekiu.com\/wp\/wp-content\/uploads\/2025\/02\/199A4FCC-922A-4F0D-82DA-0790299B6370-scaled.jpeg?resize=390%2C205&ssl=1","colormag-featured-post-small":"https:\/\/i0.wp.com\/damekiu.com\/wp\/wp-content\/uploads\/2025\/02\/199A4FCC-922A-4F0D-82DA-0790299B6370-scaled.jpeg?resize=130%2C90&ssl=1","colormag-featured-image":"https:\/\/i0.wp.com\/damekiu.com\/wp\/wp-content\/uploads\/2025\/02\/199A4FCC-922A-4F0D-82DA-0790299B6370-scaled.jpeg?resize=800%2C445&ssl=1","colormag-default-news":"https:\/\/i0.wp.com\/damekiu.com\/wp\/wp-content\/uploads\/2025\/02\/199A4FCC-922A-4F0D-82DA-0790299B6370-scaled.jpeg?resize=150%2C150&ssl=1","colormag-featured-image-large":"https:\/\/i0.wp.com\/damekiu.com\/wp\/wp-content\/uploads\/2025\/02\/199A4FCC-922A-4F0D-82DA-0790299B6370-scaled.jpeg?resize=1400%2C600&ssl=1"},"magazineBlocksPostAuthor":{"name":"Rafa Rodr\u00edguez","avatar":"https:\/\/secure.gravatar.com\/avatar\/3b03a757cce839dfcbd048fc5c2c56a4eb9ad1849c7471ee2315ba901c9c7cbe?s=96&d=mm&r=g"},"magazineBlocksPostCommentsNumber":"0","magazineBlocksPostExcerpt":"La Selecci\u00f3n Nacional Femenil de M\u00e9xico vs Canad\u00e1, se jugar\u00e1 en la 2da Jornada de la Pinatar Cup. M\u00e9xico viene","magazineBlocksPostCategories":["Deportes"],"magazineBlocksPostViewCount":669,"magazineBlocksPostReadTime":3,"magazine_blocks_featured_image_url":{"full":["https:\/\/i0.wp.com\/damekiu.com\/wp\/wp-content\/uploads\/2025\/02\/199A4FCC-922A-4F0D-82DA-0790299B6370-scaled.jpeg?fit=2560%2C1707&ssl=1",2560,1707,false],"medium":["https:\/\/i0.wp.com\/damekiu.com\/wp\/wp-content\/uploads\/2025\/02\/199A4FCC-922A-4F0D-82DA-0790299B6370-scaled.jpeg?fit=300%2C200&ssl=1",300,200,true],"thumbnail":["https:\/\/i0.wp.com\/damekiu.com\/wp\/wp-content\/uploads\/2025\/02\/199A4FCC-922A-4F0D-82DA-0790299B6370-scaled.jpeg?resize=150%2C150&ssl=1",150,150,true]},"magazine_blocks_author":{"display_name":"Rafa Rodr\u00edguez","author_link":"https:\/\/damekiu.com\/wp\/author\/rafardz\/"},"magazine_blocks_comment":0,"magazine_blocks_author_image":"https:\/\/secure.gravatar.com\/avatar\/3b03a757cce839dfcbd048fc5c2c56a4eb9ad1849c7471ee2315ba901c9c7cbe?s=96&d=mm&r=g","magazine_blocks_category":"<a href=\"#\" class=\"category-link category-link-49\">Deportes<\/a>","yoast_head":"<!-- This site is optimized with the Yoast SEO plugin v27.1.1 - https:\/\/yoast.com\/product\/yoast-seo-wordpress\/ -->\n<title>Selecci\u00f3n Femenil de M\u00e9xico vs Canad\u00e1 en la Pinatar Cup - Dame Kiu<\/title>\n<meta name=\"description\" content=\"La Selecci\u00f3n Nacional Femenil de M\u00e9xico vs Canad\u00e1 se jugar\u00e1 el 2do partido de la Pinatar Cup, todos los detalles aqu\u00ed\" \/>\n<meta name=\"robots\" content=\"index, follow, max-snippet:-1, max-image-preview:large, max-video-preview:-1\" \/>\n<link rel=\"canonical\" href=\"https:\/\/damekiu.com\/wp\/seleccion-femenil-de-mexico-vs-canada\/\" \/>\n<meta property=\"og:locale\" content=\"es_ES\" \/>\n<meta property=\"og:type\" content=\"article\" \/>\n<meta property=\"og:title\" content=\"Selecci\u00f3n Femenil de M\u00e9xico vs Canad\u00e1 en la Pinatar Cup - Dame Kiu\" \/>\n<meta property=\"og:description\" content=\"La Selecci\u00f3n Nacional Femenil de M\u00e9xico vs Canad\u00e1 se jugar\u00e1 el 2do partido de la Pinatar Cup, todos los detalles aqu\u00ed\" \/>\n<meta property=\"og:url\" content=\"https:\/\/damekiu.com\/wp\/seleccion-femenil-de-mexico-vs-canada\/\" \/>\n<meta property=\"og:site_name\" content=\"Dame Kiu\" \/>\n<meta property=\"article:published_time\" content=\"2025-02-21T20:52:57+00:00\" \/>\n<meta property=\"og:image\" content=\"https:\/\/damekiu.com\/wp\/wp-content\/uploads\/2025\/02\/199A4FCC-922A-4F0D-82DA-0790299B6370-scaled.jpeg\" \/>\n\t<meta property=\"og:image:width\" content=\"2560\" \/>\n\t<meta property=\"og:image:height\" content=\"1707\" \/>\n\t<meta property=\"og:image:type\" content=\"image\/jpeg\" \/>\n<meta name=\"author\" content=\"Rafa Rodr\u00edguez\" \/>\n<meta name=\"twitter:card\" content=\"summary_large_image\" \/>\n<meta name=\"twitter:label1\" content=\"Escrito por\" \/>\n\t<meta name=\"twitter:data1\" content=\"Rafa Rodr\u00edguez\" \/>\n\t<meta name=\"twitter:label2\" content=\"Tiempo de lectura\" \/>\n\t<meta name=\"twitter:data2\" content=\"3 minutos\" \/>\n<script type=\"application\/ld+json\" class=\"yoast-schema-graph\">{\"@context\":\"https:\/\/schema.org\",\"@graph\":[{\"@type\":\"Article\",\"@id\":\"https:\/\/damekiu.com\/wp\/seleccion-femenil-de-mexico-vs-canada\/#article\",\"isPartOf\":{\"@id\":\"https:\/\/damekiu.com\/wp\/seleccion-femenil-de-mexico-vs-canada\/\"},\"author\":{\"name\":\"Rafa Rodr\u00edguez\",\"@id\":\"https:\/\/damekiu.com\/wp\/#\/schema\/person\/f7f7a78abd8b7ca4da529e7424250b1e\"},\"headline\":\"Selecci\u00f3n Femenil de M\u00e9xico vs Canad\u00e1 en la Pinatar Cup\",\"datePublished\":\"2025-02-21T20:52:57+00:00\",\"mainEntityOfPage\":{\"@id\":\"https:\/\/damekiu.com\/wp\/seleccion-femenil-de-mexico-vs-canada\/\"},\"wordCount\":578,\"commentCount\":0,\"image\":{\"@id\":\"https:\/\/damekiu.com\/wp\/seleccion-femenil-de-mexico-vs-canada\/#primaryimage\"},\"thumbnailUrl\":\"https:\/\/i0.wp.com\/damekiu.com\/wp\/wp-content\/uploads\/2025\/02\/199A4FCC-922A-4F0D-82DA-0790299B6370-scaled.jpeg?fit=2560%2C1707&ssl=1\",\"keywords\":[\"F\u00fatbol\",\"Futbol Soccer\",\"M\u00e9xico\",\"Selecci\u00f3n Mexicana\"],\"articleSection\":[\"Deportes\"],\"inLanguage\":\"es\",\"potentialAction\":[{\"@type\":\"CommentAction\",\"name\":\"Comment\",\"target\":[\"https:\/\/damekiu.com\/wp\/seleccion-femenil-de-mexico-vs-canada\/#respond\"]}]},{\"@type\":\"WebPage\",\"@id\":\"https:\/\/damekiu.com\/wp\/seleccion-femenil-de-mexico-vs-canada\/\",\"url\":\"https:\/\/damekiu.com\/wp\/seleccion-femenil-de-mexico-vs-canada\/\",\"name\":\"Selecci\u00f3n Femenil de M\u00e9xico vs Canad\u00e1 en la Pinatar Cup - Dame Kiu\",\"isPartOf\":{\"@id\":\"https:\/\/damekiu.com\/wp\/#website\"},\"primaryImageOfPage\":{\"@id\":\"https:\/\/damekiu.com\/wp\/seleccion-femenil-de-mexico-vs-canada\/#primaryimage\"},\"image\":{\"@id\":\"https:\/\/damekiu.com\/wp\/seleccion-femenil-de-mexico-vs-canada\/#primaryimage\"},\"thumbnailUrl\":\"https:\/\/i0.wp.com\/damekiu.com\/wp\/wp-content\/uploads\/2025\/02\/199A4FCC-922A-4F0D-82DA-0790299B6370-scaled.jpeg?fit=2560%2C1707&ssl=1\",\"datePublished\":\"2025-02-21T20:52:57+00:00\",\"author\":{\"@id\":\"https:\/\/damekiu.com\/wp\/#\/schema\/person\/f7f7a78abd8b7ca4da529e7424250b1e\"},\"description\":\"La Selecci\u00f3n Nacional Femenil de M\u00e9xico vs Canad\u00e1 se jugar\u00e1 el 2do partido de la Pinatar Cup, todos los detalles aqu\u00ed\",\"breadcrumb\":{\"@id\":\"https:\/\/damekiu.com\/wp\/seleccion-femenil-de-mexico-vs-canada\/#breadcrumb\"},\"inLanguage\":\"es\",\"potentialAction\":[{\"@type\":\"ReadAction\",\"target\":[\"https:\/\/damekiu.com\/wp\/seleccion-femenil-de-mexico-vs-canada\/\"]}]},{\"@type\":\"ImageObject\",\"inLanguage\":\"es\",\"@id\":\"https:\/\/damekiu.com\/wp\/seleccion-femenil-de-mexico-vs-canada\/#primaryimage\",\"url\":\"https:\/\/i0.wp.com\/damekiu.com\/wp\/wp-content\/uploads\/2025\/02\/199A4FCC-922A-4F0D-82DA-0790299B6370-scaled.jpeg?fit=2560%2C1707&ssl=1\",\"contentUrl\":\"https:\/\/i0.wp.com\/damekiu.com\/wp\/wp-content\/uploads\/2025\/02\/199A4FCC-922A-4F0D-82DA-0790299B6370-scaled.jpeg?fit=2560%2C1707&ssl=1\",\"width\":2560,\"height\":1707,\"caption\":\"Selecci\u00f3n Nacional Femenil de M\u00e9xico\"},{\"@type\":\"BreadcrumbList\",\"@id\":\"https:\/\/damekiu.com\/wp\/seleccion-femenil-de-mexico-vs-canada\/#breadcrumb\",\"itemListElement\":[{\"@type\":\"ListItem\",\"position\":1,\"name\":\"Portada\",\"item\":\"https:\/\/damekiu.com\/wp\/\"},{\"@type\":\"ListItem\",\"position\":2,\"name\":\"Selecci\u00f3n Femenil de M\u00e9xico vs Canad\u00e1 en la Pinatar Cup\"}]},{\"@type\":\"WebSite\",\"@id\":\"https:\/\/damekiu.com\/wp\/#website\",\"url\":\"https:\/\/damekiu.com\/wp\/\",\"name\":\"Dame Kiu\",\"description\":\"Agencia Informativa digital \",\"potentialAction\":[{\"@type\":\"SearchAction\",\"target\":{\"@type\":\"EntryPoint\",\"urlTemplate\":\"https:\/\/damekiu.com\/wp\/?s={search_term_string}\"},\"query-input\":{\"@type\":\"PropertyValueSpecification\",\"valueRequired\":true,\"valueName\":\"search_term_string\"}}],\"inLanguage\":\"es\"},{\"@type\":\"Person\",\"@id\":\"https:\/\/damekiu.com\/wp\/#\/schema\/person\/f7f7a78abd8b7ca4da529e7424250b1e\",\"name\":\"Rafa Rodr\u00edguez\",\"image\":{\"@type\":\"ImageObject\",\"inLanguage\":\"es\",\"@id\":\"https:\/\/damekiu.com\/wp\/#\/schema\/person\/image\/\",\"url\":\"https:\/\/secure.gravatar.com\/avatar\/3b03a757cce839dfcbd048fc5c2c56a4eb9ad1849c7471ee2315ba901c9c7cbe?s=96&d=mm&r=g\",\"contentUrl\":\"https:\/\/secure.gravatar.com\/avatar\/3b03a757cce839dfcbd048fc5c2c56a4eb9ad1849c7471ee2315ba901c9c7cbe?s=96&d=mm&r=g\",\"caption\":\"Rafa Rodr\u00edguez\"},\"url\":\"https:\/\/damekiu.com\/wp\/author\/rafardz\/\"}]}<\/script>\n<!-- \/ Yoast SEO plugin. -->","yoast_head_json":{"title":"Selecci\u00f3n Femenil de M\u00e9xico vs Canad\u00e1 en la Pinatar Cup - Dame Kiu","description":"La Selecci\u00f3n Nacional Femenil de M\u00e9xico vs Canad\u00e1 se jugar\u00e1 el 2do partido de la Pinatar Cup, todos los detalles aqu\u00ed","robots":{"index":"index","follow":"follow","max-snippet":"max-snippet:-1","max-image-preview":"max-image-preview:large","max-video-preview":"max-video-preview:-1"},"canonical":"https:\/\/damekiu.com\/wp\/seleccion-femenil-de-mexico-vs-canada\/","og_locale":"es_ES","og_type":"article","og_title":"Selecci\u00f3n Femenil de M\u00e9xico vs Canad\u00e1 en la Pinatar Cup - Dame Kiu","og_description":"La Selecci\u00f3n Nacional Femenil de M\u00e9xico vs Canad\u00e1 se jugar\u00e1 el 2do partido de la Pinatar Cup, todos los detalles aqu\u00ed","og_url":"https:\/\/damekiu.com\/wp\/seleccion-femenil-de-mexico-vs-canada\/","og_site_name":"Dame Kiu","article_published_time":"2025-02-21T20:52:57+00:00","og_image":[{"width":2560,"height":1707,"url":"https:\/\/damekiu.com\/wp\/wp-content\/uploads\/2025\/02\/199A4FCC-922A-4F0D-82DA-0790299B6370-scaled.jpeg","type":"image\/jpeg"}],"author":"Rafa Rodr\u00edguez","twitter_card":"summary_large_image","twitter_misc":{"Escrito por":"Rafa Rodr\u00edguez","Tiempo de lectura":"3 minutos"},"schema":{"@context":"https:\/\/schema.org","@graph":[{"@type":"Article","@id":"https:\/\/damekiu.com\/wp\/seleccion-femenil-de-mexico-vs-canada\/#article","isPartOf":{"@id":"https:\/\/damekiu.com\/wp\/seleccion-femenil-de-mexico-vs-canada\/"},"author":{"name":"Rafa Rodr\u00edguez","@id":"https:\/\/damekiu.com\/wp\/#\/schema\/person\/f7f7a78abd8b7ca4da529e7424250b1e"},"headline":"Selecci\u00f3n Femenil de M\u00e9xico vs Canad\u00e1 en la Pinatar Cup","datePublished":"2025-02-21T20:52:57+00:00","mainEntityOfPage":{"@id":"https:\/\/damekiu.com\/wp\/seleccion-femenil-de-mexico-vs-canada\/"},"wordCount":578,"commentCount":0,"image":{"@id":"https:\/\/damekiu.com\/wp\/seleccion-femenil-de-mexico-vs-canada\/#primaryimage"},"thumbnailUrl":"https:\/\/i0.wp.com\/damekiu.com\/wp\/wp-content\/uploads\/2025\/02\/199A4FCC-922A-4F0D-82DA-0790299B6370-scaled.jpeg?fit=2560%2C1707&ssl=1","keywords":["F\u00fatbol","Futbol Soccer","M\u00e9xico","Selecci\u00f3n Mexicana"],"articleSection":["Deportes"],"inLanguage":"es","potentialAction":[{"@type":"CommentAction","name":"Comment","target":["https:\/\/damekiu.com\/wp\/seleccion-femenil-de-mexico-vs-canada\/#respond"]}]},{"@type":"WebPage","@id":"https:\/\/damekiu.com\/wp\/seleccion-femenil-de-mexico-vs-canada\/","url":"https:\/\/damekiu.com\/wp\/seleccion-femenil-de-mexico-vs-canada\/","name":"Selecci\u00f3n Femenil de M\u00e9xico vs Canad\u00e1 en la Pinatar Cup - Dame Kiu","isPartOf":{"@id":"https:\/\/damekiu.com\/wp\/#website"},"primaryImageOfPage":{"@id":"https:\/\/damekiu.com\/wp\/seleccion-femenil-de-mexico-vs-canada\/#primaryimage"},"image":{"@id":"https:\/\/damekiu.com\/wp\/seleccion-femenil-de-mexico-vs-canada\/#primaryimage"},"thumbnailUrl":"https:\/\/i0.wp.com\/damekiu.com\/wp\/wp-content\/uploads\/2025\/02\/199A4FCC-922A-4F0D-82DA-0790299B6370-scaled.jpeg?fit=2560%2C1707&ssl=1","datePublished":"2025-02-21T20:52:57+00:00","author":{"@id":"https:\/\/damekiu.com\/wp\/#\/schema\/person\/f7f7a78abd8b7ca4da529e7424250b1e"},"description":"La Selecci\u00f3n Nacional Femenil de M\u00e9xico vs Canad\u00e1 se jugar\u00e1 el 2do partido de la Pinatar Cup, todos los detalles aqu\u00ed","breadcrumb":{"@id":"https:\/\/damekiu.com\/wp\/seleccion-femenil-de-mexico-vs-canada\/#breadcrumb"},"inLanguage":"es","potentialAction":[{"@type":"ReadAction","target":["https:\/\/damekiu.com\/wp\/seleccion-femenil-de-mexico-vs-canada\/"]}]},{"@type":"ImageObject","inLanguage":"es","@id":"https:\/\/damekiu.com\/wp\/seleccion-femenil-de-mexico-vs-canada\/#primaryimage","url":"https:\/\/i0.wp.com\/damekiu.com\/wp\/wp-content\/uploads\/2025\/02\/199A4FCC-922A-4F0D-82DA-0790299B6370-scaled.jpeg?fit=2560%2C1707&ssl=1","contentUrl":"https:\/\/i0.wp.com\/damekiu.com\/wp\/wp-content\/uploads\/2025\/02\/199A4FCC-922A-4F0D-82DA-0790299B6370-scaled.jpeg?fit=2560%2C1707&ssl=1","width":2560,"height":1707,"caption":"Selecci\u00f3n Nacional Femenil de M\u00e9xico"},{"@type":"BreadcrumbList","@id":"https:\/\/damekiu.com\/wp\/seleccion-femenil-de-mexico-vs-canada\/#breadcrumb","itemListElement":[{"@type":"ListItem","position":1,"name":"Portada","item":"https:\/\/damekiu.com\/wp\/"},{"@type":"ListItem","position":2,"name":"Selecci\u00f3n Femenil de M\u00e9xico vs Canad\u00e1 en la Pinatar Cup"}]},{"@type":"WebSite","@id":"https:\/\/damekiu.com\/wp\/#website","url":"https:\/\/damekiu.com\/wp\/","name":"Dame Kiu","description":"Agencia Informativa digital ","potentialAction":[{"@type":"SearchAction","target":{"@type":"EntryPoint","urlTemplate":"https:\/\/damekiu.com\/wp\/?s={search_term_string}"},"query-input":{"@type":"PropertyValueSpecification","valueRequired":true,"valueName":"search_term_string"}}],"inLanguage":"es"},{"@type":"Person","@id":"https:\/\/damekiu.com\/wp\/#\/schema\/person\/f7f7a78abd8b7ca4da529e7424250b1e","name":"Rafa Rodr\u00edguez","image":{"@type":"ImageObject","inLanguage":"es","@id":"https:\/\/damekiu.com\/wp\/#\/schema\/person\/image\/","url":"https:\/\/secure.gravatar.com\/avatar\/3b03a757cce839dfcbd048fc5c2c56a4eb9ad1849c7471ee2315ba901c9c7cbe?s=96&d=mm&r=g","contentUrl":"https:\/\/secure.gravatar.com\/avatar\/3b03a757cce839dfcbd048fc5c2c56a4eb9ad1849c7471ee2315ba901c9c7cbe?s=96&d=mm&r=g","caption":"Rafa Rodr\u00edguez"},"url":"https:\/\/damekiu.com\/wp\/author\/rafardz\/"}]}},"jetpack_featured_media_url":"https:\/\/i0.wp.com\/damekiu.com\/wp\/wp-content\/uploads\/2025\/02\/199A4FCC-922A-4F0D-82DA-0790299B6370-scaled.jpeg?fit=2560%2C1707&ssl=1","jetpack_sharing_enabled":true,"jetpack-related-posts":[{"id":9071,"url":"https:\/\/damekiu.com\/wp\/debut-de-la-seleccion-femenil-de-mexico-en-la-pinatar-cup\/","url_meta":{"origin":9226,"position":0},"title":"Selecci\u00f3n Femenil de M\u00e9xico vs China Taip\u00e9i en la Pinatar Cup","author":"Diana Arce","date":"febrero 18, 2025","format":false,"excerpt":"Previo al debut de la Selecci\u00f3n Femenil de M\u00e9xico en la Pinatar Cup de este mi\u00e9rcoles contra la Selecci\u00f3n Femenina de China Taip\u00e9i, se le cuestion\u00f3 al entrenador Pedro L\u00f3pez y a la jugadora mexicana Blanca F\u00e9lix, sobre las expectativas del encuentro. Por parte de Blanca F\u00e9lix y del entrenador\u2026","rel":"","context":"En \u00abDeportes\u00bb","block_context":{"text":"Deportes","link":"https:\/\/damekiu.com\/wp\/category\/deportes\/"},"img":{"alt_text":"debut de la Selecci\u00f3n Femenil de M\u00e9xico en la Pinatar Cup","src":"https:\/\/i0.wp.com\/damekiu.com\/wp\/wp-content\/uploads\/2025\/02\/44CFD943-8DC9-45DA-AEF5-4576B902C497-scaled.jpeg?fit=1200%2C800&ssl=1&resize=350%2C200","width":350,"height":200,"srcset":"https:\/\/i0.wp.com\/damekiu.com\/wp\/wp-content\/uploads\/2025\/02\/44CFD943-8DC9-45DA-AEF5-4576B902C497-scaled.jpeg?fit=1200%2C800&ssl=1&resize=350%2C200 1x, https:\/\/i0.wp.com\/damekiu.com\/wp\/wp-content\/uploads\/2025\/02\/44CFD943-8DC9-45DA-AEF5-4576B902C497-scaled.jpeg?fit=1200%2C800&ssl=1&resize=525%2C300 1.5x, https:\/\/i0.wp.com\/damekiu.com\/wp\/wp-content\/uploads\/2025\/02\/44CFD943-8DC9-45DA-AEF5-4576B902C497-scaled.jpeg?fit=1200%2C800&ssl=1&resize=700%2C400 2x, https:\/\/i0.wp.com\/damekiu.com\/wp\/wp-content\/uploads\/2025\/02\/44CFD943-8DC9-45DA-AEF5-4576B902C497-scaled.jpeg?fit=1200%2C800&ssl=1&resize=1050%2C600 3x"},"classes":[]},{"id":8919,"url":"https:\/\/damekiu.com\/wp\/seleccion-mexicana-femenil-anuncia-convocadas-para-la-pinatar-cup-2025\/","url_meta":{"origin":9226,"position":1},"title":"La Selecci\u00f3n Mexicana Femenil anunci\u00f3 convocadas para la Pinatar Cup 2025","author":"Karen G. Zamudio","date":"febrero 13, 2025","format":false,"excerpt":"La Selecci\u00f3n Mexicana Femenil anunci\u00f3 la lista de jugadoras convocadas para la Pinatar Cup 2025, un torneo amistoso que se llevar\u00e1 a cabo en Espa\u00f1a, del 16 al 26 de febrero. Este certamen servir\u00e1 como la primera prueba del a\u00f1o para el equipo dirigido por Pedro L\u00f3pez, en el marco\u2026","rel":"","context":"En \u00abDeportes\u00bb","block_context":{"text":"Deportes","link":"https:\/\/damekiu.com\/wp\/category\/deportes\/"},"img":{"alt_text":"La selecci\u00f3n m Mexicana Femenil","src":"https:\/\/i0.wp.com\/damekiu.com\/wp\/wp-content\/uploads\/2025\/02\/Diseno-sin-titulo-19-1.png?fit=1024%2C768&ssl=1&resize=350%2C200","width":350,"height":200,"srcset":"https:\/\/i0.wp.com\/damekiu.com\/wp\/wp-content\/uploads\/2025\/02\/Diseno-sin-titulo-19-1.png?fit=1024%2C768&ssl=1&resize=350%2C200 1x, https:\/\/i0.wp.com\/damekiu.com\/wp\/wp-content\/uploads\/2025\/02\/Diseno-sin-titulo-19-1.png?fit=1024%2C768&ssl=1&resize=525%2C300 1.5x, https:\/\/i0.wp.com\/damekiu.com\/wp\/wp-content\/uploads\/2025\/02\/Diseno-sin-titulo-19-1.png?fit=1024%2C768&ssl=1&resize=700%2C400 2x"},"classes":[]},{"id":10783,"url":"https:\/\/damekiu.com\/wp\/mexico-enfrentara-a-brasil-en-el-estadio-ciudad-de-los-deportes\/","url_meta":{"origin":9226,"position":2},"title":"M\u00e9xico enfrentar\u00e1 a Brasil en el Estadio Ciudad de los Deportes","author":"Emilio F. Uribe","date":"febrero 3, 2026","format":false,"excerpt":"Andrea Rodebaugh anunci\u00f3 que M\u00e9xico enfrentar\u00e1 a Brasil en el estadio Ciudad de los Deportes de la Ciudad de M\u00e9xico, el pr\u00f3ximo 7 de marzo. El conjunto tricolor tiene de frente compromisos que les demandar\u00e1 un alto nivel competitivo en b\u00fasqueda de la clasificaci\u00f3n a la Copa Mundial Femenil de\u2026","rel":"","context":"En \u00abDeportes\u00bb","block_context":{"text":"Deportes","link":"https:\/\/damekiu.com\/wp\/category\/deportes\/"},"img":{"alt_text":"M\u00e9xico enfrentar\u00e1 a Brasil","src":"https:\/\/i0.wp.com\/damekiu.com\/wp\/wp-content\/uploads\/2026\/02\/Diseno-sin-titulo-1.jpg?fit=1024%2C768&ssl=1&resize=350%2C200","width":350,"height":200,"srcset":"https:\/\/i0.wp.com\/damekiu.com\/wp\/wp-content\/uploads\/2026\/02\/Diseno-sin-titulo-1.jpg?fit=1024%2C768&ssl=1&resize=350%2C200 1x, https:\/\/i0.wp.com\/damekiu.com\/wp\/wp-content\/uploads\/2026\/02\/Diseno-sin-titulo-1.jpg?fit=1024%2C768&ssl=1&resize=525%2C300 1.5x, https:\/\/i0.wp.com\/damekiu.com\/wp\/wp-content\/uploads\/2026\/02\/Diseno-sin-titulo-1.jpg?fit=1024%2C768&ssl=1&resize=700%2C400 2x"},"classes":[]},{"id":5609,"url":"https:\/\/damekiu.com\/wp\/liga-mx-femenil-2024-jornada-13\/","url_meta":{"origin":9226,"position":3},"title":"Liga MX Femenil 2024: Jornada 13","author":"Emilio Uribe","date":"septiembre 30, 2024","format":false,"excerpt":"Las y los aficionados de la Liga MX Femenil 2024 han podido gozar de varios partidos \u00faltimamente. Conoce los detalles. \u00a0 Ver esta publicaci\u00f3n en Instagram \u00a0 Una publicaci\u00f3n compartida por LIGA BBVA MX Femenil (@ligabbvamxfemenil) A lo largo de los a\u00f1os, esta liga se ha tomado su tiempo para\u2026","rel":"","context":"En \u00abDeportes\u00bb","block_context":{"text":"Deportes","link":"https:\/\/damekiu.com\/wp\/category\/deportes\/"},"img":{"alt_text":"Liga MX Femenil 2024","src":"https:\/\/i0.wp.com\/damekiu.com\/wp\/wp-content\/uploads\/2024\/09\/Liga.jpg?fit=1024%2C768&ssl=1&resize=350%2C200","width":350,"height":200,"srcset":"https:\/\/i0.wp.com\/damekiu.com\/wp\/wp-content\/uploads\/2024\/09\/Liga.jpg?fit=1024%2C768&ssl=1&resize=350%2C200 1x, https:\/\/i0.wp.com\/damekiu.com\/wp\/wp-content\/uploads\/2024\/09\/Liga.jpg?fit=1024%2C768&ssl=1&resize=525%2C300 1.5x, https:\/\/i0.wp.com\/damekiu.com\/wp\/wp-content\/uploads\/2024\/09\/Liga.jpg?fit=1024%2C768&ssl=1&resize=700%2C400 2x"},"classes":[]},{"id":10682,"url":"https:\/\/damekiu.com\/wp\/mexico-femenil-y-su-camino-a-brasil-2027\/","url_meta":{"origin":9226,"position":4},"title":"M\u00e9xico Femenil y su camino a Brasil 2027","author":"Mar\u00eda Jos\u00e9 Zuart Corona","date":"octubre 23, 2025","format":false,"excerpt":"La Selecci\u00f3n Mexicana Femenil contin\u00faa su preparaci\u00f3n en el camino a Brasil 2027, y este martes 22 de octubre realiz\u00f3 su entrenamiento en el Estadio Ciudad de los Deportes, en la Ciudad de M\u00e9xico. Al finalizar la pr\u00e1ctica, se llev\u00f3 a cabo una conferencia de prensa con la participaci\u00f3n de\u2026","rel":"","context":"En \u00abDeportes\u00bb","block_context":{"text":"Deportes","link":"https:\/\/damekiu.com\/wp\/category\/deportes\/"},"img":{"alt_text":"","src":"https:\/\/i0.wp.com\/damekiu.com\/wp\/wp-content\/uploads\/2025\/10\/PORTADAS-NACION-3.png?fit=1000%2C600&ssl=1&resize=350%2C200","width":350,"height":200,"srcset":"https:\/\/i0.wp.com\/damekiu.com\/wp\/wp-content\/uploads\/2025\/10\/PORTADAS-NACION-3.png?fit=1000%2C600&ssl=1&resize=350%2C200 1x, https:\/\/i0.wp.com\/damekiu.com\/wp\/wp-content\/uploads\/2025\/10\/PORTADAS-NACION-3.png?fit=1000%2C600&ssl=1&resize=525%2C300 1.5x, https:\/\/i0.wp.com\/damekiu.com\/wp\/wp-content\/uploads\/2025\/10\/PORTADAS-NACION-3.png?fit=1000%2C600&ssl=1&resize=700%2C400 2x"},"classes":[]},{"id":10695,"url":"https:\/\/damekiu.com\/wp\/mexico-femenil-brilla-en-casa-ante-nueva-zelanda\/","url_meta":{"origin":9226,"position":5},"title":"M\u00e9xico Femenil brilla en casa ante Nueva Zelanda","author":"Mar\u00eda Jos\u00e9 Zuart Corona","date":"octubre 24, 2025","format":false,"excerpt":"La Selecci\u00f3n Mexicana Femenil salt\u00f3 al c\u00e9sped del Estadio Ciudad de los Deportes en la Ciudad de M\u00e9xico con el firme deseo de imponer condiciones. Desde los primeros instantes, el equipo demostr\u00f3 su determinaci\u00f3n y claridad de ideas. Con esta actuaci\u00f3n contundente, M\u00e9xico Femenil brilla en casa y reafirma su\u2026","rel":"","context":"En \u00abDeportes\u00bb","block_context":{"text":"Deportes","link":"https:\/\/damekiu.com\/wp\/category\/deportes\/"},"img":{"alt_text":"","src":"https:\/\/damekiu.com\/wp\/wp-content\/uploads\/2025\/10\/20251023_9487-1.avif","width":350,"height":200,"srcset":"https:\/\/damekiu.com\/wp\/wp-content\/uploads\/2025\/10\/20251023_9487-1.avif 1x, https:\/\/damekiu.com\/wp\/wp-content\/uploads\/2025\/10\/20251023_9487-1.avif 1.5x, https:\/\/damekiu.com\/wp\/wp-content\/uploads\/2025\/10\/20251023_9487-1.avif 2x"},"classes":[]}],"_links":{"self":[{"href":"https:\/\/damekiu.com\/wp\/wp-json\/wp\/v2\/posts\/9226","targetHints":{"allow":["GET"]}}],"collection":[{"href":"https:\/\/damekiu.com\/wp\/wp-json\/wp\/v2\/posts"}],"about":[{"href":"https:\/\/damekiu.com\/wp\/wp-json\/wp\/v2\/types\/post"}],"author":[{"embeddable":true,"href":"https:\/\/damekiu.com\/wp\/wp-json\/wp\/v2\/users\/21"}],"replies":[{"embeddable":true,"href":"https:\/\/damekiu.com\/wp\/wp-json\/wp\/v2\/comments?post=9226"}],"version-history":[{"count":4,"href":"https:\/\/damekiu.com\/wp\/wp-json\/wp\/v2\/posts\/9226\/revisions"}],"predecessor-version":[{"id":9262,"href":"https:\/\/damekiu.com\/wp\/wp-json\/wp\/v2\/posts\/9226\/revisions\/9262"}],"wp:featuredmedia":[{"embeddable":true,"href":"https:\/\/damekiu.com\/wp\/wp-json\/wp\/v2\/media\/9229"}],"wp:attachment":[{"href":"https:\/\/damekiu.com\/wp\/wp-json\/wp\/v2\/media?parent=9226"}],"wp:term":[{"taxonomy":"category","embeddable":true,"href":"https:\/\/damekiu.com\/wp\/wp-json\/wp\/v2\/categories?post=9226"},{"taxonomy":"post_tag","embeddable":true,"href":"https:\/\/damekiu.com\/wp\/wp-json\/wp\/v2\/tags?post=9226"}],"curies":[{"name":"wp","href":"https:\/\/api.w.org\/{rel}","templated":true}]}}