{"id":6321,"date":"2024-10-22T19:35:03","date_gmt":"2024-10-23T01:35:03","guid":{"rendered":"https:\/\/damekiu.com\/wp\/?p=6321"},"modified":"2024-10-22T22:21:29","modified_gmt":"2024-10-23T04:21:29","slug":"previa-al-clasico-espanol","status":"publish","type":"post","link":"https:\/\/damekiu.com\/wp\/previa-al-clasico-espanol\/","title":{"rendered":"Semana previa al Cl\u00e1sico espa\u00f1ol de la primera vuelta"},"content":{"rendered":"<p style=\"text-align: justify;\"><span style=\"font-weight: 400;\">El <strong>Real Madrid<\/strong>\u00a0 y el <strong>FC Barcelona<\/strong> se enfrentar\u00e1n por primera vez en un partido oficial de la temporada 2024\/2025 pero, antes de eso, tendr\u00e1n que medirse a dos de los equipos m\u00e1s importantes de Alemania. Inicia la semana previa al <strong>Cl\u00e1sico espa\u00f1ol<\/strong>.\u00a0<\/span><\/p>\n<p style=\"text-align: justify;\"><span style=\"font-weight: 400;\">Como cada temporada, las expectativas alrededor de este partido son alt\u00edsimas, pues en gran medida puede afectar la din\u00e1mica de toda la temporada. En especial en el contexto actual, donde, por los resultados de la campa\u00f1a anterior, la diferencia luc\u00eda considerable.<\/span><\/p>\n<blockquote class=\"instagram-media\" style=\"background: #FFF; border: 0; border-radius: 3px; box-shadow: 0 0 1px 0 rgba(0,0,0,0.5),0 1px 10px 0 rgba(0,0,0,0.15); margin: 1px; max-width: 540px; min-width: 326px; padding: 0; width: calc(100% - 2px);\" data-instgrm-captioned=\"\" data-instgrm-permalink=\"https:\/\/www.instagram.com\/p\/DBcUHWuiyM5\/?utm_source=ig_embed&amp;utm_campaign=loading\" data-instgrm-version=\"14\">\n<div style=\"padding: 16px;\">\n<p>&nbsp;<\/p>\n<div style=\"display: flex; flex-direction: row; align-items: center;\">\n<div style=\"background-color: #f4f4f4; border-radius: 50%; flex-grow: 0; height: 40px; margin-right: 14px; width: 40px;\"><\/div>\n<div style=\"display: flex; flex-direction: column; flex-grow: 1; justify-content: center;\">\n<div style=\"background-color: #f4f4f4; border-radius: 4px; flex-grow: 0; height: 14px; margin-bottom: 6px; width: 100px;\"><\/div>\n<div style=\"background-color: #f4f4f4; border-radius: 4px; flex-grow: 0; height: 14px; width: 60px;\"><\/div>\n<\/div>\n<\/div>\n<div style=\"padding: 19% 0;\"><\/div>\n<div style=\"display: block; height: 50px; margin: 0 auto 12px; width: 50px;\"><\/div>\n<div style=\"padding-top: 8px;\">\n<div style=\"color: #3897f0; font-family: Arial,sans-serif; font-size: 14px; font-style: normal; font-weight: 550; line-height: 18px;\">Ver esta publicaci\u00f3n en Instagram<\/div>\n<\/div>\n<div style=\"padding: 12.5% 0;\"><\/div>\n<div style=\"display: flex; flex-direction: row; margin-bottom: 14px; align-items: center;\">\n<div>\n<div style=\"background-color: #f4f4f4; border-radius: 50%; height: 12.5px; width: 12.5px; transform: translateX(0px) translateY(7px);\"><\/div>\n<div style=\"background-color: #f4f4f4; height: 12.5px; transform: rotate(-45deg) translateX(3px) translateY(1px); width: 12.5px; flex-grow: 0; margin-right: 14px; margin-left: 2px;\"><\/div>\n<div style=\"background-color: #f4f4f4; border-radius: 50%; height: 12.5px; width: 12.5px; transform: translateX(9px) translateY(-18px);\"><\/div>\n<\/div>\n<div style=\"margin-left: 8px;\">\n<div style=\"background-color: #f4f4f4; border-radius: 50%; flex-grow: 0; height: 20px; width: 20px;\"><\/div>\n<div style=\"width: 0; height: 0; border-top: 2px solid transparent; border-left: 6px solid #f4f4f4; border-bottom: 2px solid transparent; transform: translateX(16px) translateY(-4px) rotate(30deg);\"><\/div>\n<\/div>\n<div style=\"margin-left: auto;\">\n<div style=\"width: 0px; border-top: 8px solid #F4F4F4; border-right: 8px solid transparent; transform: translateY(16px);\"><\/div>\n<div style=\"background-color: #f4f4f4; flex-grow: 0; height: 12px; width: 16px; transform: translateY(-4px);\"><\/div>\n<div style=\"width: 0; height: 0; border-top: 8px solid #F4F4F4; border-left: 8px solid transparent; transform: translateY(-4px) translateX(8px);\"><\/div>\n<\/div>\n<\/div>\n<div style=\"display: flex; flex-direction: column; flex-grow: 1; justify-content: center; margin-bottom: 24px;\">\n<div style=\"background-color: #f4f4f4; border-radius: 4px; flex-grow: 0; height: 14px; margin-bottom: 6px; width: 224px;\"><\/div>\n<div style=\"background-color: #f4f4f4; border-radius: 4px; flex-grow: 0; height: 14px; width: 144px;\"><\/div>\n<\/div>\n<p>&nbsp;<\/p>\n<p style=\"color: #c9c8cd; font-family: Arial,sans-serif; font-size: 14px; line-height: 17px; margin-bottom: 0; margin-top: 8px; overflow: hidden; padding: 8px 0 7px; text-align: center; text-overflow: ellipsis; white-space: nowrap;\"><a style=\"color: #c9c8cd; font-family: Arial,sans-serif; font-size: 14px; font-style: normal; font-weight: normal; line-height: 17px; text-decoration: none;\" href=\"https:\/\/www.instagram.com\/p\/DBcUHWuiyM5\/?utm_source=ig_embed&amp;utm_campaign=loading\" target=\"_blank\" rel=\"noopener\">Una publicaci\u00f3n compartida de LALIGA (@laliga)<\/a><\/p>\n<\/div>\n<\/blockquote>\n<p><script async src=\"\/\/www.instagram.com\/embed.js\"><\/script><\/p>\n<p style=\"text-align: justify;\"><b>Inicio de temporada: FC Barcelona vs Real Madrid\u00a0<\/b><\/p>\n<p style=\"text-align: justify;\"><span style=\"font-weight: 400;\">El <strong>FC Barcelona<\/strong> se prepar\u00f3 para afrontar uno de los a\u00f1os m\u00e1s complicados en su historia reciente. Los conflictos administrativos y extra cancha que rodean al club no son para menos y parec\u00eda que hab\u00edan alcanzado al desempe\u00f1o del equipo, no obstante, la llegada de <strong>Hansi Flick<\/strong> al banquillo revirti\u00f3 la situaci\u00f3n.\u00a0<\/span><\/p>\n<p style=\"text-align: justify;\"><span style=\"font-weight: 400;\">Por otra parte, el <strong>Real Madrid<\/strong> inici\u00f3 la campa\u00f1a levantando la <strong>Supercopa<\/strong> de Europa. El impulso de la temporada pasada, en la que consiguieron el t\u00edtulo de <strong>LaLiga<\/strong> y la <strong>Champions<\/strong>,\u00a0m\u00e1s la incorporaci\u00f3n de <strong>Kylian Mbapp\u00e9<\/strong> hac\u00edan creer que los merengues no tendr\u00edan mucho problema para repetir, al menos, el campeonato liguero.<\/span><\/p>\n<p style=\"text-align: justify;\"><span style=\"font-weight: 400;\">Sin embargo, como en la mayor\u00eda de los deportes, en el futbol de poco sirve aventurarse a predecir los resultados.<\/span><\/p>\n<p style=\"text-align: justify;\"><span style=\"font-weight: 400;\">Los &#8216;Blaugranas&#8217; han tenido un mejor desempe\u00f1o incluso con las bajas por lesi\u00f3n de varias figuras del equipo titular. Despu\u00e9s de todas las inc\u00f3gnitas, respondieron con buen futbol y, hasta el momento, s\u00f3lo tropezaron ante el M\u00f3naco en <strong>Champions<\/strong> y en <strong>LaLiga<\/strong> con Osasuna.\u00a0<\/span><\/p>\n<p style=\"text-align: justify;\"><span style=\"font-weight: 400;\">Para el conjunto blanco todo cambi\u00f3, el nivel futbol\u00edstico no es el esperado. Si a esto le sumamos problemas fuera del campo, como el conflicto con los residentes cercanos al<strong> Santiago Bernab\u00e9u<\/strong>, pilar econ\u00f3mico del club, tenemos un contexto que no se preve\u00eda al inicio de la temporada.\u00a0<\/span><\/p>\n<blockquote class=\"instagram-media\" style=\"background: #FFF; border: 0; border-radius: 3px; box-shadow: 0 0 1px 0 rgba(0,0,0,0.5),0 1px 10px 0 rgba(0,0,0,0.15); margin: 1px; max-width: 540px; min-width: 326px; padding: 0; width: calc(100% - 2px);\" data-instgrm-captioned=\"\" data-instgrm-permalink=\"https:\/\/www.instagram.com\/p\/DBXKjA8C3no\/?utm_source=ig_embed&amp;utm_campaign=loading\" data-instgrm-version=\"14\">\n<div style=\"padding: 16px;\">\n<p>&nbsp;<\/p>\n<div style=\"display: flex; flex-direction: row; align-items: center;\">\n<div style=\"background-color: #f4f4f4; border-radius: 50%; flex-grow: 0; height: 40px; margin-right: 14px; width: 40px;\"><\/div>\n<div style=\"display: flex; flex-direction: column; flex-grow: 1; justify-content: center;\">\n<div style=\"background-color: #f4f4f4; border-radius: 4px; flex-grow: 0; height: 14px; margin-bottom: 6px; width: 100px;\"><\/div>\n<div style=\"background-color: #f4f4f4; border-radius: 4px; flex-grow: 0; height: 14px; width: 60px;\"><\/div>\n<\/div>\n<\/div>\n<div style=\"padding: 19% 0;\"><\/div>\n<div style=\"display: block; height: 50px; margin: 0 auto 12px; width: 50px;\"><\/div>\n<div style=\"padding-top: 8px;\">\n<div style=\"color: #3897f0; font-family: Arial,sans-serif; font-size: 14px; font-style: normal; font-weight: 550; line-height: 18px;\">Ver esta publicaci\u00f3n en Instagram<\/div>\n<\/div>\n<div style=\"padding: 12.5% 0;\"><\/div>\n<div style=\"display: flex; flex-direction: row; margin-bottom: 14px; align-items: center;\">\n<div>\n<div style=\"background-color: #f4f4f4; border-radius: 50%; height: 12.5px; width: 12.5px; transform: translateX(0px) translateY(7px);\"><\/div>\n<div style=\"background-color: #f4f4f4; height: 12.5px; transform: rotate(-45deg) translateX(3px) translateY(1px); width: 12.5px; flex-grow: 0; margin-right: 14px; margin-left: 2px;\"><\/div>\n<div style=\"background-color: #f4f4f4; border-radius: 50%; height: 12.5px; width: 12.5px; transform: translateX(9px) translateY(-18px);\"><\/div>\n<\/div>\n<div style=\"margin-left: 8px;\">\n<div style=\"background-color: #f4f4f4; border-radius: 50%; flex-grow: 0; height: 20px; width: 20px;\"><\/div>\n<div style=\"width: 0; height: 0; border-top: 2px solid transparent; border-left: 6px solid #f4f4f4; border-bottom: 2px solid transparent; transform: translateX(16px) translateY(-4px) rotate(30deg);\"><\/div>\n<\/div>\n<div style=\"margin-left: auto;\">\n<div style=\"width: 0px; border-top: 8px solid #F4F4F4; border-right: 8px solid transparent; transform: translateY(16px);\"><\/div>\n<div style=\"background-color: #f4f4f4; flex-grow: 0; height: 12px; width: 16px; transform: translateY(-4px);\"><\/div>\n<div style=\"width: 0; height: 0; border-top: 8px solid #F4F4F4; border-left: 8px solid transparent; transform: translateY(-4px) translateX(8px);\"><\/div>\n<\/div>\n<\/div>\n<div style=\"display: flex; flex-direction: column; flex-grow: 1; justify-content: center; margin-bottom: 24px;\">\n<div style=\"background-color: #f4f4f4; border-radius: 4px; flex-grow: 0; height: 14px; margin-bottom: 6px; width: 224px;\"><\/div>\n<div style=\"background-color: #f4f4f4; border-radius: 4px; flex-grow: 0; height: 14px; width: 144px;\"><\/div>\n<\/div>\n<p>&nbsp;<\/p>\n<p style=\"color: #c9c8cd; font-family: Arial,sans-serif; font-size: 14px; line-height: 17px; margin-bottom: 0; margin-top: 8px; overflow: hidden; padding: 8px 0 7px; text-align: center; text-overflow: ellipsis; white-space: nowrap;\"><a style=\"color: #c9c8cd; font-family: Arial,sans-serif; font-size: 14px; font-style: normal; font-weight: normal; line-height: 17px; text-decoration: none;\" href=\"https:\/\/www.instagram.com\/p\/DBXKjA8C3no\/?utm_source=ig_embed&amp;utm_campaign=loading\" target=\"_blank\" rel=\"noopener\">Una publicaci\u00f3n compartida de LALIGA (@laliga)<\/a><\/p>\n<\/div>\n<\/blockquote>\n<p><script async src=\"\/\/www.instagram.com\/embed.js\"><\/script><\/p>\n<p style=\"text-align: justify;\"><b>Partido previo al Cl\u00e1sico<\/b><span style=\"font-weight: 400;\">\u00a0<\/span><\/p>\n<p style=\"text-align: justify;\"><span style=\"font-weight: 400;\">Adem\u00e1s del choque que tendr\u00e1n entre ellos, los dos conjuntos tienen un compromiso dif\u00edcil en la misma semana.\u00a0<\/span><\/p>\n<p style=\"text-align: justify;\"><span style=\"font-weight: 400;\">El <strong>Madrid<\/strong> logr\u00f3 salir avante en su duelo contra el Borussia Dortmund aunque las dudas se hicieron presentes. El marcador favorec\u00eda a los alemanes. Dos goles en la primera mitad sacudieron al <strong>Santiago Bernab\u00e9u<\/strong> que no estaba presenciando la mejor actuaci\u00f3n de su equipo, hasta que, una vez m\u00e1s, los locales remontaron en otra noche m\u00e1gica de <strong>Champions<\/strong>.\u00a0<\/span><\/p>\n<p style=\"text-align: justify;\"><span style=\"font-weight: 400;\">Con goles de Rudig\u00fcer, Lucas V\u00e1zquez y, para firmar una de las mejores presentaciones de su carrera, triplete de <strong>Vinicius Jr<\/strong>. el Madrid revirti\u00f3 el marcador. La forma de enfrentar el segundo tiempo y un contundente 5 a 2 puede ser una gran motivaci\u00f3n en la semana previa al <strong>Cl\u00e1sico espa\u00f1ol<\/strong>.<\/span><\/p>\n<blockquote class=\"instagram-media\" style=\"background: #FFF; border: 0; border-radius: 3px; box-shadow: 0 0 1px 0 rgba(0,0,0,0.5),0 1px 10px 0 rgba(0,0,0,0.15); margin: 1px; max-width: 540px; min-width: 326px; padding: 0; width: calc(100% - 2px);\" data-instgrm-captioned=\"\" data-instgrm-permalink=\"https:\/\/www.instagram.com\/p\/DBcOEhuitv2\/?utm_source=ig_embed&amp;utm_campaign=loading\" data-instgrm-version=\"14\">\n<div style=\"padding: 16px;\">\n<p>&nbsp;<\/p>\n<div style=\"display: flex; flex-direction: row; align-items: center;\">\n<div style=\"background-color: #f4f4f4; border-radius: 50%; flex-grow: 0; height: 40px; margin-right: 14px; width: 40px;\"><\/div>\n<div style=\"display: flex; flex-direction: column; flex-grow: 1; justify-content: center;\">\n<div style=\"background-color: #f4f4f4; border-radius: 4px; flex-grow: 0; height: 14px; margin-bottom: 6px; width: 100px;\"><\/div>\n<div style=\"background-color: #f4f4f4; border-radius: 4px; flex-grow: 0; height: 14px; width: 60px;\"><\/div>\n<\/div>\n<\/div>\n<div style=\"padding: 19% 0;\"><\/div>\n<div style=\"display: block; height: 50px; margin: 0 auto 12px; width: 50px;\"><\/div>\n<div style=\"padding-top: 8px;\">\n<div style=\"color: #3897f0; font-family: Arial,sans-serif; font-size: 14px; font-style: normal; font-weight: 550; line-height: 18px;\">Ver esta publicaci\u00f3n en Instagram<\/div>\n<\/div>\n<div style=\"padding: 12.5% 0;\"><\/div>\n<div style=\"display: flex; flex-direction: row; margin-bottom: 14px; align-items: center;\">\n<div>\n<div style=\"background-color: #f4f4f4; border-radius: 50%; height: 12.5px; width: 12.5px; transform: translateX(0px) translateY(7px);\"><\/div>\n<div style=\"background-color: #f4f4f4; height: 12.5px; transform: rotate(-45deg) translateX(3px) translateY(1px); width: 12.5px; flex-grow: 0; margin-right: 14px; margin-left: 2px;\"><\/div>\n<div style=\"background-color: #f4f4f4; border-radius: 50%; height: 12.5px; width: 12.5px; transform: translateX(9px) translateY(-18px);\"><\/div>\n<\/div>\n<div style=\"margin-left: 8px;\">\n<div style=\"background-color: #f4f4f4; border-radius: 50%; flex-grow: 0; height: 20px; width: 20px;\"><\/div>\n<div style=\"width: 0; height: 0; border-top: 2px solid transparent; border-left: 6px solid #f4f4f4; border-bottom: 2px solid transparent; transform: translateX(16px) translateY(-4px) rotate(30deg);\"><\/div>\n<\/div>\n<div style=\"margin-left: auto;\">\n<div style=\"width: 0px; border-top: 8px solid #F4F4F4; border-right: 8px solid transparent; transform: translateY(16px);\"><\/div>\n<div style=\"background-color: #f4f4f4; flex-grow: 0; height: 12px; width: 16px; transform: translateY(-4px);\"><\/div>\n<div style=\"width: 0; height: 0; border-top: 8px solid #F4F4F4; border-left: 8px solid transparent; transform: translateY(-4px) translateX(8px);\"><\/div>\n<\/div>\n<\/div>\n<div style=\"display: flex; flex-direction: column; flex-grow: 1; justify-content: center; margin-bottom: 24px;\">\n<div style=\"background-color: #f4f4f4; border-radius: 4px; flex-grow: 0; height: 14px; margin-bottom: 6px; width: 224px;\"><\/div>\n<div style=\"background-color: #f4f4f4; border-radius: 4px; flex-grow: 0; height: 14px; width: 144px;\"><\/div>\n<\/div>\n<p>&nbsp;<\/p>\n<p style=\"color: #c9c8cd; font-family: Arial,sans-serif; font-size: 14px; line-height: 17px; margin-bottom: 0; margin-top: 8px; overflow: hidden; padding: 8px 0 7px; text-align: center; text-overflow: ellipsis; white-space: nowrap;\"><a style=\"color: #c9c8cd; font-family: Arial,sans-serif; font-size: 14px; font-style: normal; font-weight: normal; line-height: 17px; text-decoration: none;\" href=\"https:\/\/www.instagram.com\/p\/DBcOEhuitv2\/?utm_source=ig_embed&amp;utm_campaign=loading\" target=\"_blank\" rel=\"noopener\">Una publicaci\u00f3n compartida de Real Madrid C.F. (@realmadrid)<\/a><\/p>\n<\/div>\n<\/blockquote>\n<p><script async src=\"\/\/www.instagram.com\/embed.js\"><\/script><\/p>\n<p style=\"text-align: justify;\"><span style=\"font-weight: 400;\">Para los de <strong>Barcelona<\/strong> el partido contra el Bayern podr\u00eda ser un arma de doble filo. Los dirigidos por Hansi Flick mostraron solidez en lo que va del torneo, pero los b\u00e1varos nunca son un equipo f\u00e1cil. Una victoria contra los alemanes podr\u00eda reafirmar su buen paso y una derrota cultivar dudas antes de su visita a Madrid.\u00a0<\/span><\/p>\n<blockquote class=\"instagram-media\" style=\"background: #FFF; border: 0; border-radius: 3px; box-shadow: 0 0 1px 0 rgba(0,0,0,0.5),0 1px 10px 0 rgba(0,0,0,0.15); margin: 1px; max-width: 540px; min-width: 326px; padding: 0; width: calc(100% - 2px);\" data-instgrm-captioned=\"\" data-instgrm-permalink=\"https:\/\/www.instagram.com\/p\/DBcNQlPAi_m\/?utm_source=ig_embed&amp;utm_campaign=loading\" data-instgrm-version=\"14\">\n<div style=\"padding: 16px;\">\n<p>&nbsp;<\/p>\n<div style=\"display: flex; flex-direction: row; align-items: center;\">\n<div style=\"background-color: #f4f4f4; border-radius: 50%; flex-grow: 0; height: 40px; margin-right: 14px; width: 40px;\"><\/div>\n<div style=\"display: flex; flex-direction: column; flex-grow: 1; justify-content: center;\">\n<div style=\"background-color: #f4f4f4; border-radius: 4px; flex-grow: 0; height: 14px; margin-bottom: 6px; width: 100px;\"><\/div>\n<div style=\"background-color: #f4f4f4; border-radius: 4px; flex-grow: 0; height: 14px; width: 60px;\"><\/div>\n<\/div>\n<\/div>\n<div style=\"padding: 19% 0;\"><\/div>\n<div style=\"display: block; height: 50px; margin: 0 auto 12px; width: 50px;\"><\/div>\n<div style=\"padding-top: 8px;\">\n<div style=\"color: #3897f0; font-family: Arial,sans-serif; font-size: 14px; font-style: normal; font-weight: 550; line-height: 18px;\">Ver esta publicaci\u00f3n en Instagram<\/div>\n<\/div>\n<div style=\"padding: 12.5% 0;\"><\/div>\n<div style=\"display: flex; flex-direction: row; margin-bottom: 14px; align-items: center;\">\n<div>\n<div style=\"background-color: #f4f4f4; border-radius: 50%; height: 12.5px; width: 12.5px; transform: translateX(0px) translateY(7px);\"><\/div>\n<div style=\"background-color: #f4f4f4; height: 12.5px; transform: rotate(-45deg) translateX(3px) translateY(1px); width: 12.5px; flex-grow: 0; margin-right: 14px; margin-left: 2px;\"><\/div>\n<div style=\"background-color: #f4f4f4; border-radius: 50%; height: 12.5px; width: 12.5px; transform: translateX(9px) translateY(-18px);\"><\/div>\n<\/div>\n<div style=\"margin-left: 8px;\">\n<div style=\"background-color: #f4f4f4; border-radius: 50%; flex-grow: 0; height: 20px; width: 20px;\"><\/div>\n<div style=\"width: 0; height: 0; border-top: 2px solid transparent; border-left: 6px solid #f4f4f4; border-bottom: 2px solid transparent; transform: translateX(16px) translateY(-4px) rotate(30deg);\"><\/div>\n<\/div>\n<div style=\"margin-left: auto;\">\n<div style=\"width: 0px; border-top: 8px solid #F4F4F4; border-right: 8px solid transparent; transform: translateY(16px);\"><\/div>\n<div style=\"background-color: #f4f4f4; flex-grow: 0; height: 12px; width: 16px; transform: translateY(-4px);\"><\/div>\n<div style=\"width: 0; height: 0; border-top: 8px solid #F4F4F4; border-left: 8px solid transparent; transform: translateY(-4px) translateX(8px);\"><\/div>\n<\/div>\n<\/div>\n<div style=\"display: flex; flex-direction: column; flex-grow: 1; justify-content: center; margin-bottom: 24px;\">\n<div style=\"background-color: #f4f4f4; border-radius: 4px; flex-grow: 0; height: 14px; margin-bottom: 6px; width: 224px;\"><\/div>\n<div style=\"background-color: #f4f4f4; border-radius: 4px; flex-grow: 0; height: 14px; width: 144px;\"><\/div>\n<\/div>\n<p>&nbsp;<\/p>\n<p style=\"color: #c9c8cd; font-family: Arial,sans-serif; font-size: 14px; line-height: 17px; margin-bottom: 0; margin-top: 8px; overflow: hidden; padding: 8px 0 7px; text-align: center; text-overflow: ellipsis; white-space: nowrap;\"><a style=\"color: #c9c8cd; font-family: Arial,sans-serif; font-size: 14px; font-style: normal; font-weight: normal; line-height: 17px; text-decoration: none;\" href=\"https:\/\/www.instagram.com\/p\/DBcNQlPAi_m\/?utm_source=ig_embed&amp;utm_campaign=loading\" target=\"_blank\" rel=\"noopener\">Una publicaci\u00f3n compartida de FC Barcelona (@fcbarcelona)<\/a><\/p>\n<\/div>\n<\/blockquote>\n<p><script async src=\"\/\/www.instagram.com\/embed.js\"><\/script><\/p>\n<p style=\"text-align: justify;\"><span style=\"font-weight: 400;\">La semana previa al <strong>Cl\u00e1sico espa\u00f1ol<\/strong> ya inici\u00f3, el resultado podr\u00eda marcar la tendencia para el resto de encuentros entre <a href=\"https:\/\/damekiu.com\/wp\/barcelona-aprovecho-la-fecha-fifa\/\"><strong>Barcelona<\/strong><\/a> y <a href=\"https:\/\/damekiu.com\/wp\/kylian-mbappe-debuto-con-el-pie-derecho-en-el-real-madrid\/\"><strong>Real Madrid<\/strong><\/a>, quienes llegar\u00e1n en primero y segundo lugar con tan s\u00f3lo 3 puntos de diferencia, ventaja para los catalanes. Comenta qui\u00e9n crees que se llevar\u00e1 el partido. <\/span><\/p>\n","protected":false},"excerpt":{"rendered":"<p>El Real Madrid\u00a0 y el FC Barcelona se enfrentar\u00e1n por primera vez en un partido oficial de la temporada 2024\/2025<\/p>\n","protected":false},"author":11,"featured_media":6324,"comment_status":"open","ping_status":"open","sticky":false,"template":"","format":"standard","meta":{"colormag_page_container_layout":"default_layout","colormag_page_sidebar_layout":"default_layout","_jetpack_memberships_contains_paid_content":false,"footnotes":""},"categories":[49],"tags":[339,157,365],"class_list":["post-6321","post","type-post","status-publish","format-standard","has-post-thumbnail","hentry","category-deportes","tag-futbol-club-barcelona","tag-futbol-soccer","tag-real-madrid-club-de-futbol"],"magazineBlocksPostFeaturedMedia":{"thumbnail":"https:\/\/i0.wp.com\/damekiu.com\/wp\/wp-content\/uploads\/2024\/10\/previa-al-Clasico-espanol-.png?resize=150%2C150&ssl=1","medium":"https:\/\/i0.wp.com\/damekiu.com\/wp\/wp-content\/uploads\/2024\/10\/previa-al-Clasico-espanol-.png?fit=300%2C225&ssl=1","medium_large":"https:\/\/i0.wp.com\/damekiu.com\/wp\/wp-content\/uploads\/2024\/10\/previa-al-Clasico-espanol-.png?fit=768%2C576&ssl=1","large":"https:\/\/i0.wp.com\/damekiu.com\/wp\/wp-content\/uploads\/2024\/10\/previa-al-Clasico-espanol-.png?fit=800%2C600&ssl=1","1536x1536":"https:\/\/i0.wp.com\/damekiu.com\/wp\/wp-content\/uploads\/2024\/10\/previa-al-Clasico-espanol-.png?fit=1024%2C768&ssl=1","2048x2048":"https:\/\/i0.wp.com\/damekiu.com\/wp\/wp-content\/uploads\/2024\/10\/previa-al-Clasico-espanol-.png?fit=1024%2C768&ssl=1","colormag-highlighted-post":"https:\/\/i0.wp.com\/damekiu.com\/wp\/wp-content\/uploads\/2024\/10\/previa-al-Clasico-espanol-.png?resize=392%2C272&ssl=1","colormag-featured-post-medium":"https:\/\/i0.wp.com\/damekiu.com\/wp\/wp-content\/uploads\/2024\/10\/previa-al-Clasico-espanol-.png?resize=390%2C205&ssl=1","colormag-featured-post-small":"https:\/\/i0.wp.com\/damekiu.com\/wp\/wp-content\/uploads\/2024\/10\/previa-al-Clasico-espanol-.png?resize=130%2C90&ssl=1","colormag-featured-image":"https:\/\/i0.wp.com\/damekiu.com\/wp\/wp-content\/uploads\/2024\/10\/previa-al-Clasico-espanol-.png?resize=800%2C445&ssl=1","colormag-default-news":"https:\/\/i0.wp.com\/damekiu.com\/wp\/wp-content\/uploads\/2024\/10\/previa-al-Clasico-espanol-.png?resize=150%2C150&ssl=1","colormag-featured-image-large":"https:\/\/i0.wp.com\/damekiu.com\/wp\/wp-content\/uploads\/2024\/10\/previa-al-Clasico-espanol-.png?resize=1024%2C600&ssl=1"},"magazineBlocksPostAuthor":{"name":"Sebasti\u00e1n Ben\u00edtez","avatar":"https:\/\/secure.gravatar.com\/avatar\/36a7572cd9b96d24f156450e73baa142ed7b835d026f156a175b21948069e18a?s=96&d=mm&r=g"},"magazineBlocksPostCommentsNumber":"0","magazineBlocksPostExcerpt":"El Real Madrid\u00a0 y el FC Barcelona se enfrentar\u00e1n por primera vez en un partido oficial de la temporada 2024\/2025","magazineBlocksPostCategories":["Deportes"],"magazineBlocksPostViewCount":368,"magazineBlocksPostReadTime":4,"magazine_blocks_featured_image_url":{"full":["https:\/\/i0.wp.com\/damekiu.com\/wp\/wp-content\/uploads\/2024\/10\/previa-al-Clasico-espanol-.png?fit=1024%2C768&ssl=1",1024,768,false],"medium":["https:\/\/i0.wp.com\/damekiu.com\/wp\/wp-content\/uploads\/2024\/10\/previa-al-Clasico-espanol-.png?fit=300%2C225&ssl=1",300,225,true],"thumbnail":["https:\/\/i0.wp.com\/damekiu.com\/wp\/wp-content\/uploads\/2024\/10\/previa-al-Clasico-espanol-.png?resize=150%2C150&ssl=1",150,150,true]},"magazine_blocks_author":{"display_name":"Sebasti\u00e1n Ben\u00edtez","author_link":"https:\/\/damekiu.com\/wp\/author\/sebastianbenitez\/"},"magazine_blocks_comment":0,"magazine_blocks_author_image":"https:\/\/secure.gravatar.com\/avatar\/36a7572cd9b96d24f156450e73baa142ed7b835d026f156a175b21948069e18a?s=96&d=mm&r=g","magazine_blocks_category":"<a href=\"#\" class=\"category-link category-link-49\">Deportes<\/a>","yoast_head":"<!-- This site is optimized with the Yoast SEO plugin v27.1.1 - https:\/\/yoast.com\/product\/yoast-seo-wordpress\/ -->\n<title>Semana previa al Cl\u00e1sico espa\u00f1ol de la primera vuelta - Dame Kiu<\/title>\n<meta name=\"description\" content=\"El Real Madrid y el FC Barcelona se enfrentar\u00e1n por primera vez en un partido oficial de la temporada 2024\/2025\" \/>\n<meta name=\"robots\" content=\"index, follow, max-snippet:-1, max-image-preview:large, max-video-preview:-1\" \/>\n<link rel=\"canonical\" href=\"https:\/\/damekiu.com\/wp\/previa-al-clasico-espanol\/\" \/>\n<meta property=\"og:locale\" content=\"es_ES\" \/>\n<meta property=\"og:type\" content=\"article\" \/>\n<meta property=\"og:title\" content=\"Semana previa al Cl\u00e1sico espa\u00f1ol de la primera vuelta - Dame Kiu\" \/>\n<meta property=\"og:description\" content=\"El Real Madrid y el FC Barcelona se enfrentar\u00e1n por primera vez en un partido oficial de la temporada 2024\/2025\" \/>\n<meta property=\"og:url\" content=\"https:\/\/damekiu.com\/wp\/previa-al-clasico-espanol\/\" \/>\n<meta property=\"og:site_name\" content=\"Dame Kiu\" \/>\n<meta property=\"article:published_time\" content=\"2024-10-23T01:35:03+00:00\" \/>\n<meta property=\"article:modified_time\" content=\"2024-10-23T04:21:29+00:00\" \/>\n<meta property=\"og:image\" content=\"https:\/\/damekiu.com\/wp\/wp-content\/uploads\/2024\/10\/previa-al-Clasico-espanol-.png\" \/>\n\t<meta property=\"og:image:width\" content=\"1024\" \/>\n\t<meta property=\"og:image:height\" content=\"768\" \/>\n\t<meta property=\"og:image:type\" content=\"image\/png\" \/>\n<meta name=\"author\" content=\"Sebasti\u00e1n Ben\u00edtez\" \/>\n<meta name=\"twitter:card\" content=\"summary_large_image\" \/>\n<meta name=\"twitter:label1\" content=\"Escrito por\" \/>\n\t<meta name=\"twitter:data1\" content=\"Sebasti\u00e1n Ben\u00edtez\" \/>\n\t<meta name=\"twitter:label2\" content=\"Tiempo de lectura\" \/>\n\t<meta name=\"twitter:data2\" content=\"3 minutos\" \/>\n<script type=\"application\/ld+json\" class=\"yoast-schema-graph\">{\"@context\":\"https:\/\/schema.org\",\"@graph\":[{\"@type\":\"Article\",\"@id\":\"https:\/\/damekiu.com\/wp\/previa-al-clasico-espanol\/#article\",\"isPartOf\":{\"@id\":\"https:\/\/damekiu.com\/wp\/previa-al-clasico-espanol\/\"},\"author\":{\"name\":\"Sebasti\u00e1n Ben\u00edtez\",\"@id\":\"https:\/\/damekiu.com\/wp\/#\/schema\/person\/e4365b50f70debe0980806a4a71712f7\"},\"headline\":\"Semana previa al Cl\u00e1sico espa\u00f1ol de la primera vuelta\",\"datePublished\":\"2024-10-23T01:35:03+00:00\",\"dateModified\":\"2024-10-23T04:21:29+00:00\",\"mainEntityOfPage\":{\"@id\":\"https:\/\/damekiu.com\/wp\/previa-al-clasico-espanol\/\"},\"wordCount\":675,\"commentCount\":0,\"image\":{\"@id\":\"https:\/\/damekiu.com\/wp\/previa-al-clasico-espanol\/#primaryimage\"},\"thumbnailUrl\":\"https:\/\/i0.wp.com\/damekiu.com\/wp\/wp-content\/uploads\/2024\/10\/previa-al-Clasico-espanol-.png?fit=1024%2C768&ssl=1\",\"keywords\":[\"Futbol Club Barcelona\",\"Futbol Soccer\",\"Real Madrid Club de Futbol\"],\"articleSection\":[\"Deportes\"],\"inLanguage\":\"es\",\"potentialAction\":[{\"@type\":\"CommentAction\",\"name\":\"Comment\",\"target\":[\"https:\/\/damekiu.com\/wp\/previa-al-clasico-espanol\/#respond\"]}]},{\"@type\":\"WebPage\",\"@id\":\"https:\/\/damekiu.com\/wp\/previa-al-clasico-espanol\/\",\"url\":\"https:\/\/damekiu.com\/wp\/previa-al-clasico-espanol\/\",\"name\":\"Semana previa al Cl\u00e1sico espa\u00f1ol de la primera vuelta - Dame Kiu\",\"isPartOf\":{\"@id\":\"https:\/\/damekiu.com\/wp\/#website\"},\"primaryImageOfPage\":{\"@id\":\"https:\/\/damekiu.com\/wp\/previa-al-clasico-espanol\/#primaryimage\"},\"image\":{\"@id\":\"https:\/\/damekiu.com\/wp\/previa-al-clasico-espanol\/#primaryimage\"},\"thumbnailUrl\":\"https:\/\/i0.wp.com\/damekiu.com\/wp\/wp-content\/uploads\/2024\/10\/previa-al-Clasico-espanol-.png?fit=1024%2C768&ssl=1\",\"datePublished\":\"2024-10-23T01:35:03+00:00\",\"dateModified\":\"2024-10-23T04:21:29+00:00\",\"author\":{\"@id\":\"https:\/\/damekiu.com\/wp\/#\/schema\/person\/e4365b50f70debe0980806a4a71712f7\"},\"description\":\"El Real Madrid y el FC Barcelona se enfrentar\u00e1n por primera vez en un partido oficial de la temporada 2024\/2025\",\"breadcrumb\":{\"@id\":\"https:\/\/damekiu.com\/wp\/previa-al-clasico-espanol\/#breadcrumb\"},\"inLanguage\":\"es\",\"potentialAction\":[{\"@type\":\"ReadAction\",\"target\":[\"https:\/\/damekiu.com\/wp\/previa-al-clasico-espanol\/\"]}]},{\"@type\":\"ImageObject\",\"inLanguage\":\"es\",\"@id\":\"https:\/\/damekiu.com\/wp\/previa-al-clasico-espanol\/#primaryimage\",\"url\":\"https:\/\/i0.wp.com\/damekiu.com\/wp\/wp-content\/uploads\/2024\/10\/previa-al-Clasico-espanol-.png?fit=1024%2C768&ssl=1\",\"contentUrl\":\"https:\/\/i0.wp.com\/damekiu.com\/wp\/wp-content\/uploads\/2024\/10\/previa-al-Clasico-espanol-.png?fit=1024%2C768&ssl=1\",\"width\":1024,\"height\":768,\"caption\":\"@DameKiu\"},{\"@type\":\"BreadcrumbList\",\"@id\":\"https:\/\/damekiu.com\/wp\/previa-al-clasico-espanol\/#breadcrumb\",\"itemListElement\":[{\"@type\":\"ListItem\",\"position\":1,\"name\":\"Portada\",\"item\":\"https:\/\/damekiu.com\/wp\/\"},{\"@type\":\"ListItem\",\"position\":2,\"name\":\"Semana previa al Cl\u00e1sico espa\u00f1ol de la primera vuelta\"}]},{\"@type\":\"WebSite\",\"@id\":\"https:\/\/damekiu.com\/wp\/#website\",\"url\":\"https:\/\/damekiu.com\/wp\/\",\"name\":\"Dame Kiu\",\"description\":\"Agencia Informativa digital \",\"potentialAction\":[{\"@type\":\"SearchAction\",\"target\":{\"@type\":\"EntryPoint\",\"urlTemplate\":\"https:\/\/damekiu.com\/wp\/?s={search_term_string}\"},\"query-input\":{\"@type\":\"PropertyValueSpecification\",\"valueRequired\":true,\"valueName\":\"search_term_string\"}}],\"inLanguage\":\"es\"},{\"@type\":\"Person\",\"@id\":\"https:\/\/damekiu.com\/wp\/#\/schema\/person\/e4365b50f70debe0980806a4a71712f7\",\"name\":\"Sebasti\u00e1n Ben\u00edtez\",\"image\":{\"@type\":\"ImageObject\",\"inLanguage\":\"es\",\"@id\":\"https:\/\/damekiu.com\/wp\/#\/schema\/person\/image\/\",\"url\":\"https:\/\/secure.gravatar.com\/avatar\/36a7572cd9b96d24f156450e73baa142ed7b835d026f156a175b21948069e18a?s=96&d=mm&r=g\",\"contentUrl\":\"https:\/\/secure.gravatar.com\/avatar\/36a7572cd9b96d24f156450e73baa142ed7b835d026f156a175b21948069e18a?s=96&d=mm&r=g\",\"caption\":\"Sebasti\u00e1n Ben\u00edtez\"},\"url\":\"https:\/\/damekiu.com\/wp\/author\/sebastianbenitez\/\"}]}<\/script>\n<!-- \/ Yoast SEO plugin. -->","yoast_head_json":{"title":"Semana previa al Cl\u00e1sico espa\u00f1ol de la primera vuelta - Dame Kiu","description":"El Real Madrid y el FC Barcelona se enfrentar\u00e1n por primera vez en un partido oficial de la temporada 2024\/2025","robots":{"index":"index","follow":"follow","max-snippet":"max-snippet:-1","max-image-preview":"max-image-preview:large","max-video-preview":"max-video-preview:-1"},"canonical":"https:\/\/damekiu.com\/wp\/previa-al-clasico-espanol\/","og_locale":"es_ES","og_type":"article","og_title":"Semana previa al Cl\u00e1sico espa\u00f1ol de la primera vuelta - Dame Kiu","og_description":"El Real Madrid y el FC Barcelona se enfrentar\u00e1n por primera vez en un partido oficial de la temporada 2024\/2025","og_url":"https:\/\/damekiu.com\/wp\/previa-al-clasico-espanol\/","og_site_name":"Dame Kiu","article_published_time":"2024-10-23T01:35:03+00:00","article_modified_time":"2024-10-23T04:21:29+00:00","og_image":[{"width":1024,"height":768,"url":"https:\/\/damekiu.com\/wp\/wp-content\/uploads\/2024\/10\/previa-al-Clasico-espanol-.png","type":"image\/png"}],"author":"Sebasti\u00e1n Ben\u00edtez","twitter_card":"summary_large_image","twitter_misc":{"Escrito por":"Sebasti\u00e1n Ben\u00edtez","Tiempo de lectura":"3 minutos"},"schema":{"@context":"https:\/\/schema.org","@graph":[{"@type":"Article","@id":"https:\/\/damekiu.com\/wp\/previa-al-clasico-espanol\/#article","isPartOf":{"@id":"https:\/\/damekiu.com\/wp\/previa-al-clasico-espanol\/"},"author":{"name":"Sebasti\u00e1n Ben\u00edtez","@id":"https:\/\/damekiu.com\/wp\/#\/schema\/person\/e4365b50f70debe0980806a4a71712f7"},"headline":"Semana previa al Cl\u00e1sico espa\u00f1ol de la primera vuelta","datePublished":"2024-10-23T01:35:03+00:00","dateModified":"2024-10-23T04:21:29+00:00","mainEntityOfPage":{"@id":"https:\/\/damekiu.com\/wp\/previa-al-clasico-espanol\/"},"wordCount":675,"commentCount":0,"image":{"@id":"https:\/\/damekiu.com\/wp\/previa-al-clasico-espanol\/#primaryimage"},"thumbnailUrl":"https:\/\/i0.wp.com\/damekiu.com\/wp\/wp-content\/uploads\/2024\/10\/previa-al-Clasico-espanol-.png?fit=1024%2C768&ssl=1","keywords":["Futbol Club Barcelona","Futbol Soccer","Real Madrid Club de Futbol"],"articleSection":["Deportes"],"inLanguage":"es","potentialAction":[{"@type":"CommentAction","name":"Comment","target":["https:\/\/damekiu.com\/wp\/previa-al-clasico-espanol\/#respond"]}]},{"@type":"WebPage","@id":"https:\/\/damekiu.com\/wp\/previa-al-clasico-espanol\/","url":"https:\/\/damekiu.com\/wp\/previa-al-clasico-espanol\/","name":"Semana previa al Cl\u00e1sico espa\u00f1ol de la primera vuelta - Dame Kiu","isPartOf":{"@id":"https:\/\/damekiu.com\/wp\/#website"},"primaryImageOfPage":{"@id":"https:\/\/damekiu.com\/wp\/previa-al-clasico-espanol\/#primaryimage"},"image":{"@id":"https:\/\/damekiu.com\/wp\/previa-al-clasico-espanol\/#primaryimage"},"thumbnailUrl":"https:\/\/i0.wp.com\/damekiu.com\/wp\/wp-content\/uploads\/2024\/10\/previa-al-Clasico-espanol-.png?fit=1024%2C768&ssl=1","datePublished":"2024-10-23T01:35:03+00:00","dateModified":"2024-10-23T04:21:29+00:00","author":{"@id":"https:\/\/damekiu.com\/wp\/#\/schema\/person\/e4365b50f70debe0980806a4a71712f7"},"description":"El Real Madrid y el FC Barcelona se enfrentar\u00e1n por primera vez en un partido oficial de la temporada 2024\/2025","breadcrumb":{"@id":"https:\/\/damekiu.com\/wp\/previa-al-clasico-espanol\/#breadcrumb"},"inLanguage":"es","potentialAction":[{"@type":"ReadAction","target":["https:\/\/damekiu.com\/wp\/previa-al-clasico-espanol\/"]}]},{"@type":"ImageObject","inLanguage":"es","@id":"https:\/\/damekiu.com\/wp\/previa-al-clasico-espanol\/#primaryimage","url":"https:\/\/i0.wp.com\/damekiu.com\/wp\/wp-content\/uploads\/2024\/10\/previa-al-Clasico-espanol-.png?fit=1024%2C768&ssl=1","contentUrl":"https:\/\/i0.wp.com\/damekiu.com\/wp\/wp-content\/uploads\/2024\/10\/previa-al-Clasico-espanol-.png?fit=1024%2C768&ssl=1","width":1024,"height":768,"caption":"@DameKiu"},{"@type":"BreadcrumbList","@id":"https:\/\/damekiu.com\/wp\/previa-al-clasico-espanol\/#breadcrumb","itemListElement":[{"@type":"ListItem","position":1,"name":"Portada","item":"https:\/\/damekiu.com\/wp\/"},{"@type":"ListItem","position":2,"name":"Semana previa al Cl\u00e1sico espa\u00f1ol de la primera vuelta"}]},{"@type":"WebSite","@id":"https:\/\/damekiu.com\/wp\/#website","url":"https:\/\/damekiu.com\/wp\/","name":"Dame Kiu","description":"Agencia Informativa digital ","potentialAction":[{"@type":"SearchAction","target":{"@type":"EntryPoint","urlTemplate":"https:\/\/damekiu.com\/wp\/?s={search_term_string}"},"query-input":{"@type":"PropertyValueSpecification","valueRequired":true,"valueName":"search_term_string"}}],"inLanguage":"es"},{"@type":"Person","@id":"https:\/\/damekiu.com\/wp\/#\/schema\/person\/e4365b50f70debe0980806a4a71712f7","name":"Sebasti\u00e1n Ben\u00edtez","image":{"@type":"ImageObject","inLanguage":"es","@id":"https:\/\/damekiu.com\/wp\/#\/schema\/person\/image\/","url":"https:\/\/secure.gravatar.com\/avatar\/36a7572cd9b96d24f156450e73baa142ed7b835d026f156a175b21948069e18a?s=96&d=mm&r=g","contentUrl":"https:\/\/secure.gravatar.com\/avatar\/36a7572cd9b96d24f156450e73baa142ed7b835d026f156a175b21948069e18a?s=96&d=mm&r=g","caption":"Sebasti\u00e1n Ben\u00edtez"},"url":"https:\/\/damekiu.com\/wp\/author\/sebastianbenitez\/"}]}},"jetpack_featured_media_url":"https:\/\/i0.wp.com\/damekiu.com\/wp\/wp-content\/uploads\/2024\/10\/previa-al-Clasico-espanol-.png?fit=1024%2C768&ssl=1","jetpack_sharing_enabled":true,"jetpack-related-posts":[{"id":4112,"url":"https:\/\/damekiu.com\/wp\/presentacion-de-endrick-con-el-real-madrid\/","url_meta":{"origin":6321,"position":0},"title":"El Real Madrid inicia con el pie izquierdo","author":"Sebasti\u00e1n Ben\u00edtez","date":"agosto 1, 2024","format":false,"excerpt":"Samuel Chukwueze arruin\u00f3 el partido de presentaci\u00f3n de Endrick con el Real Madrid. El conjunto merengue enfrent\u00f3 al AC Milan en su primer partido de pretemporada en donde fueron superados por la m\u00ednima, eso s\u00ed, sin las m\u00e1ximas estrellas del plantel.\u00a0 La temporada 2024\/2025 del Real Madrid no inici\u00f3 de\u2026","rel":"","context":"En \u00abDeportes\u00bb","block_context":{"text":"Deportes","link":"https:\/\/damekiu.com\/wp\/category\/deportes\/"},"img":{"alt_text":"Presentaci\u00f3n de Endrick con el Real Madrid","src":"https:\/\/i0.wp.com\/damekiu.com\/wp\/wp-content\/uploads\/2024\/08\/Diseno-sin-titulo-2.png?fit=1024%2C768&ssl=1&resize=350%2C200","width":350,"height":200,"srcset":"https:\/\/i0.wp.com\/damekiu.com\/wp\/wp-content\/uploads\/2024\/08\/Diseno-sin-titulo-2.png?fit=1024%2C768&ssl=1&resize=350%2C200 1x, https:\/\/i0.wp.com\/damekiu.com\/wp\/wp-content\/uploads\/2024\/08\/Diseno-sin-titulo-2.png?fit=1024%2C768&ssl=1&resize=525%2C300 1.5x, https:\/\/i0.wp.com\/damekiu.com\/wp\/wp-content\/uploads\/2024\/08\/Diseno-sin-titulo-2.png?fit=1024%2C768&ssl=1&resize=700%2C400 2x"},"classes":[]},{"id":6514,"url":"https:\/\/damekiu.com\/wp\/balon-de-oro-2024\/","url_meta":{"origin":6321,"position":1},"title":"Bal\u00f3n de Oro 2024: En vivo","author":"Diana Arce","date":"octubre 28, 2024","format":false,"excerpt":"El Bal\u00f3n de Oro y la ceremonia, es uno de los eventos m\u00e1s esperados de los aficionados del balompi\u00e9, en el que se premia a los menores jugadores de la temporada. Pero esta vez la ceremonia del Bal\u00f3n de Oro, ha sido rodeada de la pol\u00e9mica a tal punto que\u2026","rel":"","context":"En \u00abDeportes\u00bb","block_context":{"text":"Deportes","link":"https:\/\/damekiu.com\/wp\/category\/deportes\/"},"img":{"alt_text":"Bal\u00f3n de Oro","src":"https:\/\/i0.wp.com\/damekiu.com\/wp\/wp-content\/uploads\/2024\/10\/DF313EE9-1F7F-43DA-9D03-487525164D62.png?fit=1024%2C768&ssl=1&resize=350%2C200","width":350,"height":200,"srcset":"https:\/\/i0.wp.com\/damekiu.com\/wp\/wp-content\/uploads\/2024\/10\/DF313EE9-1F7F-43DA-9D03-487525164D62.png?fit=1024%2C768&ssl=1&resize=350%2C200 1x, https:\/\/i0.wp.com\/damekiu.com\/wp\/wp-content\/uploads\/2024\/10\/DF313EE9-1F7F-43DA-9D03-487525164D62.png?fit=1024%2C768&ssl=1&resize=525%2C300 1.5x, https:\/\/i0.wp.com\/damekiu.com\/wp\/wp-content\/uploads\/2024\/10\/DF313EE9-1F7F-43DA-9D03-487525164D62.png?fit=1024%2C768&ssl=1&resize=700%2C400 2x"},"classes":[]},{"id":4468,"url":"https:\/\/damekiu.com\/wp\/la-seleccion-espanola-gano-todo\/","url_meta":{"origin":6321,"position":2},"title":"La Selecci\u00f3n Espa\u00f1ola gan\u00f3 todo en el f\u00fatbol","author":"Emilio F. Uribe","date":"agosto 14, 2024","format":false,"excerpt":"Este a\u00f1o la Selecci\u00f3n Espa\u00f1ola gan\u00f3 todo y, de cara al futuro, se encuentra en un renacer prometedor que no es ninguna casualidad. Una Selecci\u00f3n a la que ya se le considera como grande y que cuenta con figuras, tanto consagradas, como j\u00f3venes promesas, que, honestamente, ya son una realidad.\u2026","rel":"","context":"En \u00abDeportes\u00bb","block_context":{"text":"Deportes","link":"https:\/\/damekiu.com\/wp\/category\/deportes\/"},"img":{"alt_text":"La Selecci\u00f3n Espa\u00f1ola gan\u00f3 todo","src":"https:\/\/i0.wp.com\/damekiu.com\/wp\/wp-content\/uploads\/2024\/08\/Untitled-design-39.jpg?fit=1024%2C768&ssl=1&resize=350%2C200","width":350,"height":200,"srcset":"https:\/\/i0.wp.com\/damekiu.com\/wp\/wp-content\/uploads\/2024\/08\/Untitled-design-39.jpg?fit=1024%2C768&ssl=1&resize=350%2C200 1x, https:\/\/i0.wp.com\/damekiu.com\/wp\/wp-content\/uploads\/2024\/08\/Untitled-design-39.jpg?fit=1024%2C768&ssl=1&resize=525%2C300 1.5x, https:\/\/i0.wp.com\/damekiu.com\/wp\/wp-content\/uploads\/2024\/08\/Untitled-design-39.jpg?fit=1024%2C768&ssl=1&resize=700%2C400 2x"},"classes":[]},{"id":9001,"url":"https:\/\/damekiu.com\/wp\/pau-cubarsi-estara-vinculado-al-fc-barcelona-hasta-2029\/","url_meta":{"origin":6321,"position":3},"title":"Pau Cubars\u00ed firm\u00f3 la extensi\u00f3n de su contrato con el FC Barcelona","author":"Sebasti\u00e1n Ben\u00edtez","date":"febrero 13, 2025","format":false,"excerpt":"El club catal\u00e1n confirm\u00f3 el acuerdo con uno de sus jugadores con mayor proyecci\u00f3n, Pau Cubars\u00ed estar\u00e1 vinculado al FC Barcelona hasta 2029. Desde el a\u00f1o pasado la presidencia deportiva de la instituci\u00f3n comenz\u00f3 con los preparativos para lo que se confirmar\u00eda este jueves, en ese momento la edad del\u2026","rel":"","context":"En \u00abDeportes\u00bb","block_context":{"text":"Deportes","link":"https:\/\/damekiu.com\/wp\/category\/deportes\/"},"img":{"alt_text":"Pau Cubars\u00ed estar\u00e1 vinculado al FC Barcelona hasta 2029","src":"https:\/\/i0.wp.com\/damekiu.com\/wp\/wp-content\/uploads\/2025\/02\/Diseno-sin-titulo-3.png?fit=1024%2C768&ssl=1&resize=350%2C200","width":350,"height":200,"srcset":"https:\/\/i0.wp.com\/damekiu.com\/wp\/wp-content\/uploads\/2025\/02\/Diseno-sin-titulo-3.png?fit=1024%2C768&ssl=1&resize=350%2C200 1x, https:\/\/i0.wp.com\/damekiu.com\/wp\/wp-content\/uploads\/2025\/02\/Diseno-sin-titulo-3.png?fit=1024%2C768&ssl=1&resize=525%2C300 1.5x, https:\/\/i0.wp.com\/damekiu.com\/wp\/wp-content\/uploads\/2025\/02\/Diseno-sin-titulo-3.png?fit=1024%2C768&ssl=1&resize=700%2C400 2x"},"classes":[]},{"id":9895,"url":"https:\/\/damekiu.com\/wp\/madrid-y-barcelona-jugaran-la-final-de-copa-del-rey\/","url_meta":{"origin":6321,"position":4},"title":"Copa del Rey: Real Madrid y Barcelona se enfrentar\u00e1n en la final","author":"Sebasti\u00e1n Ben\u00edtez","date":"abril 2, 2025","format":false,"excerpt":"La temporada 2024\/2025 entr\u00f3 en la recta final y el Real Madrid y Barcelona jugar\u00e1n la final de la Copa del Rey el 26 de abril. Ambas escuadras superaron a sus rivales y ahora definir\u00e1n uno de los torneos m\u00e1s importantes de Espa\u00f1a.\u00a0 La Cartuja de Sevilla ser\u00e1 el escenario\u2026","rel":"","context":"En \u00abDeportes\u00bb","block_context":{"text":"Deportes","link":"https:\/\/damekiu.com\/wp\/category\/deportes\/"},"img":{"alt_text":"Madrid y Barcelona jugar\u00e1n la final de Copa del Rey","src":"https:\/\/i0.wp.com\/damekiu.com\/wp\/wp-content\/uploads\/2025\/04\/Madrid-y-Barcelona-jugaran-la-final-de-Copa-del-Rey.jpg?fit=960%2C1200&ssl=1&resize=350%2C200","width":350,"height":200,"srcset":"https:\/\/i0.wp.com\/damekiu.com\/wp\/wp-content\/uploads\/2025\/04\/Madrid-y-Barcelona-jugaran-la-final-de-Copa-del-Rey.jpg?fit=960%2C1200&ssl=1&resize=350%2C200 1x, https:\/\/i0.wp.com\/damekiu.com\/wp\/wp-content\/uploads\/2025\/04\/Madrid-y-Barcelona-jugaran-la-final-de-Copa-del-Rey.jpg?fit=960%2C1200&ssl=1&resize=525%2C300 1.5x, https:\/\/i0.wp.com\/damekiu.com\/wp\/wp-content\/uploads\/2025\/04\/Madrid-y-Barcelona-jugaran-la-final-de-Copa-del-Rey.jpg?fit=960%2C1200&ssl=1&resize=700%2C400 2x"},"classes":[]},{"id":9294,"url":"https:\/\/damekiu.com\/wp\/partidos-de-ida-de-las-semifinales-de-la-copa-del-rey\/","url_meta":{"origin":6321,"position":5},"title":"Se jugaron los partidos de ida de la Copa del Rey","author":"Sebasti\u00e1n Ben\u00edtez","date":"febrero 26, 2025","format":false,"excerpt":"Se jugaron los partidos de ida de las semifinales de la Copa del Rey. Las dos eliminatorias siguen abiertas, aunque el Real Madrid llegar\u00e1 a la vuelta con ventaja.\u00a0 Nos acercamos al final de una de las competencias m\u00e1s importantes del futbol espa\u00f1ol, FC Barcelona, Atl\u00e9tico de Madrid, Real Madrid\u2026","rel":"","context":"En \u00abDeportes\u00bb","block_context":{"text":"Deportes","link":"https:\/\/damekiu.com\/wp\/category\/deportes\/"},"img":{"alt_text":"partidos de ida de las semifinales de la Copa del Rey","src":"https:\/\/i0.wp.com\/damekiu.com\/wp\/wp-content\/uploads\/2025\/02\/partidos-de-ida-de-las-semifinales-de-la-Copa-del-Rey.png?fit=1024%2C768&ssl=1&resize=350%2C200","width":350,"height":200,"srcset":"https:\/\/i0.wp.com\/damekiu.com\/wp\/wp-content\/uploads\/2025\/02\/partidos-de-ida-de-las-semifinales-de-la-Copa-del-Rey.png?fit=1024%2C768&ssl=1&resize=350%2C200 1x, https:\/\/i0.wp.com\/damekiu.com\/wp\/wp-content\/uploads\/2025\/02\/partidos-de-ida-de-las-semifinales-de-la-Copa-del-Rey.png?fit=1024%2C768&ssl=1&resize=525%2C300 1.5x, https:\/\/i0.wp.com\/damekiu.com\/wp\/wp-content\/uploads\/2025\/02\/partidos-de-ida-de-las-semifinales-de-la-Copa-del-Rey.png?fit=1024%2C768&ssl=1&resize=700%2C400 2x"},"classes":[]}],"_links":{"self":[{"href":"https:\/\/damekiu.com\/wp\/wp-json\/wp\/v2\/posts\/6321","targetHints":{"allow":["GET"]}}],"collection":[{"href":"https:\/\/damekiu.com\/wp\/wp-json\/wp\/v2\/posts"}],"about":[{"href":"https:\/\/damekiu.com\/wp\/wp-json\/wp\/v2\/types\/post"}],"author":[{"embeddable":true,"href":"https:\/\/damekiu.com\/wp\/wp-json\/wp\/v2\/users\/11"}],"replies":[{"embeddable":true,"href":"https:\/\/damekiu.com\/wp\/wp-json\/wp\/v2\/comments?post=6321"}],"version-history":[{"count":4,"href":"https:\/\/damekiu.com\/wp\/wp-json\/wp\/v2\/posts\/6321\/revisions"}],"predecessor-version":[{"id":6335,"href":"https:\/\/damekiu.com\/wp\/wp-json\/wp\/v2\/posts\/6321\/revisions\/6335"}],"wp:featuredmedia":[{"embeddable":true,"href":"https:\/\/damekiu.com\/wp\/wp-json\/wp\/v2\/media\/6324"}],"wp:attachment":[{"href":"https:\/\/damekiu.com\/wp\/wp-json\/wp\/v2\/media?parent=6321"}],"wp:term":[{"taxonomy":"category","embeddable":true,"href":"https:\/\/damekiu.com\/wp\/wp-json\/wp\/v2\/categories?post=6321"},{"taxonomy":"post_tag","embeddable":true,"href":"https:\/\/damekiu.com\/wp\/wp-json\/wp\/v2\/tags?post=6321"}],"curies":[{"name":"wp","href":"https:\/\/api.w.org\/{rel}","templated":true}]}}