{"id":6011,"date":"2024-10-12T14:18:22","date_gmt":"2024-10-12T20:18:22","guid":{"rendered":"https:\/\/damekiu.com\/wp\/?p=6011"},"modified":"2024-10-12T14:18:22","modified_gmt":"2024-10-12T20:18:22","slug":"messi-y-bad-bunny","status":"publish","type":"post","link":"https:\/\/damekiu.com\/wp\/messi-y-bad-bunny\/","title":{"rendered":"Messi y Bad Bunny; los grandes de Adidas con nueva colaboraci\u00f3n"},"content":{"rendered":"<p style=\"text-align: justify;\"><span style=\"font-weight: 400;\">Recientemente, se filtr\u00f3 informaci\u00f3n de uno de los pr\u00f3ximos lanzamientos de Adidas, las cuales tienen a Messi y Bad Bunny como protagonistas.<\/span><\/p>\n<p style=\"text-align: justify;\"><span style=\"font-weight: 400;\">Adidas ha tenido un crecimiento notorio al momento de cerrar nuevas colaboraciones y desarrollar sneakers; la marca alemana ha definido un estilo muy marcado principalmente en el streetwear gracias a sus zapatillas Campus, Spezial, Samba y tambi\u00e9n las Gazelle, que ahora, gracias a im\u00e1genes filtradas, se sabe que estas \u00faltimas tendr\u00e1n un dise\u00f1o especial para una colaboraci\u00f3n entre Messi y Bad Bunny.<\/span><\/p>\n<p style=\"text-align: justify;\"><span style=\"font-weight: 400;\">Benito ha mostrado tener una gran afici\u00f3n por el ocho veces ganador del bal\u00f3n de oro, esto se puede asumir al escuchar algunas de las letras de sus canciones e incluso, durante la Copa del Mundo de 2022, pues el artista no escondi\u00f3 su admiraci\u00f3n; por ende, la colaboraci\u00f3n hace sentido y m\u00e1s siendo los principales embajadores de la marca.<\/span><\/p>\n<p style=\"text-align: justify;\"><span style=\"font-weight: 400;\">Bad Bunny ya cuenta con m\u00faltiples pares de zapatillas, con varios colorways en sus siluetas Forum, Campus y las Response CL, a la par, desde su uni\u00f3n con Adidas en el lejano 2007, Messi ha tenido sus propias colecciones, con diferentes ediciones de los famosos F50; Los Gazelle Indoor no ser\u00e1n los \u00fanicos que saldr\u00e1n, pues seg\u00fan las informaci\u00f3n filtrada, tambi\u00e9n est\u00e1 en desarrollo un par de zapatillas para jugar f\u00fatbol.\u00a0<\/span><\/p>\n<blockquote class=\"instagram-media\" style=\"background: #FFF; border: 0; border-radius: 3px; box-shadow: 0 0 1px 0 rgba(0,0,0,0.5),0 1px 10px 0 rgba(0,0,0,0.15); margin: 1px; max-width: 540px; min-width: 326px; padding: 0; width: calc(100% - 2px);\" data-instgrm-captioned=\"\" data-instgrm-permalink=\"https:\/\/www.instagram.com\/p\/DA8xO6Dxi6C\/?utm_source=ig_embed&amp;utm_campaign=loading\" data-instgrm-version=\"14\">\n<div style=\"padding: 16px;\">\n<p>&nbsp;<\/p>\n<div style=\"display: flex; flex-direction: row; align-items: center;\">\n<div style=\"background-color: #f4f4f4; border-radius: 50%; flex-grow: 0; height: 40px; margin-right: 14px; width: 40px;\"><\/div>\n<div style=\"display: flex; flex-direction: column; flex-grow: 1; justify-content: center;\">\n<div style=\"background-color: #f4f4f4; border-radius: 4px; flex-grow: 0; height: 14px; margin-bottom: 6px; width: 100px;\"><\/div>\n<div style=\"background-color: #f4f4f4; border-radius: 4px; flex-grow: 0; height: 14px; width: 60px;\"><\/div>\n<\/div>\n<\/div>\n<div style=\"padding: 19% 0;\"><\/div>\n<div style=\"display: block; height: 50px; margin: 0 auto 12px; width: 50px;\"><\/div>\n<div style=\"padding-top: 8px;\">\n<div style=\"color: #3897f0; font-family: Arial,sans-serif; font-size: 14px; font-style: normal; font-weight: 550; line-height: 18px;\">Ver esta publicaci\u00f3n en Instagram<\/div>\n<\/div>\n<div style=\"padding: 12.5% 0;\"><\/div>\n<div style=\"display: flex; flex-direction: row; margin-bottom: 14px; align-items: center;\">\n<div>\n<div style=\"background-color: #f4f4f4; border-radius: 50%; height: 12.5px; width: 12.5px; transform: translateX(0px) translateY(7px);\"><\/div>\n<div style=\"background-color: #f4f4f4; height: 12.5px; transform: rotate(-45deg) translateX(3px) translateY(1px); width: 12.5px; flex-grow: 0; margin-right: 14px; margin-left: 2px;\"><\/div>\n<div style=\"background-color: #f4f4f4; border-radius: 50%; height: 12.5px; width: 12.5px; transform: translateX(9px) translateY(-18px);\"><\/div>\n<\/div>\n<div style=\"margin-left: 8px;\">\n<div style=\"background-color: #f4f4f4; border-radius: 50%; flex-grow: 0; height: 20px; width: 20px;\"><\/div>\n<div style=\"width: 0; height: 0; border-top: 2px solid transparent; border-left: 6px solid #f4f4f4; border-bottom: 2px solid transparent; transform: translateX(16px) translateY(-4px) rotate(30deg);\"><\/div>\n<\/div>\n<div style=\"margin-left: auto;\">\n<div style=\"width: 0px; border-top: 8px solid #F4F4F4; border-right: 8px solid transparent; transform: translateY(16px);\"><\/div>\n<div style=\"background-color: #f4f4f4; flex-grow: 0; height: 12px; width: 16px; transform: translateY(-4px);\"><\/div>\n<div style=\"width: 0; height: 0; border-top: 8px solid #F4F4F4; border-left: 8px solid transparent; transform: translateY(-4px) translateX(8px);\"><\/div>\n<\/div>\n<\/div>\n<div style=\"display: flex; flex-direction: column; flex-grow: 1; justify-content: center; margin-bottom: 24px;\">\n<div style=\"background-color: #f4f4f4; border-radius: 4px; flex-grow: 0; height: 14px; margin-bottom: 6px; width: 224px;\"><\/div>\n<div style=\"background-color: #f4f4f4; border-radius: 4px; flex-grow: 0; height: 14px; width: 144px;\"><\/div>\n<\/div>\n<p>&nbsp;<\/p>\n<p style=\"color: #c9c8cd; font-family: Arial,sans-serif; font-size: 14px; line-height: 17px; margin-bottom: 0; margin-top: 8px; overflow: hidden; padding: 8px 0 7px; text-align: center; text-overflow: ellipsis; white-space: nowrap;\"><a style=\"color: #c9c8cd; font-family: Arial,sans-serif; font-size: 14px; font-style: normal; font-weight: normal; line-height: 17px; text-decoration: none;\" href=\"https:\/\/www.instagram.com\/p\/DA8xO6Dxi6C\/?utm_source=ig_embed&amp;utm_campaign=loading\" target=\"_blank\" rel=\"noopener\">Una publicaci\u00f3n compartida por HYPE SOLUTIONS (@hypedsolutions)<\/a><\/p>\n<\/div>\n<\/blockquote>\n<p style=\"text-align: justify;\"><script async src=\"\/\/www.instagram.com\/embed.js\"><\/script><\/p>\n<p style=\"text-align: justify;\"><span style=\"font-weight: 400;\">Para esta uni\u00f3n entre el <a href=\"https:\/\/damekiu.com\/wp\/la-moda-en-el-deporte\/\">deporte y la moda<\/a>, ambos pares tienen un dise\u00f1o similar y la misma paleta de colores (principalmente el color beige); entre los detalles de las Gazelle, es un par de zapatillas de cuero, en ellas se pueden leer los nombres \u2018Leo\u2019 y \u2018Benito\u2019 estampados en las cl\u00e1sicas tres l\u00edneas de Adidas en los costados, adem\u00e1s de que modificaron la forma de \u2018T\u2019 en el frente de la zapatilla.\u00a0<\/span><\/p>\n<p style=\"text-align: justify;\"><span style=\"font-weight: 400;\">Por otra parte, los F50 llevan los nombres en el lado exterior del par y ambos tienen una frase, en el interior del par y en la leng\u00fceta, la cual puede ser: \u201cBad Bunny para Messi\u201d o \u201cMessi para Bad Bunny\u201d.<\/span><\/p>\n<p style=\"text-align: justify;\"><span style=\"font-weight: 400;\">Se espera que la colaboraci\u00f3n entre Messi y Bad Bunny llegue en las pr\u00f3ximas semanas de octubre o noviembre, aunque a\u00fan no se ha revelado la fecha oficial de lanzamiento, ni el precio de ninguno de los dos pares exclusivos.<\/span><\/p>\n","protected":false},"excerpt":{"rendered":"<p>Recientemente, se filtr\u00f3 informaci\u00f3n de uno de los pr\u00f3ximos lanzamientos de Adidas, las cuales tienen a Messi y Bad Bunny<\/p>\n","protected":false},"author":18,"featured_media":6012,"comment_status":"open","ping_status":"open","sticky":false,"template":"","format":"standard","meta":{"colormag_page_container_layout":"default_layout","colormag_page_sidebar_layout":"default_layout","_jetpack_memberships_contains_paid_content":false,"footnotes":""},"categories":[14],"tags":[107,262,127,308,135],"class_list":["post-6011","post","type-post","status-publish","format-standard","has-post-thumbnail","hentry","category-lifestyle","tag-celebridades-internacionales","tag-colecciones","tag-dame-kiu","tag-deportes","tag-moda"],"magazineBlocksPostFeaturedMedia":{"thumbnail":"https:\/\/i0.wp.com\/damekiu.com\/wp\/wp-content\/uploads\/2024\/10\/Untitled-design-55.jpg?resize=150%2C150&ssl=1","medium":"https:\/\/i0.wp.com\/damekiu.com\/wp\/wp-content\/uploads\/2024\/10\/Untitled-design-55.jpg?fit=300%2C225&ssl=1","medium_large":"https:\/\/i0.wp.com\/damekiu.com\/wp\/wp-content\/uploads\/2024\/10\/Untitled-design-55.jpg?fit=768%2C576&ssl=1","large":"https:\/\/i0.wp.com\/damekiu.com\/wp\/wp-content\/uploads\/2024\/10\/Untitled-design-55.jpg?fit=800%2C600&ssl=1","1536x1536":"https:\/\/i0.wp.com\/damekiu.com\/wp\/wp-content\/uploads\/2024\/10\/Untitled-design-55.jpg?fit=1024%2C768&ssl=1","2048x2048":"https:\/\/i0.wp.com\/damekiu.com\/wp\/wp-content\/uploads\/2024\/10\/Untitled-design-55.jpg?fit=1024%2C768&ssl=1","colormag-highlighted-post":"https:\/\/i0.wp.com\/damekiu.com\/wp\/wp-content\/uploads\/2024\/10\/Untitled-design-55.jpg?resize=392%2C272&ssl=1","colormag-featured-post-medium":"https:\/\/i0.wp.com\/damekiu.com\/wp\/wp-content\/uploads\/2024\/10\/Untitled-design-55.jpg?resize=390%2C205&ssl=1","colormag-featured-post-small":"https:\/\/i0.wp.com\/damekiu.com\/wp\/wp-content\/uploads\/2024\/10\/Untitled-design-55.jpg?resize=130%2C90&ssl=1","colormag-featured-image":"https:\/\/i0.wp.com\/damekiu.com\/wp\/wp-content\/uploads\/2024\/10\/Untitled-design-55.jpg?resize=800%2C445&ssl=1","colormag-default-news":"https:\/\/i0.wp.com\/damekiu.com\/wp\/wp-content\/uploads\/2024\/10\/Untitled-design-55.jpg?resize=150%2C150&ssl=1","colormag-featured-image-large":"https:\/\/i0.wp.com\/damekiu.com\/wp\/wp-content\/uploads\/2024\/10\/Untitled-design-55.jpg?resize=1024%2C600&ssl=1"},"magazineBlocksPostAuthor":{"name":"Emilio F. Uribe","avatar":"https:\/\/secure.gravatar.com\/avatar\/c7e9a686702f7b460e9e0c379c26836cd447a1b73c3324f47303084b2f8647c9?s=96&d=mm&r=g"},"magazineBlocksPostCommentsNumber":"0","magazineBlocksPostExcerpt":"Recientemente, se filtr\u00f3 informaci\u00f3n de uno de los pr\u00f3ximos lanzamientos de Adidas, las cuales tienen a Messi y Bad Bunny","magazineBlocksPostCategories":["Lifestyle"],"magazineBlocksPostViewCount":516,"magazineBlocksPostReadTime":3,"magazine_blocks_featured_image_url":{"full":["https:\/\/i0.wp.com\/damekiu.com\/wp\/wp-content\/uploads\/2024\/10\/Untitled-design-55.jpg?fit=1024%2C768&ssl=1",1024,768,false],"medium":["https:\/\/i0.wp.com\/damekiu.com\/wp\/wp-content\/uploads\/2024\/10\/Untitled-design-55.jpg?fit=300%2C225&ssl=1",300,225,true],"thumbnail":["https:\/\/i0.wp.com\/damekiu.com\/wp\/wp-content\/uploads\/2024\/10\/Untitled-design-55.jpg?resize=150%2C150&ssl=1",150,150,true]},"magazine_blocks_author":{"display_name":"Emilio F. Uribe","author_link":"https:\/\/damekiu.com\/wp\/author\/emiliofavela\/"},"magazine_blocks_comment":0,"magazine_blocks_author_image":"https:\/\/secure.gravatar.com\/avatar\/c7e9a686702f7b460e9e0c379c26836cd447a1b73c3324f47303084b2f8647c9?s=96&d=mm&r=g","magazine_blocks_category":"<a href=\"#\" class=\"category-link category-link-14\">Lifestyle<\/a>","yoast_head":"<!-- This site is optimized with the Yoast SEO plugin v27.1.1 - https:\/\/yoast.com\/product\/yoast-seo-wordpress\/ -->\n<title>Messi y Bad Bunny; los grandes de Adidas con nueva colaboraci\u00f3n - Dame Kiu<\/title>\n<meta name=\"description\" content=\"Recientemente, se filtr\u00f3 informaci\u00f3n de uno de los pr\u00f3ximos lanzamientos de Adidas, las cuales tienen a Messi y Bad Bunny como protagonistas.\" \/>\n<meta name=\"robots\" content=\"index, follow, max-snippet:-1, max-image-preview:large, max-video-preview:-1\" \/>\n<link rel=\"canonical\" href=\"https:\/\/damekiu.com\/wp\/messi-y-bad-bunny\/\" \/>\n<meta property=\"og:locale\" content=\"es_ES\" \/>\n<meta property=\"og:type\" content=\"article\" \/>\n<meta property=\"og:title\" content=\"Messi y Bad Bunny; los grandes de Adidas con nueva colaboraci\u00f3n - Dame Kiu\" \/>\n<meta property=\"og:description\" content=\"Recientemente, se filtr\u00f3 informaci\u00f3n de uno de los pr\u00f3ximos lanzamientos de Adidas, las cuales tienen a Messi y Bad Bunny como protagonistas.\" \/>\n<meta property=\"og:url\" content=\"https:\/\/damekiu.com\/wp\/messi-y-bad-bunny\/\" \/>\n<meta property=\"og:site_name\" content=\"Dame Kiu\" \/>\n<meta property=\"article:published_time\" content=\"2024-10-12T20:18:22+00:00\" \/>\n<meta property=\"og:image\" content=\"https:\/\/damekiu.com\/wp\/wp-content\/uploads\/2024\/10\/Untitled-design-55.jpg\" \/>\n\t<meta property=\"og:image:width\" content=\"1024\" \/>\n\t<meta property=\"og:image:height\" content=\"768\" \/>\n\t<meta property=\"og:image:type\" content=\"image\/jpeg\" \/>\n<meta name=\"author\" content=\"Emilio F. Uribe\" \/>\n<meta name=\"twitter:card\" content=\"summary_large_image\" \/>\n<meta name=\"twitter:label1\" content=\"Escrito por\" \/>\n\t<meta name=\"twitter:data1\" content=\"Emilio F. Uribe\" \/>\n\t<meta name=\"twitter:label2\" content=\"Tiempo de lectura\" \/>\n\t<meta name=\"twitter:data2\" content=\"2 minutos\" \/>\n<script type=\"application\/ld+json\" class=\"yoast-schema-graph\">{\"@context\":\"https:\/\/schema.org\",\"@graph\":[{\"@type\":\"Article\",\"@id\":\"https:\/\/damekiu.com\/wp\/messi-y-bad-bunny\/#article\",\"isPartOf\":{\"@id\":\"https:\/\/damekiu.com\/wp\/messi-y-bad-bunny\/\"},\"author\":{\"name\":\"Emilio F. Uribe\",\"@id\":\"https:\/\/damekiu.com\/wp\/#\/schema\/person\/7a763bf3c42c600dbf284d2be23055c1\"},\"headline\":\"Messi y Bad Bunny; los grandes de Adidas con nueva colaboraci\u00f3n\",\"datePublished\":\"2024-10-12T20:18:22+00:00\",\"mainEntityOfPage\":{\"@id\":\"https:\/\/damekiu.com\/wp\/messi-y-bad-bunny\/\"},\"wordCount\":424,\"commentCount\":0,\"image\":{\"@id\":\"https:\/\/damekiu.com\/wp\/messi-y-bad-bunny\/#primaryimage\"},\"thumbnailUrl\":\"https:\/\/i0.wp.com\/damekiu.com\/wp\/wp-content\/uploads\/2024\/10\/Untitled-design-55.jpg?fit=1024%2C768&ssl=1\",\"keywords\":[\"Celebridades internacionales\",\"Colecciones\",\"Dame Kiu\",\"Deportes\",\"Moda\"],\"articleSection\":[\"Lifestyle\"],\"inLanguage\":\"es\",\"potentialAction\":[{\"@type\":\"CommentAction\",\"name\":\"Comment\",\"target\":[\"https:\/\/damekiu.com\/wp\/messi-y-bad-bunny\/#respond\"]}]},{\"@type\":\"WebPage\",\"@id\":\"https:\/\/damekiu.com\/wp\/messi-y-bad-bunny\/\",\"url\":\"https:\/\/damekiu.com\/wp\/messi-y-bad-bunny\/\",\"name\":\"Messi y Bad Bunny; los grandes de Adidas con nueva colaboraci\u00f3n - Dame Kiu\",\"isPartOf\":{\"@id\":\"https:\/\/damekiu.com\/wp\/#website\"},\"primaryImageOfPage\":{\"@id\":\"https:\/\/damekiu.com\/wp\/messi-y-bad-bunny\/#primaryimage\"},\"image\":{\"@id\":\"https:\/\/damekiu.com\/wp\/messi-y-bad-bunny\/#primaryimage\"},\"thumbnailUrl\":\"https:\/\/i0.wp.com\/damekiu.com\/wp\/wp-content\/uploads\/2024\/10\/Untitled-design-55.jpg?fit=1024%2C768&ssl=1\",\"datePublished\":\"2024-10-12T20:18:22+00:00\",\"author\":{\"@id\":\"https:\/\/damekiu.com\/wp\/#\/schema\/person\/7a763bf3c42c600dbf284d2be23055c1\"},\"description\":\"Recientemente, se filtr\u00f3 informaci\u00f3n de uno de los pr\u00f3ximos lanzamientos de Adidas, las cuales tienen a Messi y Bad Bunny como protagonistas.\",\"breadcrumb\":{\"@id\":\"https:\/\/damekiu.com\/wp\/messi-y-bad-bunny\/#breadcrumb\"},\"inLanguage\":\"es\",\"potentialAction\":[{\"@type\":\"ReadAction\",\"target\":[\"https:\/\/damekiu.com\/wp\/messi-y-bad-bunny\/\"]}]},{\"@type\":\"ImageObject\",\"inLanguage\":\"es\",\"@id\":\"https:\/\/damekiu.com\/wp\/messi-y-bad-bunny\/#primaryimage\",\"url\":\"https:\/\/i0.wp.com\/damekiu.com\/wp\/wp-content\/uploads\/2024\/10\/Untitled-design-55.jpg?fit=1024%2C768&ssl=1\",\"contentUrl\":\"https:\/\/i0.wp.com\/damekiu.com\/wp\/wp-content\/uploads\/2024\/10\/Untitled-design-55.jpg?fit=1024%2C768&ssl=1\",\"width\":1024,\"height\":768,\"caption\":\"Fuente: Instagram, @leomessi y @badbunnypr\"},{\"@type\":\"BreadcrumbList\",\"@id\":\"https:\/\/damekiu.com\/wp\/messi-y-bad-bunny\/#breadcrumb\",\"itemListElement\":[{\"@type\":\"ListItem\",\"position\":1,\"name\":\"Portada\",\"item\":\"https:\/\/damekiu.com\/wp\/\"},{\"@type\":\"ListItem\",\"position\":2,\"name\":\"Messi y Bad Bunny; los grandes de Adidas con nueva colaboraci\u00f3n\"}]},{\"@type\":\"WebSite\",\"@id\":\"https:\/\/damekiu.com\/wp\/#website\",\"url\":\"https:\/\/damekiu.com\/wp\/\",\"name\":\"Dame Kiu\",\"description\":\"Agencia Informativa digital \",\"potentialAction\":[{\"@type\":\"SearchAction\",\"target\":{\"@type\":\"EntryPoint\",\"urlTemplate\":\"https:\/\/damekiu.com\/wp\/?s={search_term_string}\"},\"query-input\":{\"@type\":\"PropertyValueSpecification\",\"valueRequired\":true,\"valueName\":\"search_term_string\"}}],\"inLanguage\":\"es\"},{\"@type\":\"Person\",\"@id\":\"https:\/\/damekiu.com\/wp\/#\/schema\/person\/7a763bf3c42c600dbf284d2be23055c1\",\"name\":\"Emilio F. Uribe\",\"image\":{\"@type\":\"ImageObject\",\"inLanguage\":\"es\",\"@id\":\"https:\/\/damekiu.com\/wp\/#\/schema\/person\/image\/\",\"url\":\"https:\/\/secure.gravatar.com\/avatar\/c7e9a686702f7b460e9e0c379c26836cd447a1b73c3324f47303084b2f8647c9?s=96&d=mm&r=g\",\"contentUrl\":\"https:\/\/secure.gravatar.com\/avatar\/c7e9a686702f7b460e9e0c379c26836cd447a1b73c3324f47303084b2f8647c9?s=96&d=mm&r=g\",\"caption\":\"Emilio F. Uribe\"},\"url\":\"https:\/\/damekiu.com\/wp\/author\/emiliofavela\/\"}]}<\/script>\n<!-- \/ Yoast SEO plugin. -->","yoast_head_json":{"title":"Messi y Bad Bunny; los grandes de Adidas con nueva colaboraci\u00f3n - Dame Kiu","description":"Recientemente, se filtr\u00f3 informaci\u00f3n de uno de los pr\u00f3ximos lanzamientos de Adidas, las cuales tienen a Messi y Bad Bunny como protagonistas.","robots":{"index":"index","follow":"follow","max-snippet":"max-snippet:-1","max-image-preview":"max-image-preview:large","max-video-preview":"max-video-preview:-1"},"canonical":"https:\/\/damekiu.com\/wp\/messi-y-bad-bunny\/","og_locale":"es_ES","og_type":"article","og_title":"Messi y Bad Bunny; los grandes de Adidas con nueva colaboraci\u00f3n - Dame Kiu","og_description":"Recientemente, se filtr\u00f3 informaci\u00f3n de uno de los pr\u00f3ximos lanzamientos de Adidas, las cuales tienen a Messi y Bad Bunny como protagonistas.","og_url":"https:\/\/damekiu.com\/wp\/messi-y-bad-bunny\/","og_site_name":"Dame Kiu","article_published_time":"2024-10-12T20:18:22+00:00","og_image":[{"width":1024,"height":768,"url":"https:\/\/damekiu.com\/wp\/wp-content\/uploads\/2024\/10\/Untitled-design-55.jpg","type":"image\/jpeg"}],"author":"Emilio F. Uribe","twitter_card":"summary_large_image","twitter_misc":{"Escrito por":"Emilio F. Uribe","Tiempo de lectura":"2 minutos"},"schema":{"@context":"https:\/\/schema.org","@graph":[{"@type":"Article","@id":"https:\/\/damekiu.com\/wp\/messi-y-bad-bunny\/#article","isPartOf":{"@id":"https:\/\/damekiu.com\/wp\/messi-y-bad-bunny\/"},"author":{"name":"Emilio F. Uribe","@id":"https:\/\/damekiu.com\/wp\/#\/schema\/person\/7a763bf3c42c600dbf284d2be23055c1"},"headline":"Messi y Bad Bunny; los grandes de Adidas con nueva colaboraci\u00f3n","datePublished":"2024-10-12T20:18:22+00:00","mainEntityOfPage":{"@id":"https:\/\/damekiu.com\/wp\/messi-y-bad-bunny\/"},"wordCount":424,"commentCount":0,"image":{"@id":"https:\/\/damekiu.com\/wp\/messi-y-bad-bunny\/#primaryimage"},"thumbnailUrl":"https:\/\/i0.wp.com\/damekiu.com\/wp\/wp-content\/uploads\/2024\/10\/Untitled-design-55.jpg?fit=1024%2C768&ssl=1","keywords":["Celebridades internacionales","Colecciones","Dame Kiu","Deportes","Moda"],"articleSection":["Lifestyle"],"inLanguage":"es","potentialAction":[{"@type":"CommentAction","name":"Comment","target":["https:\/\/damekiu.com\/wp\/messi-y-bad-bunny\/#respond"]}]},{"@type":"WebPage","@id":"https:\/\/damekiu.com\/wp\/messi-y-bad-bunny\/","url":"https:\/\/damekiu.com\/wp\/messi-y-bad-bunny\/","name":"Messi y Bad Bunny; los grandes de Adidas con nueva colaboraci\u00f3n - Dame Kiu","isPartOf":{"@id":"https:\/\/damekiu.com\/wp\/#website"},"primaryImageOfPage":{"@id":"https:\/\/damekiu.com\/wp\/messi-y-bad-bunny\/#primaryimage"},"image":{"@id":"https:\/\/damekiu.com\/wp\/messi-y-bad-bunny\/#primaryimage"},"thumbnailUrl":"https:\/\/i0.wp.com\/damekiu.com\/wp\/wp-content\/uploads\/2024\/10\/Untitled-design-55.jpg?fit=1024%2C768&ssl=1","datePublished":"2024-10-12T20:18:22+00:00","author":{"@id":"https:\/\/damekiu.com\/wp\/#\/schema\/person\/7a763bf3c42c600dbf284d2be23055c1"},"description":"Recientemente, se filtr\u00f3 informaci\u00f3n de uno de los pr\u00f3ximos lanzamientos de Adidas, las cuales tienen a Messi y Bad Bunny como protagonistas.","breadcrumb":{"@id":"https:\/\/damekiu.com\/wp\/messi-y-bad-bunny\/#breadcrumb"},"inLanguage":"es","potentialAction":[{"@type":"ReadAction","target":["https:\/\/damekiu.com\/wp\/messi-y-bad-bunny\/"]}]},{"@type":"ImageObject","inLanguage":"es","@id":"https:\/\/damekiu.com\/wp\/messi-y-bad-bunny\/#primaryimage","url":"https:\/\/i0.wp.com\/damekiu.com\/wp\/wp-content\/uploads\/2024\/10\/Untitled-design-55.jpg?fit=1024%2C768&ssl=1","contentUrl":"https:\/\/i0.wp.com\/damekiu.com\/wp\/wp-content\/uploads\/2024\/10\/Untitled-design-55.jpg?fit=1024%2C768&ssl=1","width":1024,"height":768,"caption":"Fuente: Instagram, @leomessi y @badbunnypr"},{"@type":"BreadcrumbList","@id":"https:\/\/damekiu.com\/wp\/messi-y-bad-bunny\/#breadcrumb","itemListElement":[{"@type":"ListItem","position":1,"name":"Portada","item":"https:\/\/damekiu.com\/wp\/"},{"@type":"ListItem","position":2,"name":"Messi y Bad Bunny; los grandes de Adidas con nueva colaboraci\u00f3n"}]},{"@type":"WebSite","@id":"https:\/\/damekiu.com\/wp\/#website","url":"https:\/\/damekiu.com\/wp\/","name":"Dame Kiu","description":"Agencia Informativa digital ","potentialAction":[{"@type":"SearchAction","target":{"@type":"EntryPoint","urlTemplate":"https:\/\/damekiu.com\/wp\/?s={search_term_string}"},"query-input":{"@type":"PropertyValueSpecification","valueRequired":true,"valueName":"search_term_string"}}],"inLanguage":"es"},{"@type":"Person","@id":"https:\/\/damekiu.com\/wp\/#\/schema\/person\/7a763bf3c42c600dbf284d2be23055c1","name":"Emilio F. Uribe","image":{"@type":"ImageObject","inLanguage":"es","@id":"https:\/\/damekiu.com\/wp\/#\/schema\/person\/image\/","url":"https:\/\/secure.gravatar.com\/avatar\/c7e9a686702f7b460e9e0c379c26836cd447a1b73c3324f47303084b2f8647c9?s=96&d=mm&r=g","contentUrl":"https:\/\/secure.gravatar.com\/avatar\/c7e9a686702f7b460e9e0c379c26836cd447a1b73c3324f47303084b2f8647c9?s=96&d=mm&r=g","caption":"Emilio F. Uribe"},"url":"https:\/\/damekiu.com\/wp\/author\/emiliofavela\/"}]}},"jetpack_featured_media_url":"https:\/\/i0.wp.com\/damekiu.com\/wp\/wp-content\/uploads\/2024\/10\/Untitled-design-55.jpg?fit=1024%2C768&ssl=1","jetpack_sharing_enabled":true,"jetpack-related-posts":[{"id":3225,"url":"https:\/\/damekiu.com\/wp\/bad-bunny-nunca-falta-el-4-de-julio\/","url_meta":{"origin":6011,"position":0},"title":"Bad bunny nunca falta el 4 de julio","author":"Regina Balderas","date":"julio 4, 2024","format":false,"excerpt":"El cantante puertorrique\u00f1o, Bad Bunny, cada 4 de julio se vuelve tendencia en redes sociales por una de sus canciones. Cada a\u00f1o Bad Bunny el 4 de julio se hace viral en todas las redes sociales, como en plataformas de m\u00fasica (Spotify, Amazon Music, YouTube), ya que le dio un\u2026","rel":"","context":"En \u00abEspect\u00e1culos\u00bb","block_context":{"text":"Espect\u00e1culos","link":"https:\/\/damekiu.com\/wp\/category\/espectaculos\/"},"img":{"alt_text":"Bad bunny nunca falta el 4 de julio","src":"https:\/\/i0.wp.com\/damekiu.com\/wp\/wp-content\/uploads\/2024\/07\/Diseno-sin-titulo-2-2.png?fit=1024%2C768&ssl=1&resize=350%2C200","width":350,"height":200,"srcset":"https:\/\/i0.wp.com\/damekiu.com\/wp\/wp-content\/uploads\/2024\/07\/Diseno-sin-titulo-2-2.png?fit=1024%2C768&ssl=1&resize=350%2C200 1x, https:\/\/i0.wp.com\/damekiu.com\/wp\/wp-content\/uploads\/2024\/07\/Diseno-sin-titulo-2-2.png?fit=1024%2C768&ssl=1&resize=525%2C300 1.5x, https:\/\/i0.wp.com\/damekiu.com\/wp\/wp-content\/uploads\/2024\/07\/Diseno-sin-titulo-2-2.png?fit=1024%2C768&ssl=1&resize=700%2C400 2x"},"classes":[]},{"id":2102,"url":"https:\/\/damekiu.com\/wp\/la-moda-en-el-deporte\/","url_meta":{"origin":6011,"position":1},"title":"Impacto de la industria de la moda en el deporte","author":"Emilio F. Uribe","date":"junio 11, 2024","format":false,"excerpt":"La moda en el deporte, a diferencia de lo que muchos puedan creer, es una relaci\u00f3n distante, en realidad es una relaci\u00f3n larga y duradera. El cambio que ha tenido en los \u00faltimos a\u00f1os lo podemos definir como figura deportiva con el fin de entender la esencia del deportista y\u2026","rel":"","context":"En \u00abLifestyle\u00bb","block_context":{"text":"Lifestyle","link":"https:\/\/damekiu.com\/wp\/category\/lifestyle\/"},"img":{"alt_text":"La moda en el deporte","src":"https:\/\/i0.wp.com\/damekiu.com\/wp\/wp-content\/uploads\/2024\/06\/Untitled-design-9.jpg?fit=1024%2C768&ssl=1&resize=350%2C200","width":350,"height":200,"srcset":"https:\/\/i0.wp.com\/damekiu.com\/wp\/wp-content\/uploads\/2024\/06\/Untitled-design-9.jpg?fit=1024%2C768&ssl=1&resize=350%2C200 1x, https:\/\/i0.wp.com\/damekiu.com\/wp\/wp-content\/uploads\/2024\/06\/Untitled-design-9.jpg?fit=1024%2C768&ssl=1&resize=525%2C300 1.5x, https:\/\/i0.wp.com\/damekiu.com\/wp\/wp-content\/uploads\/2024\/06\/Untitled-design-9.jpg?fit=1024%2C768&ssl=1&resize=700%2C400 2x"},"classes":[]},{"id":3599,"url":"https:\/\/damekiu.com\/wp\/nueva-colaboracion-de-adidas-con-la-mls\/","url_meta":{"origin":6011,"position":2},"title":"Nueva colaboraci\u00f3n de Adidas con la MLS; uni\u00f3n moda y deporte","author":"Emilio F. Uribe","date":"julio 17, 2024","format":false,"excerpt":"La nueva colaboraci\u00f3n de Adidas con la MLS present\u00f3 una colecci\u00f3n con tenis Gazelle, ropa y playeras retro de los equipos de la liga. El uso de playeras retro se ha vuelto tendencia entre el a\u00f1o pasado y este. La nueva colaboraci\u00f3n de Adidas con la MLS no desaprovech\u00f3 la\u2026","rel":"","context":"En \u00abLifestyle\u00bb","block_context":{"text":"Lifestyle","link":"https:\/\/damekiu.com\/wp\/category\/lifestyle\/"},"img":{"alt_text":"Nueva colaboraci\u00f3n de Adidas con la MLS","src":"https:\/\/i0.wp.com\/damekiu.com\/wp\/wp-content\/uploads\/2024\/07\/Untitled-design-33.jpg?fit=1024%2C768&ssl=1&resize=350%2C200","width":350,"height":200,"srcset":"https:\/\/i0.wp.com\/damekiu.com\/wp\/wp-content\/uploads\/2024\/07\/Untitled-design-33.jpg?fit=1024%2C768&ssl=1&resize=350%2C200 1x, https:\/\/i0.wp.com\/damekiu.com\/wp\/wp-content\/uploads\/2024\/07\/Untitled-design-33.jpg?fit=1024%2C768&ssl=1&resize=525%2C300 1.5x, https:\/\/i0.wp.com\/damekiu.com\/wp\/wp-content\/uploads\/2024\/07\/Untitled-design-33.jpg?fit=1024%2C768&ssl=1&resize=700%2C400 2x"},"classes":[]},{"id":7453,"url":"https:\/\/damekiu.com\/wp\/adidas-y-el-tri-se-quedan-juntos-hasta-2034\/","url_meta":{"origin":6011,"position":3},"title":"\u00a1Adidas y el Tri se quedan juntos hasta 2034!","author":"Valentina Najera","date":"noviembre 24, 2024","format":false,"excerpt":"Adidas y el Tri renovaron votos y seguir\u00e1n juntos otros 10 a\u00f1os. S\u00ed, hasta 2034 la marca alemana continuar\u00e1 siendo el patrocinador oficial del Tri, acompa\u00f1\u00e1ndolo en cada jugada, victoria y hasta en esos momentos dif\u00edciles que unen corazones. Con el lema \u201cAl lado del coraz\u00f3n\u201d, adidas promete seguir escribiendo\u2026","rel":"","context":"En \u00abDeportes\u00bb","block_context":{"text":"Deportes","link":"https:\/\/damekiu.com\/wp\/category\/deportes\/"},"img":{"alt_text":"","src":"https:\/\/i0.wp.com\/damekiu.com\/wp\/wp-content\/uploads\/2024\/11\/SNM.jpg?fit=1200%2C800&ssl=1&resize=350%2C200","width":350,"height":200,"srcset":"https:\/\/i0.wp.com\/damekiu.com\/wp\/wp-content\/uploads\/2024\/11\/SNM.jpg?fit=1200%2C800&ssl=1&resize=350%2C200 1x, https:\/\/i0.wp.com\/damekiu.com\/wp\/wp-content\/uploads\/2024\/11\/SNM.jpg?fit=1200%2C800&ssl=1&resize=525%2C300 1.5x, https:\/\/i0.wp.com\/damekiu.com\/wp\/wp-content\/uploads\/2024\/11\/SNM.jpg?fit=1200%2C800&ssl=1&resize=700%2C400 2x, https:\/\/i0.wp.com\/damekiu.com\/wp\/wp-content\/uploads\/2024\/11\/SNM.jpg?fit=1200%2C800&ssl=1&resize=1050%2C600 3x"},"classes":[]},{"id":9795,"url":"https:\/\/damekiu.com\/wp\/cristiano-y-messi-cerca-de-ser-companeros-de-equipo\/","url_meta":{"origin":6011,"position":4},"title":"\u00a1Cristiano y Messi cerca de ser compa\u00f1eros de equipo!","author":"Karen G. Zamudio","date":"marzo 27, 2025","format":false,"excerpt":"Despu\u00e9s de haber escrito la trama de una de las rivalidades deportivas m\u00e1s grandes e importantes en la historia del futbol mundial, Cristiano Ronaldo y Lionel Messi podr\u00edan darle el fin m\u00e1s digno a su rivalidad al haberse abierto la posibilidad de ser compa\u00f1eros en el Inter de Miami para\u2026","rel":"","context":"En \u00abDeportes\u00bb","block_context":{"text":"Deportes","link":"https:\/\/damekiu.com\/wp\/category\/deportes\/"},"img":{"alt_text":"","src":"","width":0,"height":0},"classes":[]},{"id":8133,"url":"https:\/\/damekiu.com\/wp\/tigres-femenil\/","url_meta":{"origin":6011,"position":5},"title":"Tigres Femenil lanza colecci\u00f3n inspirada en Wonder Woman","author":"Aixa Salinas","date":"enero 16, 2025","format":false,"excerpt":"Tigres Femenil present\u00f3 su nuevo jersey de calentamiento para el Clausura 2025, resultado de una colaboraci\u00f3n entre Adidas y DC Comics. Inspirado en Wonder Woman, esta prenda busca destacar la fuerza y el esp\u00edritu de Las Amazonas. La colecci\u00f3n incluye, adem\u00e1s, una chamarra y una sudadera con un dise\u00f1o que\u2026","rel":"","context":"En \u00abDeportes\u00bb","block_context":{"text":"Deportes","link":"https:\/\/damekiu.com\/wp\/category\/deportes\/"},"img":{"alt_text":"Tigres Femenil","src":"https:\/\/i0.wp.com\/damekiu.com\/wp\/wp-content\/uploads\/2025\/01\/Captura-de-pantalla-2025-01-16-a-las-3.37.46%E2%80%AFp.m.png?fit=1030%2C1200&ssl=1&resize=350%2C200","width":350,"height":200,"srcset":"https:\/\/i0.wp.com\/damekiu.com\/wp\/wp-content\/uploads\/2025\/01\/Captura-de-pantalla-2025-01-16-a-las-3.37.46%E2%80%AFp.m.png?fit=1030%2C1200&ssl=1&resize=350%2C200 1x, https:\/\/i0.wp.com\/damekiu.com\/wp\/wp-content\/uploads\/2025\/01\/Captura-de-pantalla-2025-01-16-a-las-3.37.46%E2%80%AFp.m.png?fit=1030%2C1200&ssl=1&resize=525%2C300 1.5x, https:\/\/i0.wp.com\/damekiu.com\/wp\/wp-content\/uploads\/2025\/01\/Captura-de-pantalla-2025-01-16-a-las-3.37.46%E2%80%AFp.m.png?fit=1030%2C1200&ssl=1&resize=700%2C400 2x"},"classes":[]}],"_links":{"self":[{"href":"https:\/\/damekiu.com\/wp\/wp-json\/wp\/v2\/posts\/6011","targetHints":{"allow":["GET"]}}],"collection":[{"href":"https:\/\/damekiu.com\/wp\/wp-json\/wp\/v2\/posts"}],"about":[{"href":"https:\/\/damekiu.com\/wp\/wp-json\/wp\/v2\/types\/post"}],"author":[{"embeddable":true,"href":"https:\/\/damekiu.com\/wp\/wp-json\/wp\/v2\/users\/18"}],"replies":[{"embeddable":true,"href":"https:\/\/damekiu.com\/wp\/wp-json\/wp\/v2\/comments?post=6011"}],"version-history":[{"count":1,"href":"https:\/\/damekiu.com\/wp\/wp-json\/wp\/v2\/posts\/6011\/revisions"}],"predecessor-version":[{"id":6013,"href":"https:\/\/damekiu.com\/wp\/wp-json\/wp\/v2\/posts\/6011\/revisions\/6013"}],"wp:featuredmedia":[{"embeddable":true,"href":"https:\/\/damekiu.com\/wp\/wp-json\/wp\/v2\/media\/6012"}],"wp:attachment":[{"href":"https:\/\/damekiu.com\/wp\/wp-json\/wp\/v2\/media?parent=6011"}],"wp:term":[{"taxonomy":"category","embeddable":true,"href":"https:\/\/damekiu.com\/wp\/wp-json\/wp\/v2\/categories?post=6011"},{"taxonomy":"post_tag","embeddable":true,"href":"https:\/\/damekiu.com\/wp\/wp-json\/wp\/v2\/tags?post=6011"}],"curies":[{"name":"wp","href":"https:\/\/api.w.org\/{rel}","templated":true}]}}