{"id":5694,"date":"2024-10-02T15:18:29","date_gmt":"2024-10-02T21:18:29","guid":{"rendered":"https:\/\/damekiu.com\/wp\/?p=5694"},"modified":"2024-10-02T15:18:29","modified_gmt":"2024-10-02T21:18:29","slug":"tenemos-presidenta-asi-fue-la-toma-de-protesta-de-claudia-sheinbaum","status":"publish","type":"post","link":"https:\/\/damekiu.com\/wp\/tenemos-presidenta-asi-fue-la-toma-de-protesta-de-claudia-sheinbaum\/","title":{"rendered":"\u00a1Tenemos presidenta!: As\u00ed fue la toma de protesta de Claudia Sheinbaum"},"content":{"rendered":"<p><span style=\"font-weight: 400;\">Este martes M\u00e9xico asumi\u00f3 en el poder a <\/span><b>Claudia Sheinbaum<\/b><span style=\"font-weight: 400;\">,<\/span><b> la primera mujer presidenta <\/b><span style=\"font-weight: 400;\">en sus 200 a\u00f1os de historia como Rep\u00fablica democr\u00e1tica. La mandataria, Claudia Sheinbaum, recibi\u00f3 la banda presidencial en el recinto legislativo de San L\u00e1zaro, de manos de<\/span><b> Ifigenia Mart\u00ednez<\/b><span style=\"font-weight: 400;\">; quien es presidenta de la C\u00e1mara de Diputados para el primer periodo ordinario de sesiones de la LXVI Legislatura.\u00a0<\/span><\/p>\n<p><span style=\"font-weight: 400;\">En la ceremonia se pudo contar con la presencia de numerosos mandatarios y diplom\u00e1ticos de todo el mundo. Y tras tomar protesta de manera oficial, se dirigi\u00f3 al z\u00f3calo capitalino, donde cientos de miles de simpatizantes la esperaban para presenciar la ceremonia ind\u00edgena de la entrega del <\/span><b>bast\u00f3n de mando<\/b><span style=\"font-weight: 400;\"> de los pueblos originarios y por supuesto, para escuchar los <\/span><b>100 compromisos<\/b><span style=\"font-weight: 400;\"> por cumplir durante su sexenio.\u00a0<\/span><\/p>\n<h3><b>\u00bfCu\u00e1les son los compromisos de Claudia Sheinbaum como presidenta?<\/b><\/h3>\n<p><span style=\"font-weight: 400;\">Luego de ser la mujer m\u00e1s votada en la historia del pa\u00eds, la presidenta<\/span><b> Claudia Sheinbaum <\/b><span style=\"font-weight: 400;\">asisti\u00f3 a su primer evento masivo, en la plancha del z\u00f3calo de la Ciudad de M\u00e9xico. Durante dicho evento, la mandataria se comprometi\u00f3 a gobernar para todos y cada una de las y los 130 millones de personas que habitan M\u00e9xico.<\/span><b>\u00a0\u00a0<\/b><\/p>\n<p><span style=\"font-weight: 400;\">A lo largo de su discurso y despu\u00e9s de la entrega del bast\u00f3n de mando, habl\u00f3 sobre comprometerse a consolidar el <\/span><i><span style=\"font-weight: 400;\">\u201csegundo piso de la cuarta transformaci\u00f3n\u201d<\/span><\/i><span style=\"font-weight: 400;\">, y dio una especial puntualizaci\u00f3n a la importancia del funcionamiento de la Secretaria de las Mujeres; de la cual es titular Citlalli Hern\u00e1ndez, de la Secretar\u00eda Anticorrupci\u00f3n y de Buen Gobierno; de la cual es titular Raquel Buenrostro, de la aprobaci\u00f3n de la <a href=\"https:\/\/damekiu.com\/wp\/reduccion-de-la-jornada-laboral\/\">Reforma Laboral de 40 horas<\/a>, y sobre la <em>\u201cmal llamada\u201d<\/em> <a href=\"https:\/\/damekiu.com\/wp\/guardia-nacional-sera-adscripta-a-sedena-inicio-de-la-militarizacion\/\">militarizaci\u00f3n<\/a>, entre otros temas.<\/span><\/p>\n<blockquote class=\"twitter-tweet\" data-width=\"550\" data-dnt=\"true\">\n<p lang=\"es\" dir=\"ltr\">\u00a1Gracias! <a href=\"https:\/\/t.co\/sQDBjs8wYu\">pic.twitter.com\/sQDBjs8wYu<\/a><\/p>\n<p>&mdash; Claudia Sheinbaum Pardo (@Claudiashein) <a href=\"https:\/\/twitter.com\/Claudiashein\/status\/1841321094201889025?ref_src=twsrc%5Etfw\">October 2, 2024<\/a><\/p><\/blockquote>\n<p><script async src=\"https:\/\/platform.twitter.com\/widgets.js\" charset=\"utf-8\"><\/script><\/p>\n<p><span style=\"font-weight: 400;\">En el punto n\u00famero 12 se habl\u00f3 de la ahora Secretar\u00eda Anticorrupci\u00f3n y de Buen Gobierno, anteriormente llamada Secretar\u00eda de la Funci\u00f3n P\u00fablica.<\/span><i><span style=\"font-weight: 400;\">\u201cNo va a regresar el r\u00e9gimen de corrupci\u00f3n y de privilegios. Nuestra gu\u00eda ser\u00e1 siempre la honradez y la honestidad\u201d<\/span><\/i><span style=\"font-weight: 400;\">, advirti\u00f3 la mandataria.\u00a0<\/span><\/p>\n<p><span style=\"font-weight: 400;\">En el punto n\u00famero 17 se comprometi\u00f3 a facilitar el acceso al pago de impuestos y otros tr\u00e1mites de gobierno, adem\u00e1s de impulsar la digitalizaci\u00f3n de los mismos. En punto 19 se garantiz\u00f3 que los programas del bienestar impulsados por el expresidente Andr\u00e9s Manuel L\u00f3pez Obrador se convertir\u00e1n en constitucionales.\u00a0<\/span><\/p>\n<p><span style=\"font-weight: 400;\">En materia de educaci\u00f3n se habl\u00f3 de aumentar las horas que los estudiantes de primaria pasan en las escuelas para poder implementar programas de educaci\u00f3n f\u00edsica y art\u00edstica, adem\u00e1s de sumar programas en favor de la salud mental, prevenci\u00f3n de adicciones y salud integral. En tanto a los estudiantes de educaci\u00f3n media superior, se habl\u00f3 de desaparecer el examen <strong>COMIPEMS<\/strong> en la zona metropolitana de la Ciudad de M\u00e9xico, fortalecer las preparatorias p\u00fablicas, apoyar el desarrollo de las ciencias y las humanidades, as\u00ed mismo se comprometi\u00f3 a impulsar la incidencia en el deporte comunitario y a apoyar a los deportistas de alto rendimiento.\u00a0<\/span><\/p>\n<p><span style=\"font-weight: 400;\">Sobre la creaci\u00f3n de la <strong>Secretar\u00eda de las Mujeres<\/strong>, se mencion\u00f3 que este 3 de octubre se enviara un paquete de reformas constitucionales para <strong>garantizar una vida libre de violencia e igualdad entre hombres y mujeres<\/strong>. A su vez, se comprometi\u00f3 a llevar la<strong> Ley Olimpia y la Ley en contra de la violencia vicaria a nivel federal<\/strong>.\u00a0<\/span><\/p>\n<p><span style=\"font-weight: 400;\">\u00a0Del tema de la <strong>reforma laboral de 40 horas<\/strong>, se garantiz\u00f3 llegar a un acuerdo con los empleadores para que esta sea una realidad, sobre el salario m\u00ednimo, se tiene estimando que exista un aumento anual y que este llegue a las <strong>2.6 canastas b\u00e1sicas<\/strong> (actualmente son 1.6), finalmente se mencion\u00f3 que se seguir\u00e1 trabajando en la Reforma Constitucional para renovar las pensiones.\u00a0<\/span><\/p>\n<p><span style=\"font-weight: 400;\">En el tema de Derechos Humanos y militarizaci\u00f3n, se asegur\u00f3 que a todos los ciudadanos se les entregar\u00e1 una cartilla de derechos y se crear\u00e1n redes comunitarias de mujeres para salvaguardar los mismos. Estas redes ser\u00e1n llamadas<\/span><i><span style=\"font-weight: 400;\"> \u201cCuidadoras de la Patria\u201d. <\/span><\/i><span style=\"font-weight: 400;\">Adem\u00e1s, se afirm\u00f3 la disminuci\u00f3n de los delitos de alto impacto y se habl\u00f3 sobre la estrategia de seguridad que consta de cuatro ejes:<\/span><b> Atenci\u00f3n a las causas, fortalecimiento de la Guardia Nacional, inteligencia e investigaci\u00f3n y coordinaci\u00f3n<\/b><span style=\"font-weight: 400;\">. <\/span><i><span style=\"font-weight: 400;\">\u00a0\u00a0<\/span><\/i><\/p>\n<p><span style=\"font-weight: 400;\">En tanto a la militarizaci\u00f3n dijo lo siguiente:\u00a0<\/span><\/p>\n<blockquote><p><i><span style=\"font-weight: 400;\">\u201cPara los que critican que esto es militarizaci\u00f3n: falso. En nuestro pa\u00eds no hay estado de excepci\u00f3n, no hay violaciones a los derechos humanos, lo que hay ahora es con la 4T m\u00e1s democracia, m\u00e1s libertades y un verdadero Estado de derecho que vamos a construir con el cambio en la Suprema Corte de Justicia de la Naci\u00f3n y el Poder Judicial. La pr\u00f3xima semana anunciaremos la estrategia nacional de seguridad\u201d,<\/span><\/i><span style=\"font-weight: 400;\"> finaliz\u00f3 la nueva mandataria.<\/span><i><span style=\"font-weight: 400;\">\u00a0<\/span><\/i><\/p><\/blockquote>\n<p>&nbsp;<\/p>\n<p>&nbsp;<\/p>\n","protected":false},"excerpt":{"rendered":"<p>Este martes M\u00e9xico asumi\u00f3 en el poder a Claudia Sheinbaum, la primera mujer presidenta en sus 200 a\u00f1os de historia<\/p>\n","protected":false},"author":9,"featured_media":5702,"comment_status":"open","ping_status":"open","sticky":false,"template":"","format":"standard","meta":{"colormag_page_container_layout":"default_layout","colormag_page_sidebar_layout":"default_layout","_jetpack_memberships_contains_paid_content":false,"footnotes":""},"categories":[48],"tags":[73,127,55,109],"class_list":["post-5694","post","type-post","status-publish","format-standard","has-post-thumbnail","hentry","category-politica","tag-claudia-sheinbaum","tag-dame-kiu","tag-destacada-top","tag-gobierno-federal"],"magazineBlocksPostFeaturedMedia":{"thumbnail":"https:\/\/i0.wp.com\/damekiu.com\/wp\/wp-content\/uploads\/2024\/10\/Diseno-sin-titulo-36.jpg?resize=150%2C150&ssl=1","medium":"https:\/\/i0.wp.com\/damekiu.com\/wp\/wp-content\/uploads\/2024\/10\/Diseno-sin-titulo-36.jpg?fit=300%2C225&ssl=1","medium_large":"https:\/\/i0.wp.com\/damekiu.com\/wp\/wp-content\/uploads\/2024\/10\/Diseno-sin-titulo-36.jpg?fit=768%2C576&ssl=1","large":"https:\/\/i0.wp.com\/damekiu.com\/wp\/wp-content\/uploads\/2024\/10\/Diseno-sin-titulo-36.jpg?fit=800%2C600&ssl=1","1536x1536":"https:\/\/i0.wp.com\/damekiu.com\/wp\/wp-content\/uploads\/2024\/10\/Diseno-sin-titulo-36.jpg?fit=1024%2C768&ssl=1","2048x2048":"https:\/\/i0.wp.com\/damekiu.com\/wp\/wp-content\/uploads\/2024\/10\/Diseno-sin-titulo-36.jpg?fit=1024%2C768&ssl=1","colormag-highlighted-post":"https:\/\/i0.wp.com\/damekiu.com\/wp\/wp-content\/uploads\/2024\/10\/Diseno-sin-titulo-36.jpg?resize=392%2C272&ssl=1","colormag-featured-post-medium":"https:\/\/i0.wp.com\/damekiu.com\/wp\/wp-content\/uploads\/2024\/10\/Diseno-sin-titulo-36.jpg?resize=390%2C205&ssl=1","colormag-featured-post-small":"https:\/\/i0.wp.com\/damekiu.com\/wp\/wp-content\/uploads\/2024\/10\/Diseno-sin-titulo-36.jpg?resize=130%2C90&ssl=1","colormag-featured-image":"https:\/\/i0.wp.com\/damekiu.com\/wp\/wp-content\/uploads\/2024\/10\/Diseno-sin-titulo-36.jpg?resize=800%2C445&ssl=1","colormag-default-news":"https:\/\/i0.wp.com\/damekiu.com\/wp\/wp-content\/uploads\/2024\/10\/Diseno-sin-titulo-36.jpg?resize=150%2C150&ssl=1","colormag-featured-image-large":"https:\/\/i0.wp.com\/damekiu.com\/wp\/wp-content\/uploads\/2024\/10\/Diseno-sin-titulo-36.jpg?resize=1024%2C600&ssl=1"},"magazineBlocksPostAuthor":{"name":"Guadalupe Fuentes","avatar":"https:\/\/secure.gravatar.com\/avatar\/d0cd21e604a3cd4c5def7e91da731209725f04af4bb49927848006db905e10e7?s=96&d=mm&r=g"},"magazineBlocksPostCommentsNumber":"1","magazineBlocksPostExcerpt":"Este martes M\u00e9xico asumi\u00f3 en el poder a Claudia Sheinbaum, la primera mujer presidenta en sus 200 a\u00f1os de historia","magazineBlocksPostCategories":["Pol\u00edtica"],"magazineBlocksPostViewCount":464,"magazineBlocksPostReadTime":5,"magazine_blocks_featured_image_url":{"full":["https:\/\/i0.wp.com\/damekiu.com\/wp\/wp-content\/uploads\/2024\/10\/Diseno-sin-titulo-36.jpg?fit=1024%2C768&ssl=1",1024,768,false],"medium":["https:\/\/i0.wp.com\/damekiu.com\/wp\/wp-content\/uploads\/2024\/10\/Diseno-sin-titulo-36.jpg?fit=300%2C225&ssl=1",300,225,true],"thumbnail":["https:\/\/i0.wp.com\/damekiu.com\/wp\/wp-content\/uploads\/2024\/10\/Diseno-sin-titulo-36.jpg?resize=150%2C150&ssl=1",150,150,true]},"magazine_blocks_author":{"display_name":"Guadalupe Fuentes","author_link":"https:\/\/damekiu.com\/wp\/author\/guadalupefuentes\/"},"magazine_blocks_comment":1,"magazine_blocks_author_image":"https:\/\/secure.gravatar.com\/avatar\/d0cd21e604a3cd4c5def7e91da731209725f04af4bb49927848006db905e10e7?s=96&d=mm&r=g","magazine_blocks_category":"<a href=\"#\" class=\"category-link category-link-48\">Pol\u00edtica<\/a>","yoast_head":"<!-- This site is optimized with the Yoast SEO plugin v27.1.1 - https:\/\/yoast.com\/product\/yoast-seo-wordpress\/ -->\n<title>\u00a1Tenemos presidenta!: As\u00ed fue la toma de protesta de Claudia Sheinbaum - Dame Kiu<\/title>\n<meta name=\"description\" content=\"Este martes M\u00e9xico asumi\u00f3 en el poder a Claudia Sheinbaum, la primera mujer presidenta en sus 200 a\u00f1os de historia como Rep\u00fablica democr\u00e1tica.\" \/>\n<meta name=\"robots\" content=\"index, follow, max-snippet:-1, max-image-preview:large, max-video-preview:-1\" \/>\n<link rel=\"canonical\" href=\"https:\/\/damekiu.com\/wp\/tenemos-presidenta-asi-fue-la-toma-de-protesta-de-claudia-sheinbaum\/\" \/>\n<meta property=\"og:locale\" content=\"es_ES\" \/>\n<meta property=\"og:type\" content=\"article\" \/>\n<meta property=\"og:title\" content=\"\u00a1Tenemos presidenta!: As\u00ed fue la toma de protesta de Claudia Sheinbaum - Dame Kiu\" \/>\n<meta property=\"og:description\" content=\"Este martes M\u00e9xico asumi\u00f3 en el poder a Claudia Sheinbaum, la primera mujer presidenta en sus 200 a\u00f1os de historia como Rep\u00fablica democr\u00e1tica.\" \/>\n<meta property=\"og:url\" content=\"https:\/\/damekiu.com\/wp\/tenemos-presidenta-asi-fue-la-toma-de-protesta-de-claudia-sheinbaum\/\" \/>\n<meta property=\"og:site_name\" content=\"Dame Kiu\" \/>\n<meta property=\"article:published_time\" content=\"2024-10-02T21:18:29+00:00\" \/>\n<meta property=\"og:image\" content=\"https:\/\/damekiu.com\/wp\/wp-content\/uploads\/2024\/10\/Diseno-sin-titulo-36.jpg\" \/>\n\t<meta property=\"og:image:width\" content=\"1024\" \/>\n\t<meta property=\"og:image:height\" content=\"768\" \/>\n\t<meta property=\"og:image:type\" content=\"image\/jpeg\" \/>\n<meta name=\"author\" content=\"Guadalupe Fuentes\" \/>\n<meta name=\"twitter:card\" content=\"summary_large_image\" \/>\n<meta name=\"twitter:label1\" content=\"Escrito por\" \/>\n\t<meta name=\"twitter:data1\" content=\"Guadalupe Fuentes\" \/>\n\t<meta name=\"twitter:label2\" content=\"Tiempo de lectura\" \/>\n\t<meta name=\"twitter:data2\" content=\"4 minutos\" \/>\n<script type=\"application\/ld+json\" class=\"yoast-schema-graph\">{\"@context\":\"https:\/\/schema.org\",\"@graph\":[{\"@type\":\"Article\",\"@id\":\"https:\/\/damekiu.com\/wp\/tenemos-presidenta-asi-fue-la-toma-de-protesta-de-claudia-sheinbaum\/#article\",\"isPartOf\":{\"@id\":\"https:\/\/damekiu.com\/wp\/tenemos-presidenta-asi-fue-la-toma-de-protesta-de-claudia-sheinbaum\/\"},\"author\":{\"name\":\"Guadalupe Fuentes\",\"@id\":\"https:\/\/damekiu.com\/wp\/#\/schema\/person\/1df81fa0d3a23cc3ea091343443295c8\"},\"headline\":\"\u00a1Tenemos presidenta!: As\u00ed fue la toma de protesta de Claudia Sheinbaum\",\"datePublished\":\"2024-10-02T21:18:29+00:00\",\"mainEntityOfPage\":{\"@id\":\"https:\/\/damekiu.com\/wp\/tenemos-presidenta-asi-fue-la-toma-de-protesta-de-claudia-sheinbaum\/\"},\"wordCount\":841,\"commentCount\":1,\"image\":{\"@id\":\"https:\/\/damekiu.com\/wp\/tenemos-presidenta-asi-fue-la-toma-de-protesta-de-claudia-sheinbaum\/#primaryimage\"},\"thumbnailUrl\":\"https:\/\/i0.wp.com\/damekiu.com\/wp\/wp-content\/uploads\/2024\/10\/Diseno-sin-titulo-36.jpg?fit=1024%2C768&ssl=1\",\"keywords\":[\"Claudia Sheinbaum\",\"Dame Kiu\",\"Destacada Top\",\"Gobierno Federal\"],\"articleSection\":[\"Pol\u00edtica\"],\"inLanguage\":\"es\",\"potentialAction\":[{\"@type\":\"CommentAction\",\"name\":\"Comment\",\"target\":[\"https:\/\/damekiu.com\/wp\/tenemos-presidenta-asi-fue-la-toma-de-protesta-de-claudia-sheinbaum\/#respond\"]}]},{\"@type\":\"WebPage\",\"@id\":\"https:\/\/damekiu.com\/wp\/tenemos-presidenta-asi-fue-la-toma-de-protesta-de-claudia-sheinbaum\/\",\"url\":\"https:\/\/damekiu.com\/wp\/tenemos-presidenta-asi-fue-la-toma-de-protesta-de-claudia-sheinbaum\/\",\"name\":\"\u00a1Tenemos presidenta!: As\u00ed fue la toma de protesta de Claudia Sheinbaum - Dame Kiu\",\"isPartOf\":{\"@id\":\"https:\/\/damekiu.com\/wp\/#website\"},\"primaryImageOfPage\":{\"@id\":\"https:\/\/damekiu.com\/wp\/tenemos-presidenta-asi-fue-la-toma-de-protesta-de-claudia-sheinbaum\/#primaryimage\"},\"image\":{\"@id\":\"https:\/\/damekiu.com\/wp\/tenemos-presidenta-asi-fue-la-toma-de-protesta-de-claudia-sheinbaum\/#primaryimage\"},\"thumbnailUrl\":\"https:\/\/i0.wp.com\/damekiu.com\/wp\/wp-content\/uploads\/2024\/10\/Diseno-sin-titulo-36.jpg?fit=1024%2C768&ssl=1\",\"datePublished\":\"2024-10-02T21:18:29+00:00\",\"author\":{\"@id\":\"https:\/\/damekiu.com\/wp\/#\/schema\/person\/1df81fa0d3a23cc3ea091343443295c8\"},\"description\":\"Este martes M\u00e9xico asumi\u00f3 en el poder a Claudia Sheinbaum, la primera mujer presidenta en sus 200 a\u00f1os de historia como Rep\u00fablica democr\u00e1tica.\",\"breadcrumb\":{\"@id\":\"https:\/\/damekiu.com\/wp\/tenemos-presidenta-asi-fue-la-toma-de-protesta-de-claudia-sheinbaum\/#breadcrumb\"},\"inLanguage\":\"es\",\"potentialAction\":[{\"@type\":\"ReadAction\",\"target\":[\"https:\/\/damekiu.com\/wp\/tenemos-presidenta-asi-fue-la-toma-de-protesta-de-claudia-sheinbaum\/\"]}]},{\"@type\":\"ImageObject\",\"inLanguage\":\"es\",\"@id\":\"https:\/\/damekiu.com\/wp\/tenemos-presidenta-asi-fue-la-toma-de-protesta-de-claudia-sheinbaum\/#primaryimage\",\"url\":\"https:\/\/i0.wp.com\/damekiu.com\/wp\/wp-content\/uploads\/2024\/10\/Diseno-sin-titulo-36.jpg?fit=1024%2C768&ssl=1\",\"contentUrl\":\"https:\/\/i0.wp.com\/damekiu.com\/wp\/wp-content\/uploads\/2024\/10\/Diseno-sin-titulo-36.jpg?fit=1024%2C768&ssl=1\",\"width\":1024,\"height\":768,\"caption\":\"Fuente: Guadalupe Fuentes\"},{\"@type\":\"BreadcrumbList\",\"@id\":\"https:\/\/damekiu.com\/wp\/tenemos-presidenta-asi-fue-la-toma-de-protesta-de-claudia-sheinbaum\/#breadcrumb\",\"itemListElement\":[{\"@type\":\"ListItem\",\"position\":1,\"name\":\"Portada\",\"item\":\"https:\/\/damekiu.com\/wp\/\"},{\"@type\":\"ListItem\",\"position\":2,\"name\":\"\u00a1Tenemos presidenta!: As\u00ed fue la toma de protesta de Claudia Sheinbaum\"}]},{\"@type\":\"WebSite\",\"@id\":\"https:\/\/damekiu.com\/wp\/#website\",\"url\":\"https:\/\/damekiu.com\/wp\/\",\"name\":\"Dame Kiu\",\"description\":\"Agencia Informativa digital \",\"potentialAction\":[{\"@type\":\"SearchAction\",\"target\":{\"@type\":\"EntryPoint\",\"urlTemplate\":\"https:\/\/damekiu.com\/wp\/?s={search_term_string}\"},\"query-input\":{\"@type\":\"PropertyValueSpecification\",\"valueRequired\":true,\"valueName\":\"search_term_string\"}}],\"inLanguage\":\"es\"},{\"@type\":\"Person\",\"@id\":\"https:\/\/damekiu.com\/wp\/#\/schema\/person\/1df81fa0d3a23cc3ea091343443295c8\",\"name\":\"Guadalupe Fuentes\",\"image\":{\"@type\":\"ImageObject\",\"inLanguage\":\"es\",\"@id\":\"https:\/\/damekiu.com\/wp\/#\/schema\/person\/image\/\",\"url\":\"https:\/\/secure.gravatar.com\/avatar\/d0cd21e604a3cd4c5def7e91da731209725f04af4bb49927848006db905e10e7?s=96&d=mm&r=g\",\"contentUrl\":\"https:\/\/secure.gravatar.com\/avatar\/d0cd21e604a3cd4c5def7e91da731209725f04af4bb49927848006db905e10e7?s=96&d=mm&r=g\",\"caption\":\"Guadalupe Fuentes\"},\"url\":\"https:\/\/damekiu.com\/wp\/author\/guadalupefuentes\/\"}]}<\/script>\n<!-- \/ Yoast SEO plugin. -->","yoast_head_json":{"title":"\u00a1Tenemos presidenta!: As\u00ed fue la toma de protesta de Claudia Sheinbaum - Dame Kiu","description":"Este martes M\u00e9xico asumi\u00f3 en el poder a Claudia Sheinbaum, la primera mujer presidenta en sus 200 a\u00f1os de historia como Rep\u00fablica democr\u00e1tica.","robots":{"index":"index","follow":"follow","max-snippet":"max-snippet:-1","max-image-preview":"max-image-preview:large","max-video-preview":"max-video-preview:-1"},"canonical":"https:\/\/damekiu.com\/wp\/tenemos-presidenta-asi-fue-la-toma-de-protesta-de-claudia-sheinbaum\/","og_locale":"es_ES","og_type":"article","og_title":"\u00a1Tenemos presidenta!: As\u00ed fue la toma de protesta de Claudia Sheinbaum - Dame Kiu","og_description":"Este martes M\u00e9xico asumi\u00f3 en el poder a Claudia Sheinbaum, la primera mujer presidenta en sus 200 a\u00f1os de historia como Rep\u00fablica democr\u00e1tica.","og_url":"https:\/\/damekiu.com\/wp\/tenemos-presidenta-asi-fue-la-toma-de-protesta-de-claudia-sheinbaum\/","og_site_name":"Dame Kiu","article_published_time":"2024-10-02T21:18:29+00:00","og_image":[{"width":1024,"height":768,"url":"https:\/\/damekiu.com\/wp\/wp-content\/uploads\/2024\/10\/Diseno-sin-titulo-36.jpg","type":"image\/jpeg"}],"author":"Guadalupe Fuentes","twitter_card":"summary_large_image","twitter_misc":{"Escrito por":"Guadalupe Fuentes","Tiempo de lectura":"4 minutos"},"schema":{"@context":"https:\/\/schema.org","@graph":[{"@type":"Article","@id":"https:\/\/damekiu.com\/wp\/tenemos-presidenta-asi-fue-la-toma-de-protesta-de-claudia-sheinbaum\/#article","isPartOf":{"@id":"https:\/\/damekiu.com\/wp\/tenemos-presidenta-asi-fue-la-toma-de-protesta-de-claudia-sheinbaum\/"},"author":{"name":"Guadalupe Fuentes","@id":"https:\/\/damekiu.com\/wp\/#\/schema\/person\/1df81fa0d3a23cc3ea091343443295c8"},"headline":"\u00a1Tenemos presidenta!: As\u00ed fue la toma de protesta de Claudia Sheinbaum","datePublished":"2024-10-02T21:18:29+00:00","mainEntityOfPage":{"@id":"https:\/\/damekiu.com\/wp\/tenemos-presidenta-asi-fue-la-toma-de-protesta-de-claudia-sheinbaum\/"},"wordCount":841,"commentCount":1,"image":{"@id":"https:\/\/damekiu.com\/wp\/tenemos-presidenta-asi-fue-la-toma-de-protesta-de-claudia-sheinbaum\/#primaryimage"},"thumbnailUrl":"https:\/\/i0.wp.com\/damekiu.com\/wp\/wp-content\/uploads\/2024\/10\/Diseno-sin-titulo-36.jpg?fit=1024%2C768&ssl=1","keywords":["Claudia Sheinbaum","Dame Kiu","Destacada Top","Gobierno Federal"],"articleSection":["Pol\u00edtica"],"inLanguage":"es","potentialAction":[{"@type":"CommentAction","name":"Comment","target":["https:\/\/damekiu.com\/wp\/tenemos-presidenta-asi-fue-la-toma-de-protesta-de-claudia-sheinbaum\/#respond"]}]},{"@type":"WebPage","@id":"https:\/\/damekiu.com\/wp\/tenemos-presidenta-asi-fue-la-toma-de-protesta-de-claudia-sheinbaum\/","url":"https:\/\/damekiu.com\/wp\/tenemos-presidenta-asi-fue-la-toma-de-protesta-de-claudia-sheinbaum\/","name":"\u00a1Tenemos presidenta!: As\u00ed fue la toma de protesta de Claudia Sheinbaum - Dame Kiu","isPartOf":{"@id":"https:\/\/damekiu.com\/wp\/#website"},"primaryImageOfPage":{"@id":"https:\/\/damekiu.com\/wp\/tenemos-presidenta-asi-fue-la-toma-de-protesta-de-claudia-sheinbaum\/#primaryimage"},"image":{"@id":"https:\/\/damekiu.com\/wp\/tenemos-presidenta-asi-fue-la-toma-de-protesta-de-claudia-sheinbaum\/#primaryimage"},"thumbnailUrl":"https:\/\/i0.wp.com\/damekiu.com\/wp\/wp-content\/uploads\/2024\/10\/Diseno-sin-titulo-36.jpg?fit=1024%2C768&ssl=1","datePublished":"2024-10-02T21:18:29+00:00","author":{"@id":"https:\/\/damekiu.com\/wp\/#\/schema\/person\/1df81fa0d3a23cc3ea091343443295c8"},"description":"Este martes M\u00e9xico asumi\u00f3 en el poder a Claudia Sheinbaum, la primera mujer presidenta en sus 200 a\u00f1os de historia como Rep\u00fablica democr\u00e1tica.","breadcrumb":{"@id":"https:\/\/damekiu.com\/wp\/tenemos-presidenta-asi-fue-la-toma-de-protesta-de-claudia-sheinbaum\/#breadcrumb"},"inLanguage":"es","potentialAction":[{"@type":"ReadAction","target":["https:\/\/damekiu.com\/wp\/tenemos-presidenta-asi-fue-la-toma-de-protesta-de-claudia-sheinbaum\/"]}]},{"@type":"ImageObject","inLanguage":"es","@id":"https:\/\/damekiu.com\/wp\/tenemos-presidenta-asi-fue-la-toma-de-protesta-de-claudia-sheinbaum\/#primaryimage","url":"https:\/\/i0.wp.com\/damekiu.com\/wp\/wp-content\/uploads\/2024\/10\/Diseno-sin-titulo-36.jpg?fit=1024%2C768&ssl=1","contentUrl":"https:\/\/i0.wp.com\/damekiu.com\/wp\/wp-content\/uploads\/2024\/10\/Diseno-sin-titulo-36.jpg?fit=1024%2C768&ssl=1","width":1024,"height":768,"caption":"Fuente: Guadalupe Fuentes"},{"@type":"BreadcrumbList","@id":"https:\/\/damekiu.com\/wp\/tenemos-presidenta-asi-fue-la-toma-de-protesta-de-claudia-sheinbaum\/#breadcrumb","itemListElement":[{"@type":"ListItem","position":1,"name":"Portada","item":"https:\/\/damekiu.com\/wp\/"},{"@type":"ListItem","position":2,"name":"\u00a1Tenemos presidenta!: As\u00ed fue la toma de protesta de Claudia Sheinbaum"}]},{"@type":"WebSite","@id":"https:\/\/damekiu.com\/wp\/#website","url":"https:\/\/damekiu.com\/wp\/","name":"Dame Kiu","description":"Agencia Informativa digital ","potentialAction":[{"@type":"SearchAction","target":{"@type":"EntryPoint","urlTemplate":"https:\/\/damekiu.com\/wp\/?s={search_term_string}"},"query-input":{"@type":"PropertyValueSpecification","valueRequired":true,"valueName":"search_term_string"}}],"inLanguage":"es"},{"@type":"Person","@id":"https:\/\/damekiu.com\/wp\/#\/schema\/person\/1df81fa0d3a23cc3ea091343443295c8","name":"Guadalupe Fuentes","image":{"@type":"ImageObject","inLanguage":"es","@id":"https:\/\/damekiu.com\/wp\/#\/schema\/person\/image\/","url":"https:\/\/secure.gravatar.com\/avatar\/d0cd21e604a3cd4c5def7e91da731209725f04af4bb49927848006db905e10e7?s=96&d=mm&r=g","contentUrl":"https:\/\/secure.gravatar.com\/avatar\/d0cd21e604a3cd4c5def7e91da731209725f04af4bb49927848006db905e10e7?s=96&d=mm&r=g","caption":"Guadalupe Fuentes"},"url":"https:\/\/damekiu.com\/wp\/author\/guadalupefuentes\/"}]}},"jetpack_featured_media_url":"https:\/\/i0.wp.com\/damekiu.com\/wp\/wp-content\/uploads\/2024\/10\/Diseno-sin-titulo-36.jpg?fit=1024%2C768&ssl=1","jetpack_sharing_enabled":true,"jetpack-related-posts":[{"id":4218,"url":"https:\/\/damekiu.com\/wp\/claudia-sheinbaum-invita-a-putin-a-su-toma-de-posesion\/","url_meta":{"origin":5694,"position":0},"title":"Claudia Sheinbaum invita a Putin a su toma de posesi\u00f3n","author":"Emilio Uribe","date":"agosto 6, 2024","format":false,"excerpt":"Los resultados de las elecciones presidenciales en M\u00e9xico siguen dando de qu\u00e9 hablar a pesar de que ya pasaron dos meses desde que se eligi\u00f3 a la nueva presidenta. Y las noticias no paran, pues Claudia Sheinbaum invita a Putin a su toma de posesi\u00f3n. Claudia Sheinbaum Pardo de la\u2026","rel":"","context":"En \u00abPol\u00edtica\u00bb","block_context":{"text":"Pol\u00edtica","link":"https:\/\/damekiu.com\/wp\/category\/politica\/"},"img":{"alt_text":"Claudia Sheinbaum invita a Putin a su toma de posesi\u00f3n","src":"https:\/\/i0.wp.com\/damekiu.com\/wp\/wp-content\/uploads\/2024\/08\/Diseno-sin-titulo-4.jpg?fit=1024%2C768&ssl=1&resize=350%2C200","width":350,"height":200,"srcset":"https:\/\/i0.wp.com\/damekiu.com\/wp\/wp-content\/uploads\/2024\/08\/Diseno-sin-titulo-4.jpg?fit=1024%2C768&ssl=1&resize=350%2C200 1x, https:\/\/i0.wp.com\/damekiu.com\/wp\/wp-content\/uploads\/2024\/08\/Diseno-sin-titulo-4.jpg?fit=1024%2C768&ssl=1&resize=525%2C300 1.5x, https:\/\/i0.wp.com\/damekiu.com\/wp\/wp-content\/uploads\/2024\/08\/Diseno-sin-titulo-4.jpg?fit=1024%2C768&ssl=1&resize=700%2C400 2x"},"classes":[]},{"id":5740,"url":"https:\/\/damekiu.com\/wp\/trabajadores-del-pjf-se-manifiestan-en-toma-de-protesta\/","url_meta":{"origin":5694,"position":1},"title":"Trabajadores del PJF se manifiestan en toma de protesta","author":"Diana Arce","date":"octubre 2, 2024","format":false,"excerpt":"Los trabajadores del Poder Judicial Federal se hicieron presentes en la toma de protesta de Claudia Sheinbaum, y mientras que sus seguidores estaban entusiasmados por ver pasar a la presidenta, el panorama fue totalmente distinto para los trabajadores, que declararon: \u00a0\u201cNos estamos manifestando porque queremos que nos escuche, (Claudia Sheinbaum),\u2026","rel":"","context":"En \u00abPol\u00edtica\u00bb","block_context":{"text":"Pol\u00edtica","link":"https:\/\/damekiu.com\/wp\/category\/politica\/"},"img":{"alt_text":"Trabajadores PJF","src":"https:\/\/i0.wp.com\/damekiu.com\/wp\/wp-content\/uploads\/2024\/10\/2E016FD3-E10E-4D7D-89B7-45E569C93B4E.png?fit=1024%2C768&ssl=1&resize=350%2C200","width":350,"height":200,"srcset":"https:\/\/i0.wp.com\/damekiu.com\/wp\/wp-content\/uploads\/2024\/10\/2E016FD3-E10E-4D7D-89B7-45E569C93B4E.png?fit=1024%2C768&ssl=1&resize=350%2C200 1x, https:\/\/i0.wp.com\/damekiu.com\/wp\/wp-content\/uploads\/2024\/10\/2E016FD3-E10E-4D7D-89B7-45E569C93B4E.png?fit=1024%2C768&ssl=1&resize=525%2C300 1.5x, https:\/\/i0.wp.com\/damekiu.com\/wp\/wp-content\/uploads\/2024\/10\/2E016FD3-E10E-4D7D-89B7-45E569C93B4E.png?fit=1024%2C768&ssl=1&resize=700%2C400 2x"},"classes":[]},{"id":7583,"url":"https:\/\/damekiu.com\/wp\/claudia-sheinbaum-en-llamada-a-donald-trump\/","url_meta":{"origin":5694,"position":2},"title":"\u00abHabr\u00e1 puentes entre gobiernos\u00bb: Claudia Sheinbaum en llamada con Donald Trump","author":"Max Macotela","date":"noviembre 28, 2024","format":false,"excerpt":"La presidenta de M\u00e9xico, Claudia Sheinbaum en llamada con Donald Trump,\u00a0presidente electo de los Estados Unidos, Donald Trump, con motivo de hacer frente al problema de migraci\u00f3n que se vive en las fronteras. Se busca tender puentes entre gobiernos y pueblos bajo el respeto a los derechos humanos.\u00a0 Este mi\u00e9rcoles,\u2026","rel":"","context":"En \u00abPol\u00edtica\u00bb","block_context":{"text":"Pol\u00edtica","link":"https:\/\/damekiu.com\/wp\/category\/politica\/"},"img":{"alt_text":"Claudia Sheinbaum","src":"https:\/\/i0.wp.com\/damekiu.com\/wp\/wp-content\/uploads\/2024\/11\/WhatsApp-Image-2024-11-28-at-9.29.05-AM.jpeg?fit=1170%2C637&ssl=1&resize=350%2C200","width":350,"height":200,"srcset":"https:\/\/i0.wp.com\/damekiu.com\/wp\/wp-content\/uploads\/2024\/11\/WhatsApp-Image-2024-11-28-at-9.29.05-AM.jpeg?fit=1170%2C637&ssl=1&resize=350%2C200 1x, https:\/\/i0.wp.com\/damekiu.com\/wp\/wp-content\/uploads\/2024\/11\/WhatsApp-Image-2024-11-28-at-9.29.05-AM.jpeg?fit=1170%2C637&ssl=1&resize=525%2C300 1.5x, https:\/\/i0.wp.com\/damekiu.com\/wp\/wp-content\/uploads\/2024\/11\/WhatsApp-Image-2024-11-28-at-9.29.05-AM.jpeg?fit=1170%2C637&ssl=1&resize=700%2C400 2x, https:\/\/i0.wp.com\/damekiu.com\/wp\/wp-content\/uploads\/2024\/11\/WhatsApp-Image-2024-11-28-at-9.29.05-AM.jpeg?fit=1170%2C637&ssl=1&resize=1050%2C600 3x"},"classes":[]},{"id":1718,"url":"https:\/\/damekiu.com\/wp\/claudia-sheinbaum-como-la-presidenta-de-mexico\/","url_meta":{"origin":5694,"position":3},"title":"\u201cMe convertir\u00e9 en la primera mujer en ser presidenta de M\u00e9xico\u201d: Claudia Sheinbaum","author":"Max Macotela","date":"junio 3, 2024","format":false,"excerpt":"Los resultados preliminares emitidos por el Instituto Nacional Electoral (INE) declaran a la candidata Claudia Sheinbaum como la presidenta de M\u00e9xico. Despu\u00e9s de una exitosa jornada electoral, Claudia Sheinbaum se declar\u00f3 ganadora a la presidencia de M\u00e9xico, gracias a 30 puntos de diferencia frente a su adversaria X\u00f3chitl G\u00e1lvez, de\u2026","rel":"","context":"En \u00abPol\u00edtica\u00bb","block_context":{"text":"Pol\u00edtica","link":"https:\/\/damekiu.com\/wp\/category\/politica\/"},"img":{"alt_text":"Claudia Sheinbaum como la presidenta de M\u00e9xico","src":"https:\/\/i0.wp.com\/damekiu.com\/wp\/wp-content\/uploads\/2024\/06\/ClaudiaPresidenta.png?fit=1080%2C780&ssl=1&resize=350%2C200","width":350,"height":200,"srcset":"https:\/\/i0.wp.com\/damekiu.com\/wp\/wp-content\/uploads\/2024\/06\/ClaudiaPresidenta.png?fit=1080%2C780&ssl=1&resize=350%2C200 1x, https:\/\/i0.wp.com\/damekiu.com\/wp\/wp-content\/uploads\/2024\/06\/ClaudiaPresidenta.png?fit=1080%2C780&ssl=1&resize=525%2C300 1.5x, https:\/\/i0.wp.com\/damekiu.com\/wp\/wp-content\/uploads\/2024\/06\/ClaudiaPresidenta.png?fit=1080%2C780&ssl=1&resize=700%2C400 2x, https:\/\/i0.wp.com\/damekiu.com\/wp\/wp-content\/uploads\/2024\/06\/ClaudiaPresidenta.png?fit=1080%2C780&ssl=1&resize=1050%2C600 3x"},"classes":[]},{"id":3436,"url":"https:\/\/damekiu.com\/wp\/gabinete-de-claudia-sheinbaum\/","url_meta":{"origin":5694,"position":4},"title":"Nueva presentaci\u00f3n de integrante del gabinete de Claudia Sheinbaum","author":"Guadalupe Fuentes","date":"julio 11, 2024","format":false,"excerpt":"Este jueves, la presidenta electa, Claudia Sheinbaum Pardo, present\u00f3 a un integrante m\u00e1s del equipo de trabajo que la acompa\u00f1ar\u00e1 durante su mandato, y el cual tomar\u00e1 posesi\u00f3n el pr\u00f3ximo 1 de octubre de este a\u00f1o. Desde su casa de transici\u00f3n, Claudia Sheinbaum, dio a conocer que L\u00e1zaro C\u00e1rdenas Batel\u2026","rel":"","context":"En \u00abPol\u00edtica\u00bb","block_context":{"text":"Pol\u00edtica","link":"https:\/\/damekiu.com\/wp\/category\/politica\/"},"img":{"alt_text":"Gabinete de Claudia Sheinbaum","src":"https:\/\/i0.wp.com\/damekiu.com\/wp\/wp-content\/uploads\/2024\/07\/Diseno-sin-titulo-26.jpg?fit=1024%2C768&ssl=1&resize=350%2C200","width":350,"height":200,"srcset":"https:\/\/i0.wp.com\/damekiu.com\/wp\/wp-content\/uploads\/2024\/07\/Diseno-sin-titulo-26.jpg?fit=1024%2C768&ssl=1&resize=350%2C200 1x, https:\/\/i0.wp.com\/damekiu.com\/wp\/wp-content\/uploads\/2024\/07\/Diseno-sin-titulo-26.jpg?fit=1024%2C768&ssl=1&resize=525%2C300 1.5x, https:\/\/i0.wp.com\/damekiu.com\/wp\/wp-content\/uploads\/2024\/07\/Diseno-sin-titulo-26.jpg?fit=1024%2C768&ssl=1&resize=700%2C400 2x"},"classes":[]},{"id":2392,"url":"https:\/\/damekiu.com\/wp\/comitiva-de-claudia-sheinbaum-se-accidenta-en-monclova\/","url_meta":{"origin":5694,"position":5},"title":"Comitiva de Claudia Sheinbaum se accidenta en Monclova","author":"admin","date":"junio 14, 2024","format":false,"excerpt":"En la carretera Sabinas-Monclova, una camioneta sufri\u00f3 un accidente en donde ven\u00edan miembros del equipo de la virtual presidenta electa, Claudia Sheinbaum. De acuerdo con las autoridades del municipio, se reportan heridos y una persona fallecida. El convoy donde viajaba la doctora Sheinbaum se detuvo para brindar apoyo y momentos\u2026","rel":"","context":"En \u00abPol\u00edtica\u00bb","block_context":{"text":"Pol\u00edtica","link":"https:\/\/damekiu.com\/wp\/category\/politica\/"},"img":{"alt_text":"","src":"https:\/\/i0.wp.com\/damekiu.com\/wp\/wp-content\/uploads\/2024\/06\/PORTADAS-NACION-35.png?fit=1000%2C600&ssl=1&resize=350%2C200","width":350,"height":200,"srcset":"https:\/\/i0.wp.com\/damekiu.com\/wp\/wp-content\/uploads\/2024\/06\/PORTADAS-NACION-35.png?fit=1000%2C600&ssl=1&resize=350%2C200 1x, https:\/\/i0.wp.com\/damekiu.com\/wp\/wp-content\/uploads\/2024\/06\/PORTADAS-NACION-35.png?fit=1000%2C600&ssl=1&resize=525%2C300 1.5x, https:\/\/i0.wp.com\/damekiu.com\/wp\/wp-content\/uploads\/2024\/06\/PORTADAS-NACION-35.png?fit=1000%2C600&ssl=1&resize=700%2C400 2x"},"classes":[]}],"_links":{"self":[{"href":"https:\/\/damekiu.com\/wp\/wp-json\/wp\/v2\/posts\/5694","targetHints":{"allow":["GET"]}}],"collection":[{"href":"https:\/\/damekiu.com\/wp\/wp-json\/wp\/v2\/posts"}],"about":[{"href":"https:\/\/damekiu.com\/wp\/wp-json\/wp\/v2\/types\/post"}],"author":[{"embeddable":true,"href":"https:\/\/damekiu.com\/wp\/wp-json\/wp\/v2\/users\/9"}],"replies":[{"embeddable":true,"href":"https:\/\/damekiu.com\/wp\/wp-json\/wp\/v2\/comments?post=5694"}],"version-history":[{"count":2,"href":"https:\/\/damekiu.com\/wp\/wp-json\/wp\/v2\/posts\/5694\/revisions"}],"predecessor-version":[{"id":5806,"href":"https:\/\/damekiu.com\/wp\/wp-json\/wp\/v2\/posts\/5694\/revisions\/5806"}],"wp:featuredmedia":[{"embeddable":true,"href":"https:\/\/damekiu.com\/wp\/wp-json\/wp\/v2\/media\/5702"}],"wp:attachment":[{"href":"https:\/\/damekiu.com\/wp\/wp-json\/wp\/v2\/media?parent=5694"}],"wp:term":[{"taxonomy":"category","embeddable":true,"href":"https:\/\/damekiu.com\/wp\/wp-json\/wp\/v2\/categories?post=5694"},{"taxonomy":"post_tag","embeddable":true,"href":"https:\/\/damekiu.com\/wp\/wp-json\/wp\/v2\/tags?post=5694"}],"curies":[{"name":"wp","href":"https:\/\/api.w.org\/{rel}","templated":true}]}}