{"id":5416,"date":"2024-09-27T16:23:47","date_gmt":"2024-09-27T22:23:47","guid":{"rendered":"https:\/\/damekiu.com\/wp\/?p=5416"},"modified":"2024-09-27T16:31:23","modified_gmt":"2024-09-27T22:31:23","slug":"guardia-nacional-sera-adscripta-a-sedena-inicio-de-la-militarizacion","status":"publish","type":"post","link":"https:\/\/damekiu.com\/wp\/guardia-nacional-sera-adscripta-a-sedena-inicio-de-la-militarizacion\/","title":{"rendered":"Guardia Nacional ser\u00e1 adscripta a Sedena: \u00bfinicio de la militarizaci\u00f3n?"},"content":{"rendered":"<p><span style=\"font-weight: 400;\">La madrugada de este mi\u00e9rcoles, la bancada guinda y aliados del <\/span><b>Senado de la Rep\u00fablica<\/b><span style=\"font-weight: 400;\">, aprobaron la reforma constitucional impulsada por el presidente Andr\u00e9s Manuel L\u00f3pez Obrador (<\/span><b>Amlo<\/b><span style=\"font-weight: 400;\">). Dicha reforma consta de dar el mando de <\/span><b>Guardia Naciona<\/b><span style=\"font-weight: 400;\">l a la Secretar\u00eda de la Defensa Nacional (<\/span><b>Sedena<\/b><span style=\"font-weight: 400;\">).\u00a0<\/span><\/p>\n<p><span style=\"font-weight: 400;\">Luego de una larga discusi\u00f3n que inici\u00f3 la noche del martes 24 de septiembre, y termin\u00f3 en la madrugada del 25, el partido <\/span><b>Morena y aliados<\/b><span style=\"font-weight: 400;\"> aprobaron, en lo general y en lo particular, con <\/span><b>86 votos a favor, 42 en contra y cero abstenciones<\/b><span style=\"font-weight: 400;\">, una de las reformas m\u00e1s controversiales que a principios de a\u00f1o ya hab\u00eda sido rechazada con el argumento de que representa la <\/span><b>militarizaci\u00f3n de la seguridad p\u00fablica<\/b><span style=\"font-weight: 400;\">, y, por lo tanto, la violaci\u00f3n de <\/span><b><a href=\"https:\/\/damekiu.com\/wp\/derechos-humanos-cual-es-la-realidad-en-mexico\/\">Derechos Humanos<\/a>.<\/b><span style=\"font-weight: 400;\"> Sin embargo, gracias a la renovaci\u00f3n de los congresos (resultado de las pasadas elecciones del 2 de junio), y la mayor\u00eda aplastante del partido oficialista, esta y otras reformas presentadas est\u00e1n siendo aprobadas de forma apresurada.<\/span><\/p>\n<h2><b>\u00bfQu\u00e9 es lo que plantea esta reforma?<\/b><\/h2>\n<p><span style=\"font-weight: 400;\">\u00a0La reforma, ya aprobada, consta en modificar los <strong>art\u00edculos<\/strong><\/span><strong> 13, 16, 21, 32, 55, 73, 76, 78, 82, 89, 123 y 129<\/strong><span style=\"font-weight: 400;\"> de la Constituci\u00f3n Pol\u00edtica de los Estados Unidos Mexicanos. Entre los cambios que se har\u00e1n, se hace menci\u00f3n de que los delitos ahora ser\u00e1n investigados por el <strong>Ministerio P\u00fablico<\/strong> y ya no por las fiscal\u00edas, como anteriormente se hac\u00eda. Adem\u00e1s de claro, la adscripci\u00f3n de la <strong>Guardia Nacional<\/strong> a Sedena y la formaci\u00f3n de sus integrantes con disciplina militar y acci\u00f3n policial.<\/span><\/p>\n<blockquote><p><span style=\"font-weight: 400;\"><em>\u201dLa investigaci\u00f3n de los delitos corresponde al Ministerio P\u00fablico, a las polic\u00edas y a la Guardia Nacional, en el \u00e1mbito de su competencia, las cuales actuar\u00e1n bajo la conducci\u00f3n y mando de aquel en el ejercicio de esta funci\u00f3n\u201d<\/em>, se establece en el dictamen de la reforma.<\/span><\/p><\/blockquote>\n<p><span style=\"font-weight: 400;\">Seg\u00fan el<strong> Censo Nacional de Procuraci\u00f3n de Justicia Federal,<\/strong> en todo el pa\u00eds existen menos de 4 mil polic\u00edas de investigaci\u00f3n de la Fiscal\u00eda General de la Rep\u00fablica (<strong>FGR<\/strong>) y la cifra es todav\u00eda menor en la Secretar\u00eda de Seguridad y Protecci\u00f3n Ciudadana (<strong>SSPC<\/strong>), por lo que investigar los delitos no solo implica una nueva tarea para dichas corporaciones, sino que tambi\u00e9n un dominio irregular en los casos de investigaci\u00f3n.<\/span><\/p>\n<p>Dentro del dictamen, para justificar este cambio, se hace menci\u00f3n de la <strong>Encuesta Nacional de Seguridad P\u00fablica Urbana,<\/strong> en la que se presentan datos de percepci\u00f3n de Seguridad P\u00fablica. Estos datos arrojan a que la poblaci\u00f3n calific\u00f3 como \u00ab<em>efectivo\u00bb<\/em> y \u00ab<em>muy efectivo<\/em>\u00bb el desempe\u00f1o de ambas corporaciones (Sedena y Guardia Nacional); los porcentajes destacan que para Guardia nacional el nivel de aceptaci\u00f3n es del 74%, mientras que para Sedena es del 85.6%. Sin embargo, cabe recalcar que percepci\u00f3n no es lo mismo de los datos concretos.<\/p>\n<p>Seg\u00fan el \u00faltimo informe de la Comisi\u00f3n Nacional de Derechos Humanos (<strong>CNDH<\/strong>), en los \u00faltimos dos a\u00f1os, <strong>Sedena<\/strong> y <strong>Guardia Nacional<\/strong> han encabezado la lista de denuncias por <strong>violaciones a Derechos Humanos.\u00a0<\/strong>Guardia Nacional ha acumulado un total de<strong> 577 denuncias<\/strong>, mientras que Sedena tiene <strong>428.\u00a0<\/strong>Adem\u00e1s, se menciona que <strong>Guardia Nacional<\/strong> ha sido se\u00f1alada de protagonizar 7<strong> asesinatos, 3 desapariciones forzadas, 16 casos de tortura, 29 por malos tratos y 43 detenciones autoritarias<\/strong>.\u00a0Por su parte, <strong>Sedena<\/strong> ha sido se\u00f1alada por <strong>1 asesinato, 4 detenciones arbitrarias, 9 casos de tortura, 19 por malos tratos y 34 por detenciones autoritarias.<\/strong><\/p>\n<p><span style=\"font-weight: 400;\">De acuerdo con la organizaci\u00f3n <\/span><i><span style=\"font-weight: 400;\"><strong>Amnist\u00eda Internacional<\/strong>,<\/span><\/i><span style=\"font-weight: 400;\"> es dif\u00edcil determinar una cifra exacta sobre las quejas y denuncias en contra de <strong>Guardia Nacional y Sedena<\/strong>, pues se tiene certeza de una falta de transparencia a la hora de recaudar los datos; esto aun cuando la Comisi\u00f3n Nacional de Derechos Humanos (<\/span><b>CNDH<\/b><span style=\"font-weight: 400;\">) ha emitido diversas recomendaciones en las que se se\u00f1ala la urgencia de mejorar los mecanismos de vigilancia, y sobre todo, que estos act\u00faen con independencia y no sean politizados.\u00a0<\/span><\/p>\n<h3><b>\u00a0\u00bfFuero militar para Guardia Nacional?<\/b><\/h3>\n<p><span style=\"font-weight: 400;\">En un comunicado lanzado por la organizaci\u00f3n Mexicanos Unidos Contra la Delincuencia <\/span><b>(MUCD<\/b><span style=\"font-weight: 400;\">), se expres\u00f3 la preocupaci\u00f3n que existe por esta reforma, ya que con su aprobaci\u00f3n tambi\u00e9n se ha asegurado el <strong>fuero militar<\/strong>, pero ahora a los integrantes de la <strong>Guardia Nacional<\/strong>. Corporaci\u00f3n que desde su creaci\u00f3n en 2019, y hasta la actualidad, se ha defendido como una corporaci\u00f3n con actuar civil.\u00a0<\/span><\/p>\n<blockquote><p><b><i>\u00a0<\/i><\/b><i><span style=\"font-weight: 400;\">\u201cEsto porque expande la jurisdicci\u00f3n de los tribunales militares a una instituci\u00f3n que est\u00e1 facultada para la investigaci\u00f3n de los delitos del fuero federal civil, lo que representa un riesgo para el acceso a la justicia de las v\u00edctimas de violaciones a derechos humanos cometidas por elementos de la Guardia Nacional\u201d<\/span><\/i><b>, <\/b><span style=\"font-weight: 400;\">se se\u00f1al\u00f3 en dicho comunicado.\u00a0<\/span><\/p><\/blockquote>\n<p><span style=\"font-weight: 400;\">Para comprender la gravedad de la situaci\u00f3n con la que es abordada por las organizaciones en pro de los Derechos Humanos, es necesario saber que el <strong>fuero militar<\/strong> se refiere a que en caso de que alg\u00fan integrante de estas corporaciones cometa un delito, \u00fanicamente puede ser juzgado por sus<strong> iguales<\/strong>; es decir, se resolver\u00e1 su caso en un tribunal <strong>castrense y no en uno civil<\/strong>. El rechazo hacia lo referido en el <strong>art\u00edculo 13<\/strong> constitucional nace de la complicidad que se ha denunciado entre los integrantes de las Fuerzas Armadas, y que ahora tambi\u00e9n pasar\u00e1 con la <strong>Guardia Nacional<\/strong>.\u00a0\u00a0<\/span><\/p>\n<p><img data-recalc-dims=\"1\" loading=\"lazy\" decoding=\"async\" class=\" wp-image-5560 aligncenter\" src=\"https:\/\/i0.wp.com\/damekiu.com\/wp\/wp-content\/uploads\/2024\/09\/Diseno-sin-titulo-35.jpg?resize=403%2C302&#038;ssl=1\" alt=\"\" width=\"403\" height=\"302\" srcset=\"https:\/\/i0.wp.com\/damekiu.com\/wp\/wp-content\/uploads\/2024\/09\/Diseno-sin-titulo-35.jpg?resize=300%2C225&amp;ssl=1 300w, https:\/\/i0.wp.com\/damekiu.com\/wp\/wp-content\/uploads\/2024\/09\/Diseno-sin-titulo-35.jpg?resize=768%2C576&amp;ssl=1 768w, https:\/\/i0.wp.com\/damekiu.com\/wp\/wp-content\/uploads\/2024\/09\/Diseno-sin-titulo-35.jpg?w=1024&amp;ssl=1 1024w\" sizes=\"auto, (max-width: 403px) 100vw, 403px\" \/><\/p>\n<p><span style=\"font-weight: 400;\">Adem\u00e1s, se hace menci\u00f3n de que los integrantes de las corporaciones\u00a0 militares que ya se encuentran en funci\u00f3n, ser\u00edan <\/span><b>reclasificados y se les dar\u00e1 un nuevo nombramiento<\/b><span style=\"font-weight: 400;\"> dentro de la Guardia Nacional, de esta manera se puede asegurar la antig\u00fcedad y derechos correspondientes de la Fuerza Armada a la que pertenecen originalmente.<\/span><\/p>\n<p><span style=\"font-weight: 400;\">Finalmente, en el dictamen oficial de dicha reforma se especifica que la comandanta suprema de las Fuerzas Armadas podr\u00e1 disponer de los <\/span><b>recursos financieros necesarios<\/b><span style=\"font-weight: 400;\"> para la eficaz operaci\u00f3n de la ya reformada <\/span><b>Guardia Nacional<\/b><span style=\"font-weight: 400;\">.\u00a0<\/span><\/p>\n<h3><strong>\u00bfCu\u00e1ndo ser\u00e1 publicada en el DOF?<\/strong><\/h3>\n<p><span style=\"font-weight: 400;\">Antes de que el casi expresidente Andr\u00e9s Manuel L\u00f3pez Obrador pueda publicar la reforma de la Guardia Nacional en el Diario Oficial de la Federaci\u00f3n (<strong>DOF<\/strong>), la C\u00e1mara de Diputados y el Senado se tienen que reunir para hacer el c\u00f3mputo de las legislaturas locales que aprobaron dicha iniciativa, adem\u00e1s de declararla constitucional.\u00a0<\/span><\/p>\n<p><span style=\"font-weight: 400;\">Para esto, la Mesa Directiva del <strong>Senado de la Rep\u00fablica<\/strong> convoc\u00f3 a una sesi\u00f3n este domingo 29 de septiembre a las 16:00 horas, en tanto, la Mesa Directiva de la<strong> C\u00e1mara de Diputados<\/strong>, convoc\u00f3 a sesi\u00f3n para las 19:00 horas de ese mismo d\u00eda. Todo con el objetivo de declarar la constitucionalidad de esta reforma y poder ser enviada para la debida publicaci\u00f3n en el <strong>DOF.<\/strong><\/span><\/p>\n","protected":false},"excerpt":{"rendered":"<p>La madrugada de este mi\u00e9rcoles, la bancada guinda y aliados del Senado de la Rep\u00fablica, aprobaron la reforma constitucional impulsada<\/p>\n","protected":false},"author":9,"featured_media":5559,"comment_status":"open","ping_status":"open","sticky":false,"template":"","format":"standard","meta":{"colormag_page_container_layout":"default_layout","colormag_page_sidebar_layout":"default_layout","_jetpack_memberships_contains_paid_content":false,"footnotes":""},"categories":[48],"tags":[127,55,109,61],"class_list":["post-5416","post","type-post","status-publish","format-standard","has-post-thumbnail","hentry","category-politica","tag-dame-kiu","tag-destacada-top","tag-gobierno-federal","tag-violencia"],"magazineBlocksPostFeaturedMedia":{"thumbnail":"https:\/\/i0.wp.com\/damekiu.com\/wp\/wp-content\/uploads\/2024\/09\/Diseno-sin-titulo-34.jpg?resize=150%2C150&ssl=1","medium":"https:\/\/i0.wp.com\/damekiu.com\/wp\/wp-content\/uploads\/2024\/09\/Diseno-sin-titulo-34.jpg?fit=300%2C225&ssl=1","medium_large":"https:\/\/i0.wp.com\/damekiu.com\/wp\/wp-content\/uploads\/2024\/09\/Diseno-sin-titulo-34.jpg?fit=768%2C576&ssl=1","large":"https:\/\/i0.wp.com\/damekiu.com\/wp\/wp-content\/uploads\/2024\/09\/Diseno-sin-titulo-34.jpg?fit=800%2C600&ssl=1","1536x1536":"https:\/\/i0.wp.com\/damekiu.com\/wp\/wp-content\/uploads\/2024\/09\/Diseno-sin-titulo-34.jpg?fit=1024%2C768&ssl=1","2048x2048":"https:\/\/i0.wp.com\/damekiu.com\/wp\/wp-content\/uploads\/2024\/09\/Diseno-sin-titulo-34.jpg?fit=1024%2C768&ssl=1","colormag-highlighted-post":"https:\/\/i0.wp.com\/damekiu.com\/wp\/wp-content\/uploads\/2024\/09\/Diseno-sin-titulo-34.jpg?resize=392%2C272&ssl=1","colormag-featured-post-medium":"https:\/\/i0.wp.com\/damekiu.com\/wp\/wp-content\/uploads\/2024\/09\/Diseno-sin-titulo-34.jpg?resize=390%2C205&ssl=1","colormag-featured-post-small":"https:\/\/i0.wp.com\/damekiu.com\/wp\/wp-content\/uploads\/2024\/09\/Diseno-sin-titulo-34.jpg?resize=130%2C90&ssl=1","colormag-featured-image":"https:\/\/i0.wp.com\/damekiu.com\/wp\/wp-content\/uploads\/2024\/09\/Diseno-sin-titulo-34.jpg?resize=800%2C445&ssl=1","colormag-default-news":"https:\/\/i0.wp.com\/damekiu.com\/wp\/wp-content\/uploads\/2024\/09\/Diseno-sin-titulo-34.jpg?resize=150%2C150&ssl=1","colormag-featured-image-large":"https:\/\/i0.wp.com\/damekiu.com\/wp\/wp-content\/uploads\/2024\/09\/Diseno-sin-titulo-34.jpg?resize=1024%2C600&ssl=1"},"magazineBlocksPostAuthor":{"name":"Guadalupe Fuentes","avatar":"https:\/\/secure.gravatar.com\/avatar\/d0cd21e604a3cd4c5def7e91da731209725f04af4bb49927848006db905e10e7?s=96&d=mm&r=g"},"magazineBlocksPostCommentsNumber":"0","magazineBlocksPostExcerpt":"La madrugada de este mi\u00e9rcoles, la bancada guinda y aliados del Senado de la Rep\u00fablica, aprobaron la reforma constitucional impulsada","magazineBlocksPostCategories":["Pol\u00edtica"],"magazineBlocksPostViewCount":288,"magazineBlocksPostReadTime":6,"magazine_blocks_featured_image_url":{"full":["https:\/\/i0.wp.com\/damekiu.com\/wp\/wp-content\/uploads\/2024\/09\/Diseno-sin-titulo-34.jpg?fit=1024%2C768&ssl=1",1024,768,false],"medium":["https:\/\/i0.wp.com\/damekiu.com\/wp\/wp-content\/uploads\/2024\/09\/Diseno-sin-titulo-34.jpg?fit=300%2C225&ssl=1",300,225,true],"thumbnail":["https:\/\/i0.wp.com\/damekiu.com\/wp\/wp-content\/uploads\/2024\/09\/Diseno-sin-titulo-34.jpg?resize=150%2C150&ssl=1",150,150,true]},"magazine_blocks_author":{"display_name":"Guadalupe Fuentes","author_link":"https:\/\/damekiu.com\/wp\/author\/guadalupefuentes\/"},"magazine_blocks_comment":0,"magazine_blocks_author_image":"https:\/\/secure.gravatar.com\/avatar\/d0cd21e604a3cd4c5def7e91da731209725f04af4bb49927848006db905e10e7?s=96&d=mm&r=g","magazine_blocks_category":"<a href=\"#\" class=\"category-link category-link-48\">Pol\u00edtica<\/a>","yoast_head":"<!-- This site is optimized with the Yoast SEO plugin v27.1.1 - https:\/\/yoast.com\/product\/yoast-seo-wordpress\/ -->\n<title>Guardia Nacional ser\u00e1 adscripta a Sedena: \u00bfinicio de la militarizaci\u00f3n? - Dame Kiu<\/title>\n<meta name=\"description\" content=\"La madrugada de este mi\u00e9rcoles, se aprob\u00f3 en el Senado de la Rep\u00fablica la reforma del paso de Guardia Nacional a Sedena.\" \/>\n<meta name=\"robots\" content=\"index, follow, max-snippet:-1, max-image-preview:large, max-video-preview:-1\" \/>\n<link rel=\"canonical\" href=\"https:\/\/damekiu.com\/wp\/guardia-nacional-sera-adscripta-a-sedena-inicio-de-la-militarizacion\/\" \/>\n<meta property=\"og:locale\" content=\"es_ES\" \/>\n<meta property=\"og:type\" content=\"article\" \/>\n<meta property=\"og:title\" content=\"Guardia Nacional ser\u00e1 adscripta a Sedena: \u00bfinicio de la militarizaci\u00f3n? - Dame Kiu\" \/>\n<meta property=\"og:description\" content=\"La madrugada de este mi\u00e9rcoles, se aprob\u00f3 en el Senado de la Rep\u00fablica la reforma del paso de Guardia Nacional a Sedena.\" \/>\n<meta property=\"og:url\" content=\"https:\/\/damekiu.com\/wp\/guardia-nacional-sera-adscripta-a-sedena-inicio-de-la-militarizacion\/\" \/>\n<meta property=\"og:site_name\" content=\"Dame Kiu\" \/>\n<meta property=\"article:published_time\" content=\"2024-09-27T22:23:47+00:00\" \/>\n<meta property=\"article:modified_time\" content=\"2024-09-27T22:31:23+00:00\" \/>\n<meta property=\"og:image\" content=\"https:\/\/damekiu.com\/wp\/wp-content\/uploads\/2024\/09\/Diseno-sin-titulo-34.jpg\" \/>\n\t<meta property=\"og:image:width\" content=\"1024\" \/>\n\t<meta property=\"og:image:height\" content=\"768\" \/>\n\t<meta property=\"og:image:type\" content=\"image\/jpeg\" \/>\n<meta name=\"author\" content=\"Guadalupe Fuentes\" \/>\n<meta name=\"twitter:card\" content=\"summary_large_image\" \/>\n<meta name=\"twitter:label1\" content=\"Escrito por\" \/>\n\t<meta name=\"twitter:data1\" content=\"Guadalupe Fuentes\" \/>\n\t<meta name=\"twitter:label2\" content=\"Tiempo de lectura\" \/>\n\t<meta name=\"twitter:data2\" content=\"5 minutos\" \/>\n<script type=\"application\/ld+json\" class=\"yoast-schema-graph\">{\"@context\":\"https:\/\/schema.org\",\"@graph\":[{\"@type\":\"Article\",\"@id\":\"https:\/\/damekiu.com\/wp\/guardia-nacional-sera-adscripta-a-sedena-inicio-de-la-militarizacion\/#article\",\"isPartOf\":{\"@id\":\"https:\/\/damekiu.com\/wp\/guardia-nacional-sera-adscripta-a-sedena-inicio-de-la-militarizacion\/\"},\"author\":{\"name\":\"Guadalupe Fuentes\",\"@id\":\"https:\/\/damekiu.com\/wp\/#\/schema\/person\/1df81fa0d3a23cc3ea091343443295c8\"},\"headline\":\"Guardia Nacional ser\u00e1 adscripta a Sedena: \u00bfinicio de la militarizaci\u00f3n?\",\"datePublished\":\"2024-09-27T22:23:47+00:00\",\"dateModified\":\"2024-09-27T22:31:23+00:00\",\"mainEntityOfPage\":{\"@id\":\"https:\/\/damekiu.com\/wp\/guardia-nacional-sera-adscripta-a-sedena-inicio-de-la-militarizacion\/\"},\"wordCount\":1149,\"commentCount\":0,\"image\":{\"@id\":\"https:\/\/damekiu.com\/wp\/guardia-nacional-sera-adscripta-a-sedena-inicio-de-la-militarizacion\/#primaryimage\"},\"thumbnailUrl\":\"https:\/\/i0.wp.com\/damekiu.com\/wp\/wp-content\/uploads\/2024\/09\/Diseno-sin-titulo-34.jpg?fit=1024%2C768&ssl=1\",\"keywords\":[\"Dame Kiu\",\"Destacada Top\",\"Gobierno Federal\",\"Violencia\"],\"articleSection\":[\"Pol\u00edtica\"],\"inLanguage\":\"es\",\"potentialAction\":[{\"@type\":\"CommentAction\",\"name\":\"Comment\",\"target\":[\"https:\/\/damekiu.com\/wp\/guardia-nacional-sera-adscripta-a-sedena-inicio-de-la-militarizacion\/#respond\"]}]},{\"@type\":\"WebPage\",\"@id\":\"https:\/\/damekiu.com\/wp\/guardia-nacional-sera-adscripta-a-sedena-inicio-de-la-militarizacion\/\",\"url\":\"https:\/\/damekiu.com\/wp\/guardia-nacional-sera-adscripta-a-sedena-inicio-de-la-militarizacion\/\",\"name\":\"Guardia Nacional ser\u00e1 adscripta a Sedena: \u00bfinicio de la militarizaci\u00f3n? - Dame Kiu\",\"isPartOf\":{\"@id\":\"https:\/\/damekiu.com\/wp\/#website\"},\"primaryImageOfPage\":{\"@id\":\"https:\/\/damekiu.com\/wp\/guardia-nacional-sera-adscripta-a-sedena-inicio-de-la-militarizacion\/#primaryimage\"},\"image\":{\"@id\":\"https:\/\/damekiu.com\/wp\/guardia-nacional-sera-adscripta-a-sedena-inicio-de-la-militarizacion\/#primaryimage\"},\"thumbnailUrl\":\"https:\/\/i0.wp.com\/damekiu.com\/wp\/wp-content\/uploads\/2024\/09\/Diseno-sin-titulo-34.jpg?fit=1024%2C768&ssl=1\",\"datePublished\":\"2024-09-27T22:23:47+00:00\",\"dateModified\":\"2024-09-27T22:31:23+00:00\",\"author\":{\"@id\":\"https:\/\/damekiu.com\/wp\/#\/schema\/person\/1df81fa0d3a23cc3ea091343443295c8\"},\"description\":\"La madrugada de este mi\u00e9rcoles, se aprob\u00f3 en el Senado de la Rep\u00fablica la reforma del paso de Guardia Nacional a Sedena.\",\"breadcrumb\":{\"@id\":\"https:\/\/damekiu.com\/wp\/guardia-nacional-sera-adscripta-a-sedena-inicio-de-la-militarizacion\/#breadcrumb\"},\"inLanguage\":\"es\",\"potentialAction\":[{\"@type\":\"ReadAction\",\"target\":[\"https:\/\/damekiu.com\/wp\/guardia-nacional-sera-adscripta-a-sedena-inicio-de-la-militarizacion\/\"]}]},{\"@type\":\"ImageObject\",\"inLanguage\":\"es\",\"@id\":\"https:\/\/damekiu.com\/wp\/guardia-nacional-sera-adscripta-a-sedena-inicio-de-la-militarizacion\/#primaryimage\",\"url\":\"https:\/\/i0.wp.com\/damekiu.com\/wp\/wp-content\/uploads\/2024\/09\/Diseno-sin-titulo-34.jpg?fit=1024%2C768&ssl=1\",\"contentUrl\":\"https:\/\/i0.wp.com\/damekiu.com\/wp\/wp-content\/uploads\/2024\/09\/Diseno-sin-titulo-34.jpg?fit=1024%2C768&ssl=1\",\"width\":1024,\"height\":768,\"caption\":\"Fuente: Dame Kiu\"},{\"@type\":\"BreadcrumbList\",\"@id\":\"https:\/\/damekiu.com\/wp\/guardia-nacional-sera-adscripta-a-sedena-inicio-de-la-militarizacion\/#breadcrumb\",\"itemListElement\":[{\"@type\":\"ListItem\",\"position\":1,\"name\":\"Portada\",\"item\":\"https:\/\/damekiu.com\/wp\/\"},{\"@type\":\"ListItem\",\"position\":2,\"name\":\"Guardia Nacional ser\u00e1 adscripta a Sedena: \u00bfinicio de la militarizaci\u00f3n?\"}]},{\"@type\":\"WebSite\",\"@id\":\"https:\/\/damekiu.com\/wp\/#website\",\"url\":\"https:\/\/damekiu.com\/wp\/\",\"name\":\"Dame Kiu\",\"description\":\"Agencia Informativa digital \",\"potentialAction\":[{\"@type\":\"SearchAction\",\"target\":{\"@type\":\"EntryPoint\",\"urlTemplate\":\"https:\/\/damekiu.com\/wp\/?s={search_term_string}\"},\"query-input\":{\"@type\":\"PropertyValueSpecification\",\"valueRequired\":true,\"valueName\":\"search_term_string\"}}],\"inLanguage\":\"es\"},{\"@type\":\"Person\",\"@id\":\"https:\/\/damekiu.com\/wp\/#\/schema\/person\/1df81fa0d3a23cc3ea091343443295c8\",\"name\":\"Guadalupe Fuentes\",\"image\":{\"@type\":\"ImageObject\",\"inLanguage\":\"es\",\"@id\":\"https:\/\/damekiu.com\/wp\/#\/schema\/person\/image\/\",\"url\":\"https:\/\/secure.gravatar.com\/avatar\/d0cd21e604a3cd4c5def7e91da731209725f04af4bb49927848006db905e10e7?s=96&d=mm&r=g\",\"contentUrl\":\"https:\/\/secure.gravatar.com\/avatar\/d0cd21e604a3cd4c5def7e91da731209725f04af4bb49927848006db905e10e7?s=96&d=mm&r=g\",\"caption\":\"Guadalupe Fuentes\"},\"url\":\"https:\/\/damekiu.com\/wp\/author\/guadalupefuentes\/\"}]}<\/script>\n<!-- \/ Yoast SEO plugin. -->","yoast_head_json":{"title":"Guardia Nacional ser\u00e1 adscripta a Sedena: \u00bfinicio de la militarizaci\u00f3n? - Dame Kiu","description":"La madrugada de este mi\u00e9rcoles, se aprob\u00f3 en el Senado de la Rep\u00fablica la reforma del paso de Guardia Nacional a Sedena.","robots":{"index":"index","follow":"follow","max-snippet":"max-snippet:-1","max-image-preview":"max-image-preview:large","max-video-preview":"max-video-preview:-1"},"canonical":"https:\/\/damekiu.com\/wp\/guardia-nacional-sera-adscripta-a-sedena-inicio-de-la-militarizacion\/","og_locale":"es_ES","og_type":"article","og_title":"Guardia Nacional ser\u00e1 adscripta a Sedena: \u00bfinicio de la militarizaci\u00f3n? - Dame Kiu","og_description":"La madrugada de este mi\u00e9rcoles, se aprob\u00f3 en el Senado de la Rep\u00fablica la reforma del paso de Guardia Nacional a Sedena.","og_url":"https:\/\/damekiu.com\/wp\/guardia-nacional-sera-adscripta-a-sedena-inicio-de-la-militarizacion\/","og_site_name":"Dame Kiu","article_published_time":"2024-09-27T22:23:47+00:00","article_modified_time":"2024-09-27T22:31:23+00:00","og_image":[{"width":1024,"height":768,"url":"https:\/\/damekiu.com\/wp\/wp-content\/uploads\/2024\/09\/Diseno-sin-titulo-34.jpg","type":"image\/jpeg"}],"author":"Guadalupe Fuentes","twitter_card":"summary_large_image","twitter_misc":{"Escrito por":"Guadalupe Fuentes","Tiempo de lectura":"5 minutos"},"schema":{"@context":"https:\/\/schema.org","@graph":[{"@type":"Article","@id":"https:\/\/damekiu.com\/wp\/guardia-nacional-sera-adscripta-a-sedena-inicio-de-la-militarizacion\/#article","isPartOf":{"@id":"https:\/\/damekiu.com\/wp\/guardia-nacional-sera-adscripta-a-sedena-inicio-de-la-militarizacion\/"},"author":{"name":"Guadalupe Fuentes","@id":"https:\/\/damekiu.com\/wp\/#\/schema\/person\/1df81fa0d3a23cc3ea091343443295c8"},"headline":"Guardia Nacional ser\u00e1 adscripta a Sedena: \u00bfinicio de la militarizaci\u00f3n?","datePublished":"2024-09-27T22:23:47+00:00","dateModified":"2024-09-27T22:31:23+00:00","mainEntityOfPage":{"@id":"https:\/\/damekiu.com\/wp\/guardia-nacional-sera-adscripta-a-sedena-inicio-de-la-militarizacion\/"},"wordCount":1149,"commentCount":0,"image":{"@id":"https:\/\/damekiu.com\/wp\/guardia-nacional-sera-adscripta-a-sedena-inicio-de-la-militarizacion\/#primaryimage"},"thumbnailUrl":"https:\/\/i0.wp.com\/damekiu.com\/wp\/wp-content\/uploads\/2024\/09\/Diseno-sin-titulo-34.jpg?fit=1024%2C768&ssl=1","keywords":["Dame Kiu","Destacada Top","Gobierno Federal","Violencia"],"articleSection":["Pol\u00edtica"],"inLanguage":"es","potentialAction":[{"@type":"CommentAction","name":"Comment","target":["https:\/\/damekiu.com\/wp\/guardia-nacional-sera-adscripta-a-sedena-inicio-de-la-militarizacion\/#respond"]}]},{"@type":"WebPage","@id":"https:\/\/damekiu.com\/wp\/guardia-nacional-sera-adscripta-a-sedena-inicio-de-la-militarizacion\/","url":"https:\/\/damekiu.com\/wp\/guardia-nacional-sera-adscripta-a-sedena-inicio-de-la-militarizacion\/","name":"Guardia Nacional ser\u00e1 adscripta a Sedena: \u00bfinicio de la militarizaci\u00f3n? - Dame Kiu","isPartOf":{"@id":"https:\/\/damekiu.com\/wp\/#website"},"primaryImageOfPage":{"@id":"https:\/\/damekiu.com\/wp\/guardia-nacional-sera-adscripta-a-sedena-inicio-de-la-militarizacion\/#primaryimage"},"image":{"@id":"https:\/\/damekiu.com\/wp\/guardia-nacional-sera-adscripta-a-sedena-inicio-de-la-militarizacion\/#primaryimage"},"thumbnailUrl":"https:\/\/i0.wp.com\/damekiu.com\/wp\/wp-content\/uploads\/2024\/09\/Diseno-sin-titulo-34.jpg?fit=1024%2C768&ssl=1","datePublished":"2024-09-27T22:23:47+00:00","dateModified":"2024-09-27T22:31:23+00:00","author":{"@id":"https:\/\/damekiu.com\/wp\/#\/schema\/person\/1df81fa0d3a23cc3ea091343443295c8"},"description":"La madrugada de este mi\u00e9rcoles, se aprob\u00f3 en el Senado de la Rep\u00fablica la reforma del paso de Guardia Nacional a Sedena.","breadcrumb":{"@id":"https:\/\/damekiu.com\/wp\/guardia-nacional-sera-adscripta-a-sedena-inicio-de-la-militarizacion\/#breadcrumb"},"inLanguage":"es","potentialAction":[{"@type":"ReadAction","target":["https:\/\/damekiu.com\/wp\/guardia-nacional-sera-adscripta-a-sedena-inicio-de-la-militarizacion\/"]}]},{"@type":"ImageObject","inLanguage":"es","@id":"https:\/\/damekiu.com\/wp\/guardia-nacional-sera-adscripta-a-sedena-inicio-de-la-militarizacion\/#primaryimage","url":"https:\/\/i0.wp.com\/damekiu.com\/wp\/wp-content\/uploads\/2024\/09\/Diseno-sin-titulo-34.jpg?fit=1024%2C768&ssl=1","contentUrl":"https:\/\/i0.wp.com\/damekiu.com\/wp\/wp-content\/uploads\/2024\/09\/Diseno-sin-titulo-34.jpg?fit=1024%2C768&ssl=1","width":1024,"height":768,"caption":"Fuente: Dame Kiu"},{"@type":"BreadcrumbList","@id":"https:\/\/damekiu.com\/wp\/guardia-nacional-sera-adscripta-a-sedena-inicio-de-la-militarizacion\/#breadcrumb","itemListElement":[{"@type":"ListItem","position":1,"name":"Portada","item":"https:\/\/damekiu.com\/wp\/"},{"@type":"ListItem","position":2,"name":"Guardia Nacional ser\u00e1 adscripta a Sedena: \u00bfinicio de la militarizaci\u00f3n?"}]},{"@type":"WebSite","@id":"https:\/\/damekiu.com\/wp\/#website","url":"https:\/\/damekiu.com\/wp\/","name":"Dame Kiu","description":"Agencia Informativa digital ","potentialAction":[{"@type":"SearchAction","target":{"@type":"EntryPoint","urlTemplate":"https:\/\/damekiu.com\/wp\/?s={search_term_string}"},"query-input":{"@type":"PropertyValueSpecification","valueRequired":true,"valueName":"search_term_string"}}],"inLanguage":"es"},{"@type":"Person","@id":"https:\/\/damekiu.com\/wp\/#\/schema\/person\/1df81fa0d3a23cc3ea091343443295c8","name":"Guadalupe Fuentes","image":{"@type":"ImageObject","inLanguage":"es","@id":"https:\/\/damekiu.com\/wp\/#\/schema\/person\/image\/","url":"https:\/\/secure.gravatar.com\/avatar\/d0cd21e604a3cd4c5def7e91da731209725f04af4bb49927848006db905e10e7?s=96&d=mm&r=g","contentUrl":"https:\/\/secure.gravatar.com\/avatar\/d0cd21e604a3cd4c5def7e91da731209725f04af4bb49927848006db905e10e7?s=96&d=mm&r=g","caption":"Guadalupe Fuentes"},"url":"https:\/\/damekiu.com\/wp\/author\/guadalupefuentes\/"}]}},"jetpack_featured_media_url":"https:\/\/i0.wp.com\/damekiu.com\/wp\/wp-content\/uploads\/2024\/09\/Diseno-sin-titulo-34.jpg?fit=1024%2C768&ssl=1","jetpack_sharing_enabled":true,"jetpack-related-posts":[{"id":2786,"url":"https:\/\/damekiu.com\/wp\/la-guardia-nacional-se-queda\/","url_meta":{"origin":5416,"position":0},"title":"\u00a1Ya es un hecho! La Guardia Nacional se queda","author":"Dali Rend\u00f3n","date":"junio 24, 2024","format":false,"excerpt":"23 de junio 2024 L\u00f3pez Obrador y Claudia Sheinbaum celebran la propuesta de reforma constitucional de la Guardia Nacional (GN) para transferirla a la Secretar\u00eda de Defensa Nacional (Sedena). Tras su vista a la inauguraci\u00f3n de instalaciones de la GN en Santa Cruz Xoxocotl\u00e1n, Oaxaca, la candidata electa Claudia Sheinbaum\u2026","rel":"","context":"En \u00abPol\u00edtica\u00bb","block_context":{"text":"Pol\u00edtica","link":"https:\/\/damekiu.com\/wp\/category\/politica\/"},"img":{"alt_text":"","src":"https:\/\/i0.wp.com\/damekiu.com\/wp\/wp-content\/uploads\/2024\/06\/Captura-de-Pantalla-2024-06-24-a-las-11.54.18-1.png?fit=1200%2C795&ssl=1&resize=350%2C200","width":350,"height":200,"srcset":"https:\/\/i0.wp.com\/damekiu.com\/wp\/wp-content\/uploads\/2024\/06\/Captura-de-Pantalla-2024-06-24-a-las-11.54.18-1.png?fit=1200%2C795&ssl=1&resize=350%2C200 1x, https:\/\/i0.wp.com\/damekiu.com\/wp\/wp-content\/uploads\/2024\/06\/Captura-de-Pantalla-2024-06-24-a-las-11.54.18-1.png?fit=1200%2C795&ssl=1&resize=525%2C300 1.5x, https:\/\/i0.wp.com\/damekiu.com\/wp\/wp-content\/uploads\/2024\/06\/Captura-de-Pantalla-2024-06-24-a-las-11.54.18-1.png?fit=1200%2C795&ssl=1&resize=700%2C400 2x, https:\/\/i0.wp.com\/damekiu.com\/wp\/wp-content\/uploads\/2024\/06\/Captura-de-Pantalla-2024-06-24-a-las-11.54.18-1.png?fit=1200%2C795&ssl=1&resize=1050%2C600 3x"},"classes":[]},{"id":4605,"url":"https:\/\/damekiu.com\/wp\/organos-autonomos\/","url_meta":{"origin":5416,"position":1},"title":"Desaparici\u00f3n de \u00f3rganos aut\u00f3nomos: \u00bfRetroceso democr\u00e1tico?","author":"Guadalupe Fuentes","date":"agosto 16, 2024","format":false,"excerpt":"El pasado 5 de febrero, el presidente Andr\u00e9s Manuel L\u00f3pez Obrador, dio a conocer un paquete de 18 reformas constitucionales en las que se plantea la desaparici\u00f3n de \u00f3rganos aut\u00f3nomos y entes reguladores, as\u00ed como una reformaci\u00f3n al poder judicial y el paso de la Guardia Nacional a Sedena. Sin\u2026","rel":"","context":"En \u00abPol\u00edtica\u00bb","block_context":{"text":"Pol\u00edtica","link":"https:\/\/damekiu.com\/wp\/category\/politica\/"},"img":{"alt_text":"","src":"https:\/\/i0.wp.com\/damekiu.com\/wp\/wp-content\/uploads\/2024\/08\/Diseno-sin-titulo-15.png?fit=1024%2C768&ssl=1&resize=350%2C200","width":350,"height":200,"srcset":"https:\/\/i0.wp.com\/damekiu.com\/wp\/wp-content\/uploads\/2024\/08\/Diseno-sin-titulo-15.png?fit=1024%2C768&ssl=1&resize=350%2C200 1x, https:\/\/i0.wp.com\/damekiu.com\/wp\/wp-content\/uploads\/2024\/08\/Diseno-sin-titulo-15.png?fit=1024%2C768&ssl=1&resize=525%2C300 1.5x, https:\/\/i0.wp.com\/damekiu.com\/wp\/wp-content\/uploads\/2024\/08\/Diseno-sin-titulo-15.png?fit=1024%2C768&ssl=1&resize=700%2C400 2x"},"classes":[]},{"id":5694,"url":"https:\/\/damekiu.com\/wp\/tenemos-presidenta-asi-fue-la-toma-de-protesta-de-claudia-sheinbaum\/","url_meta":{"origin":5416,"position":2},"title":"\u00a1Tenemos presidenta!: As\u00ed fue la toma de protesta de Claudia Sheinbaum","author":"Guadalupe Fuentes","date":"octubre 2, 2024","format":false,"excerpt":"Este martes M\u00e9xico asumi\u00f3 en el poder a Claudia Sheinbaum, la primera mujer presidenta en sus 200 a\u00f1os de historia como Rep\u00fablica democr\u00e1tica. La mandataria, Claudia Sheinbaum, recibi\u00f3 la banda presidencial en el recinto legislativo de San L\u00e1zaro, de manos de Ifigenia Mart\u00ednez; quien es presidenta de la C\u00e1mara de\u2026","rel":"","context":"En \u00abPol\u00edtica\u00bb","block_context":{"text":"Pol\u00edtica","link":"https:\/\/damekiu.com\/wp\/category\/politica\/"},"img":{"alt_text":"Claudia Sheinbaum","src":"https:\/\/i0.wp.com\/damekiu.com\/wp\/wp-content\/uploads\/2024\/10\/Diseno-sin-titulo-36.jpg?fit=1024%2C768&ssl=1&resize=350%2C200","width":350,"height":200,"srcset":"https:\/\/i0.wp.com\/damekiu.com\/wp\/wp-content\/uploads\/2024\/10\/Diseno-sin-titulo-36.jpg?fit=1024%2C768&ssl=1&resize=350%2C200 1x, https:\/\/i0.wp.com\/damekiu.com\/wp\/wp-content\/uploads\/2024\/10\/Diseno-sin-titulo-36.jpg?fit=1024%2C768&ssl=1&resize=525%2C300 1.5x, https:\/\/i0.wp.com\/damekiu.com\/wp\/wp-content\/uploads\/2024\/10\/Diseno-sin-titulo-36.jpg?fit=1024%2C768&ssl=1&resize=700%2C400 2x"},"classes":[]},{"id":5935,"url":"https:\/\/damekiu.com\/wp\/materia-energetica\/","url_meta":{"origin":5416,"position":3},"title":"Reforma a art\u00edculos 25, 27 y 28:\u00bfEl Estado tendr\u00e1 el control en  materia energ\u00e9tica?","author":"Guadalupe Fuentes","date":"octubre 16, 2024","format":false,"excerpt":"Este mi\u00e9rcoles 9 de octubre, diputados de Morena y aliados, aprobaron el dictamen que reforma los art\u00edculos 25, 27 y 28 de la Carta Magna; mismos que contienen funciones en materia energ\u00e9tica. En ella se detalla que el Estado tendr\u00e1 el control del sistema el\u00e9ctrico nacional, as\u00ed como la extracci\u00f3n\u2026","rel":"","context":"En \u00abPol\u00edtica\u00bb","block_context":{"text":"Pol\u00edtica","link":"https:\/\/damekiu.com\/wp\/category\/politica\/"},"img":{"alt_text":"materia energ\u00e9tica","src":"https:\/\/i0.wp.com\/damekiu.com\/wp\/wp-content\/uploads\/2024\/10\/Diseno-sin-titulo-37.jpg?fit=1024%2C768&ssl=1&resize=350%2C200","width":350,"height":200,"srcset":"https:\/\/i0.wp.com\/damekiu.com\/wp\/wp-content\/uploads\/2024\/10\/Diseno-sin-titulo-37.jpg?fit=1024%2C768&ssl=1&resize=350%2C200 1x, https:\/\/i0.wp.com\/damekiu.com\/wp\/wp-content\/uploads\/2024\/10\/Diseno-sin-titulo-37.jpg?fit=1024%2C768&ssl=1&resize=525%2C300 1.5x, https:\/\/i0.wp.com\/damekiu.com\/wp\/wp-content\/uploads\/2024\/10\/Diseno-sin-titulo-37.jpg?fit=1024%2C768&ssl=1&resize=700%2C400 2x"},"classes":[]},{"id":3504,"url":"https:\/\/damekiu.com\/wp\/quien-es-quien-en-el-gabinete-de-claudia-sheinbaum\/","url_meta":{"origin":5416,"position":4},"title":"\u00bfQui\u00e9n es qui\u00e9n en el gabinete de Claudia Sheinbaum?","author":"Guadalupe Fuentes","date":"julio 13, 2024","format":false,"excerpt":"La presidenta electa, Claudia Sheinbaum Pardo, ha dado mucho de qu\u00e9 hablar por sus decisiones respecto a quienes la acompa\u00f1ar\u00e1n en su mandato de 2024-2030. Algunos de ellos han sido fuertemente aplaudidos, y otros tantos exageradamente criticados, pero \u00bfpor qu\u00e9? Luego del anuncio de la primera tanda de personajes que\u2026","rel":"","context":"En \u00abOpini\u00f3n\u00bb","block_context":{"text":"Opini\u00f3n","link":"https:\/\/damekiu.com\/wp\/category\/opinion\/"},"img":{"alt_text":"gabinete","src":"https:\/\/i0.wp.com\/damekiu.com\/wp\/wp-content\/uploads\/2024\/07\/Diseno-sin-titulo-27.jpg?fit=1024%2C768&ssl=1&resize=350%2C200","width":350,"height":200,"srcset":"https:\/\/i0.wp.com\/damekiu.com\/wp\/wp-content\/uploads\/2024\/07\/Diseno-sin-titulo-27.jpg?fit=1024%2C768&ssl=1&resize=350%2C200 1x, https:\/\/i0.wp.com\/damekiu.com\/wp\/wp-content\/uploads\/2024\/07\/Diseno-sin-titulo-27.jpg?fit=1024%2C768&ssl=1&resize=525%2C300 1.5x, https:\/\/i0.wp.com\/damekiu.com\/wp\/wp-content\/uploads\/2024\/07\/Diseno-sin-titulo-27.jpg?fit=1024%2C768&ssl=1&resize=700%2C400 2x"},"classes":[]},{"id":3371,"url":"https:\/\/damekiu.com\/wp\/sedena-y-semar\/","url_meta":{"origin":5416,"position":5},"title":"Sheinbaum: Titulares de Sedena y Semar ser\u00e1n anunciados hasta septiembre","author":"Guadalupe Fuentes","date":"julio 11, 2024","format":false,"excerpt":"Ante la especulaci\u00f3n que se hab\u00eda tenido, Sheinbaum asegur\u00f3 que ninguna mujer estar\u00e1 al frente de la Secretar\u00eda de Defensa Nacional (Sedena), ni de la Secretar\u00eda de Marina (Semar). La presidenta electa, Claudia Sheinbaum Pardo, adelanto que las designaciones de los titulares de la Sedena y Semar, ser\u00e1n anunciados hasta\u2026","rel":"","context":"En \u00abPol\u00edtica\u00bb","block_context":{"text":"Pol\u00edtica","link":"https:\/\/damekiu.com\/wp\/category\/politica\/"},"img":{"alt_text":"Sedena y Semar","src":"https:\/\/i0.wp.com\/damekiu.com\/wp\/wp-content\/uploads\/2024\/07\/Diseno-sin-titulo-25.jpg?fit=1024%2C768&ssl=1&resize=350%2C200","width":350,"height":200,"srcset":"https:\/\/i0.wp.com\/damekiu.com\/wp\/wp-content\/uploads\/2024\/07\/Diseno-sin-titulo-25.jpg?fit=1024%2C768&ssl=1&resize=350%2C200 1x, https:\/\/i0.wp.com\/damekiu.com\/wp\/wp-content\/uploads\/2024\/07\/Diseno-sin-titulo-25.jpg?fit=1024%2C768&ssl=1&resize=525%2C300 1.5x, https:\/\/i0.wp.com\/damekiu.com\/wp\/wp-content\/uploads\/2024\/07\/Diseno-sin-titulo-25.jpg?fit=1024%2C768&ssl=1&resize=700%2C400 2x"},"classes":[]}],"_links":{"self":[{"href":"https:\/\/damekiu.com\/wp\/wp-json\/wp\/v2\/posts\/5416","targetHints":{"allow":["GET"]}}],"collection":[{"href":"https:\/\/damekiu.com\/wp\/wp-json\/wp\/v2\/posts"}],"about":[{"href":"https:\/\/damekiu.com\/wp\/wp-json\/wp\/v2\/types\/post"}],"author":[{"embeddable":true,"href":"https:\/\/damekiu.com\/wp\/wp-json\/wp\/v2\/users\/9"}],"replies":[{"embeddable":true,"href":"https:\/\/damekiu.com\/wp\/wp-json\/wp\/v2\/comments?post=5416"}],"version-history":[{"count":3,"href":"https:\/\/damekiu.com\/wp\/wp-json\/wp\/v2\/posts\/5416\/revisions"}],"predecessor-version":[{"id":5562,"href":"https:\/\/damekiu.com\/wp\/wp-json\/wp\/v2\/posts\/5416\/revisions\/5562"}],"wp:featuredmedia":[{"embeddable":true,"href":"https:\/\/damekiu.com\/wp\/wp-json\/wp\/v2\/media\/5559"}],"wp:attachment":[{"href":"https:\/\/damekiu.com\/wp\/wp-json\/wp\/v2\/media?parent=5416"}],"wp:term":[{"taxonomy":"category","embeddable":true,"href":"https:\/\/damekiu.com\/wp\/wp-json\/wp\/v2\/categories?post=5416"},{"taxonomy":"post_tag","embeddable":true,"href":"https:\/\/damekiu.com\/wp\/wp-json\/wp\/v2\/tags?post=5416"}],"curies":[{"name":"wp","href":"https:\/\/api.w.org\/{rel}","templated":true}]}}