{"id":5103,"date":"2024-09-19T10:12:42","date_gmt":"2024-09-19T16:12:42","guid":{"rendered":"https:\/\/damekiu.com\/wp\/?p=5103"},"modified":"2024-09-22T20:03:35","modified_gmt":"2024-09-23T02:03:35","slug":"prevencion-del-suicidio","status":"publish","type":"post","link":"https:\/\/damekiu.com\/wp\/prevencion-del-suicidio\/","title":{"rendered":"Hay que hablar m\u00e1s sobre la prevenci\u00f3n del suicidio"},"content":{"rendered":"<p class=\"s5\"><span class=\"s4\"><span class=\"bumpedFont15\">10 de septiembre, D\u00eda Mundial de Prevenci\u00f3n del Suicidio<\/span><\/span><span class=\"s4\"><span class=\"bumpedFont15\">;<\/span><\/span> <span class=\"s4\"><span class=\"bumpedFont15\">u<\/span><\/span><span class=\"s4\"><span class=\"bumpedFont15\">n d\u00eda de vital importancia para M\u00e9xico, por el inmenso impacto que ocasiona en la poblaci\u00f3n esta problem\u00e1tica. Tan <\/span><\/span><span class=\"s4\"><span class=\"bumpedFont15\">solo en<\/span><\/span><span class=\"s4\"><span class=\"bumpedFont15\">las \u00faltimas dos d\u00e9cadas subi\u00f3 un 435% los casos de suicidio y en 2023, seg\u00fan el INEGI, se registraron 8,837 suicidios, aproximadamente 24 suicidios por d\u00eda, los cuales representan el 1.1% del total de muertes registradas en el pa\u00eds. <\/span><\/span><\/p>\n<p class=\"s5\"><span class=\"s4\"><span class=\"bumpedFont15\">La situaci\u00f3n referente a la salud mental est\u00e1 creciendo y se ha convertido en la segunda causa de muerte en j\u00f3venes de entre 15 y 24 a\u00f1os. Pero \u00bfpor qu\u00e9 ha avanzado este fen\u00f3meno? En Am\u00e9rica Latina hay muchas razones por las cuales el suicido es com\u00fan; sin embargo, probablemente la m\u00e1s da\u00f1ina pueden ser los tab\u00faes y prejuicios que se tienen alrededor del suicidio.<\/span><\/span><\/p>\n<p class=\"s5\"><span class=\"s4\"><span class=\"bumpedFont15\">Hay miles de mitos alrededor de esta conducta, siendo una de las principales que hablar sobre el suicidio lo provoca, al contrario, es necesario hablar de este para poder prevenirlo y que las personas entiendan que pueden pedir ayuda a sus alrededores. Ocultar el hecho solo provoca que la comunidad no est\u00e9 informada y que no sepan identificar ni ayudar en estos casos.<\/span><\/span><\/p>\n<p class=\"s5\"><span class=\"s4\"><span class=\"bumpedFont15\">En palabras del secretario de salud, Jorge Alcocer Varela, <\/span><\/span><span class=\"s6\"><span class=\"bumpedFont15\">\u201c<\/span><\/span><span class=\"s7\"><span class=\"bumpedFont15\">El desconocimiento generalizado sobre el suicidio propicia que las personas no soliciten atenci\u00f3n m\u00e9dica, debido a que el tema est\u00e1 rodeado de estigmas, mitos y tab\u00faes\u201d<\/span><\/span><span class=\"s7\"><span class=\"bumpedFont15\">.<\/span><\/span><\/p>\n<p class=\"s5\"><span class=\"s4\"><span class=\"bumpedFont15\">Otras de las barreras que evitan que la gente pida ayuda es la percepci\u00f3n individual de que uno puede resolverlo solo y que no haya solvencia econ\u00f3mica. Ante esto, se acude al c\u00edrculo m\u00e1s cercano conocido para aliviar este sufrimiento, otra raz\u00f3n m\u00e1s para que cualquiera tenga las habilidades b\u00e1sicas para ayudar a alguien que busca acabar con su vida.<\/span><\/span><\/p>\n<p class=\"s5\"><span class=\"s4\"><span class=\"bumpedFont15\">Algunas de las conductas que se pueden observar en personas que est\u00e1n ideando suicidarse son que el individuo expresa su deseo de morir o hace bromas al respecto, tambi\u00e9n se <\/span><\/span><span class=\"s4\"><span class=\"bumpedFont15\">autodesprecio<\/span><\/span><span class=\"s4\"><span class=\"bumpedFont15\">, tiene baja su autoestima y <\/span><\/span><span class=\"s4\"><span class=\"bumpedFont15\">sin<\/span><\/span> <span class=\"s4\"><span class=\"bumpedFont15\">respeto,<\/span><\/span><span class=\"s4\"><span class=\"bumpedFont15\">asimismo. De igual manera, manifiesta su desesperanza y se siente una carga para los dem\u00e1s. Otra cosa que llegan a realizar es una b\u00fasqueda sobre formas de morir, constantes despedidas, un aislamiento profundo, despojo de <\/span><\/span><span class=\"s4\"><span class=\"bumpedFont15\">objetos de valor y el consumo de sustancias, as\u00ed como la provocaci\u00f3n de situaciones temerarias e impulsivas.<\/span><\/span><\/p>\n<p class=\"s5\"><span class=\"s4\"><span class=\"bumpedFont15\">Adicional a lo anterior, se pueden encontrar diversas manifestaciones que pueden delatar un comportamiento suicida desde antes de cometerlo definitivamente, como lo es considerar la muerte como un descanso, comunicar la amenaza de suicidio, practicar ensayos o autolesiones. <\/span><\/span><\/p>\n<p class=\"s5\"><span class=\"s4\"><span class=\"bumpedFont15\">Seg\u00fan, las estad\u00edsticas de la OMS, por cada suicidio hay al menos 20 intentos <\/span><\/span><span class=\"s4\"><span class=\"bumpedFont15\">previos; a<\/span><\/span><span class=\"s4\"><span class=\"bumpedFont15\"> pesar de esto, es importante mencionar que estas manifestaciones pueden no llegar a suceder y que el suicidio se puede presentar sin que haya estas. Por esto, es importante prestar atenci\u00f3n a los comportamientos y autopercepciones que tienen las personas suicidas<\/span><\/span><span class=\"s4\"><span class=\"bumpedFont15\">.<\/span><\/span><\/p>\n<p class=\"s5\"><span class=\"s4\"><span class=\"bumpedFont15\">Sabiendo lo anterior, \u00bfqu\u00e9 es lo que puedes hacer t\u00fa ya conociendo algunos de estos pensamientos y manifestaciones? Primordialmente, debes considerar que todos pueden ayudar a la prevenci\u00f3n del suicidio. En palabras de la jefa de sede del Espacio de Orientaci\u00f3n y Atenci\u00f3n Psicol\u00f3gica del Instituto de Fisiolog\u00eda Celular, Gabriela <\/span><\/span><span class=\"s4\"><span class=\"bumpedFont15\">Gomora<\/span><\/span><span class=\"s4\"><span class=\"bumpedFont15\"> Figueroa:<\/span><\/span><\/p>\n<p class=\"s8\"><em><span class=\"s6\"><span class=\"bumpedFont15\">\u201cTodos podemos ayudar a prevenir el suicidio, depender\u00e1 del contexto en el que me encuentro y el rol que tengo en determinado espacio: tutora, profesora, compa\u00f1era, amiga, colega, familiar, y si estoy en la escuela, trabajo, en el ambiente familiar, social, etc\u00e9tera, para saber qu\u00e9 medidas puedo ir ejecutando y poder intervenir. Acompa\u00f1arse de otros es vital para procesar el tema del suicidio; tratarlo de forma conjunta para pasar del t\u00fa al nosotros\u201d.<\/span><\/span><\/em><\/p>\n<p class=\"s5\"><span class=\"s4\"><span class=\"bumpedFont15\">Ante esto, algunas de las cosas que puedes llegar a realizar es preguntar, acompa\u00f1ar, mostrar inter\u00e9s, apoyar, respetar, tomar en serio la situaci\u00f3n, validar y buscar redes de servicios. \u00a0Lo m\u00e1s importante de todo esto es que no se debe ignorar la situaci\u00f3n, ni restarle importancia. Algunos de los recursos que est\u00e1n al servicio de la sociedad mexicana son La L\u00ednea de la Vida 800 91 2000, las brigadas comunitarias de salud mental, los grupos de apoyo emocional, el C\u00f3digo 100 <\/span><\/span><span class=\"s4\"><span class=\"bumpedFont15\">y \u00a0los <\/span><\/span><span class=\"s4\"><span class=\"bumpedFont15\">protocolos de detecci\u00f3n y atenci\u00f3n en hospitales<\/span><\/span><span class=\"s4\"><span class=\"bumpedFont15\">.<\/span><\/span><\/p>\n<p class=\"s5\"><span class=\"s4\"><span class=\"bumpedFont15\">Hablar de suicidio ser\u00e1 siempre correcto, cuando se vea desde el respeto, sin juzgar, criticar o aleccionar. Por eso es necesario abrir espacios para platicar y preguntar de manera franca. Dejar que este tema solo sea un susurro en las conversaciones de hoy por ser un tema fuerte solo har\u00e1 <\/span><\/span><span class=\"s4\"><span class=\"bumpedFont15\">que en los siguientes a\u00f1os se haga un tema cada vez m\u00e1s recurrente. Si queremos acabar con el crecimiento de esta pandemia, es necesario comunicar las preocupaciones, para lograr dise\u00f1ar un plan de prevenci\u00f3n.<\/span><\/span><\/p>\n<p class=\"s5\"><em><span class=\"s6\"><span class=\"bumpedFont15\">\u201cLa prevenci\u00f3n debe ser la base de la acci\u00f3n para evitar el suicidio, con \u00e9tica, solidaridad y humanismo, y pones a la familia y las comunidades en el centro de la acci\u00f3n\u201d<\/span><\/span><span class=\"s6\"><span class=\"bumpedFont15\">.<\/span><\/span><\/em><\/p>\n","protected":false},"excerpt":{"rendered":"<p>10 de septiembre, D\u00eda Mundial de Prevenci\u00f3n del Suicidio; un d\u00eda de vital importancia para M\u00e9xico, por el inmenso impacto<\/p>\n","protected":false},"author":23,"featured_media":5114,"comment_status":"open","ping_status":"open","sticky":false,"template":"","format":"standard","meta":{"colormag_page_container_layout":"default_layout","colormag_page_sidebar_layout":"default_layout","_jetpack_memberships_contains_paid_content":false,"footnotes":""},"categories":[14],"tags":[321,320,322],"class_list":["post-5103","post","type-post","status-publish","format-standard","has-post-thumbnail","hentry","category-lifestyle","tag-prevencion","tag-salud-mental","tag-suicidio"],"magazineBlocksPostFeaturedMedia":{"thumbnail":"https:\/\/i0.wp.com\/damekiu.com\/wp\/wp-content\/uploads\/2024\/09\/IMG_7484.jpg?resize=150%2C150&ssl=1","medium":"https:\/\/i0.wp.com\/damekiu.com\/wp\/wp-content\/uploads\/2024\/09\/IMG_7484.jpg?fit=300%2C200&ssl=1","medium_large":"https:\/\/i0.wp.com\/damekiu.com\/wp\/wp-content\/uploads\/2024\/09\/IMG_7484.jpg?fit=678%2C452&ssl=1","large":"https:\/\/i0.wp.com\/damekiu.com\/wp\/wp-content\/uploads\/2024\/09\/IMG_7484.jpg?fit=678%2C452&ssl=1","1536x1536":"https:\/\/i0.wp.com\/damekiu.com\/wp\/wp-content\/uploads\/2024\/09\/IMG_7484.jpg?fit=678%2C452&ssl=1","2048x2048":"https:\/\/i0.wp.com\/damekiu.com\/wp\/wp-content\/uploads\/2024\/09\/IMG_7484.jpg?fit=678%2C452&ssl=1","colormag-highlighted-post":"https:\/\/i0.wp.com\/damekiu.com\/wp\/wp-content\/uploads\/2024\/09\/IMG_7484.jpg?resize=392%2C272&ssl=1","colormag-featured-post-medium":"https:\/\/i0.wp.com\/damekiu.com\/wp\/wp-content\/uploads\/2024\/09\/IMG_7484.jpg?resize=390%2C205&ssl=1","colormag-featured-post-small":"https:\/\/i0.wp.com\/damekiu.com\/wp\/wp-content\/uploads\/2024\/09\/IMG_7484.jpg?resize=130%2C90&ssl=1","colormag-featured-image":"https:\/\/i0.wp.com\/damekiu.com\/wp\/wp-content\/uploads\/2024\/09\/IMG_7484.jpg?resize=678%2C445&ssl=1","colormag-default-news":"https:\/\/i0.wp.com\/damekiu.com\/wp\/wp-content\/uploads\/2024\/09\/IMG_7484.jpg?resize=150%2C150&ssl=1","colormag-featured-image-large":"https:\/\/i0.wp.com\/damekiu.com\/wp\/wp-content\/uploads\/2024\/09\/IMG_7484.jpg?resize=678%2C452&ssl=1"},"magazineBlocksPostAuthor":{"name":"Karen G. Zamudio","avatar":"https:\/\/secure.gravatar.com\/avatar\/22bd50a87a0e45a0d1be05e00c371b3000e81474f9a8477bf73e33e07bdad35e?s=96&d=mm&r=g"},"magazineBlocksPostCommentsNumber":"0","magazineBlocksPostExcerpt":"10 de septiembre, D\u00eda Mundial de Prevenci\u00f3n del Suicidio; un d\u00eda de vital importancia para M\u00e9xico, por el inmenso impacto","magazineBlocksPostCategories":["Lifestyle"],"magazineBlocksPostViewCount":297,"magazineBlocksPostReadTime":5,"magazine_blocks_featured_image_url":{"full":["https:\/\/i0.wp.com\/damekiu.com\/wp\/wp-content\/uploads\/2024\/09\/IMG_7484.jpg?fit=678%2C452&ssl=1",678,452,false],"medium":["https:\/\/i0.wp.com\/damekiu.com\/wp\/wp-content\/uploads\/2024\/09\/IMG_7484.jpg?fit=300%2C200&ssl=1",300,200,true],"thumbnail":["https:\/\/i0.wp.com\/damekiu.com\/wp\/wp-content\/uploads\/2024\/09\/IMG_7484.jpg?resize=150%2C150&ssl=1",150,150,true]},"magazine_blocks_author":{"display_name":"Karen G. Zamudio","author_link":"https:\/\/damekiu.com\/wp\/author\/karenzamudio\/"},"magazine_blocks_comment":0,"magazine_blocks_author_image":"https:\/\/secure.gravatar.com\/avatar\/22bd50a87a0e45a0d1be05e00c371b3000e81474f9a8477bf73e33e07bdad35e?s=96&d=mm&r=g","magazine_blocks_category":"<a href=\"#\" class=\"category-link category-link-14\">Lifestyle<\/a>","yoast_head":"<!-- This site is optimized with the Yoast SEO plugin v27.1.1 - https:\/\/yoast.com\/product\/yoast-seo-wordpress\/ -->\n<title>Hay que hablar m\u00e1s sobre la prevenci\u00f3n del suicidio - Dame Kiu<\/title>\n<meta name=\"description\" content=\"La Prevenci\u00f3n del Suicidio es un problema de salud p\u00fablica importante, pero a menudo descuidado, rodeado de estigmas, mitos y tab\u00faes.\" \/>\n<meta name=\"robots\" content=\"index, follow, max-snippet:-1, max-image-preview:large, max-video-preview:-1\" \/>\n<link rel=\"canonical\" href=\"https:\/\/damekiu.com\/wp\/prevencion-del-suicidio\/\" \/>\n<meta property=\"og:locale\" content=\"es_ES\" \/>\n<meta property=\"og:type\" content=\"article\" \/>\n<meta property=\"og:title\" content=\"Hay que hablar m\u00e1s sobre la prevenci\u00f3n del suicidio - Dame Kiu\" \/>\n<meta property=\"og:description\" content=\"La Prevenci\u00f3n del Suicidio es un problema de salud p\u00fablica importante, pero a menudo descuidado, rodeado de estigmas, mitos y tab\u00faes.\" \/>\n<meta property=\"og:url\" content=\"https:\/\/damekiu.com\/wp\/prevencion-del-suicidio\/\" \/>\n<meta property=\"og:site_name\" content=\"Dame Kiu\" \/>\n<meta property=\"article:published_time\" content=\"2024-09-19T16:12:42+00:00\" \/>\n<meta property=\"article:modified_time\" content=\"2024-09-23T02:03:35+00:00\" \/>\n<meta property=\"og:image\" content=\"https:\/\/damekiu.com\/wp\/wp-content\/uploads\/2024\/09\/IMG_7484.jpg\" \/>\n\t<meta property=\"og:image:width\" content=\"678\" \/>\n\t<meta property=\"og:image:height\" content=\"452\" \/>\n\t<meta property=\"og:image:type\" content=\"image\/jpeg\" \/>\n<meta name=\"author\" content=\"Karen G. Zamudio\" \/>\n<meta name=\"twitter:card\" content=\"summary_large_image\" \/>\n<meta name=\"twitter:label1\" content=\"Escrito por\" \/>\n\t<meta name=\"twitter:data1\" content=\"Karen G. Zamudio\" \/>\n\t<meta name=\"twitter:label2\" content=\"Tiempo de lectura\" \/>\n\t<meta name=\"twitter:data2\" content=\"4 minutos\" \/>\n<script type=\"application\/ld+json\" class=\"yoast-schema-graph\">{\"@context\":\"https:\/\/schema.org\",\"@graph\":[{\"@type\":\"Article\",\"@id\":\"https:\/\/damekiu.com\/wp\/prevencion-del-suicidio\/#article\",\"isPartOf\":{\"@id\":\"https:\/\/damekiu.com\/wp\/prevencion-del-suicidio\/\"},\"author\":{\"name\":\"Karen G. Zamudio\",\"@id\":\"https:\/\/damekiu.com\/wp\/#\/schema\/person\/6ef0b3d2efa0aaf9411ea6985aa654db\"},\"headline\":\"Hay que hablar m\u00e1s sobre la prevenci\u00f3n del suicidio\",\"datePublished\":\"2024-09-19T16:12:42+00:00\",\"dateModified\":\"2024-09-23T02:03:35+00:00\",\"mainEntityOfPage\":{\"@id\":\"https:\/\/damekiu.com\/wp\/prevencion-del-suicidio\/\"},\"wordCount\":869,\"commentCount\":0,\"image\":{\"@id\":\"https:\/\/damekiu.com\/wp\/prevencion-del-suicidio\/#primaryimage\"},\"thumbnailUrl\":\"https:\/\/i0.wp.com\/damekiu.com\/wp\/wp-content\/uploads\/2024\/09\/IMG_7484.jpg?fit=678%2C452&ssl=1\",\"keywords\":[\"prevenci\u00f3n\",\"salud mental\",\"suicidio\"],\"articleSection\":[\"Lifestyle\"],\"inLanguage\":\"es\",\"potentialAction\":[{\"@type\":\"CommentAction\",\"name\":\"Comment\",\"target\":[\"https:\/\/damekiu.com\/wp\/prevencion-del-suicidio\/#respond\"]}]},{\"@type\":\"WebPage\",\"@id\":\"https:\/\/damekiu.com\/wp\/prevencion-del-suicidio\/\",\"url\":\"https:\/\/damekiu.com\/wp\/prevencion-del-suicidio\/\",\"name\":\"Hay que hablar m\u00e1s sobre la prevenci\u00f3n del suicidio - Dame Kiu\",\"isPartOf\":{\"@id\":\"https:\/\/damekiu.com\/wp\/#website\"},\"primaryImageOfPage\":{\"@id\":\"https:\/\/damekiu.com\/wp\/prevencion-del-suicidio\/#primaryimage\"},\"image\":{\"@id\":\"https:\/\/damekiu.com\/wp\/prevencion-del-suicidio\/#primaryimage\"},\"thumbnailUrl\":\"https:\/\/i0.wp.com\/damekiu.com\/wp\/wp-content\/uploads\/2024\/09\/IMG_7484.jpg?fit=678%2C452&ssl=1\",\"datePublished\":\"2024-09-19T16:12:42+00:00\",\"dateModified\":\"2024-09-23T02:03:35+00:00\",\"author\":{\"@id\":\"https:\/\/damekiu.com\/wp\/#\/schema\/person\/6ef0b3d2efa0aaf9411ea6985aa654db\"},\"description\":\"La Prevenci\u00f3n del Suicidio es un problema de salud p\u00fablica importante, pero a menudo descuidado, rodeado de estigmas, mitos y tab\u00faes.\",\"breadcrumb\":{\"@id\":\"https:\/\/damekiu.com\/wp\/prevencion-del-suicidio\/#breadcrumb\"},\"inLanguage\":\"es\",\"potentialAction\":[{\"@type\":\"ReadAction\",\"target\":[\"https:\/\/damekiu.com\/wp\/prevencion-del-suicidio\/\"]}]},{\"@type\":\"ImageObject\",\"inLanguage\":\"es\",\"@id\":\"https:\/\/damekiu.com\/wp\/prevencion-del-suicidio\/#primaryimage\",\"url\":\"https:\/\/i0.wp.com\/damekiu.com\/wp\/wp-content\/uploads\/2024\/09\/IMG_7484.jpg?fit=678%2C452&ssl=1\",\"contentUrl\":\"https:\/\/i0.wp.com\/damekiu.com\/wp\/wp-content\/uploads\/2024\/09\/IMG_7484.jpg?fit=678%2C452&ssl=1\",\"width\":678,\"height\":452,\"caption\":\"Fuente: Centro M\u00e9dico Villegas\"},{\"@type\":\"BreadcrumbList\",\"@id\":\"https:\/\/damekiu.com\/wp\/prevencion-del-suicidio\/#breadcrumb\",\"itemListElement\":[{\"@type\":\"ListItem\",\"position\":1,\"name\":\"Portada\",\"item\":\"https:\/\/damekiu.com\/wp\/\"},{\"@type\":\"ListItem\",\"position\":2,\"name\":\"Hay que hablar m\u00e1s sobre la prevenci\u00f3n del suicidio\"}]},{\"@type\":\"WebSite\",\"@id\":\"https:\/\/damekiu.com\/wp\/#website\",\"url\":\"https:\/\/damekiu.com\/wp\/\",\"name\":\"Dame Kiu\",\"description\":\"Agencia Informativa digital \",\"potentialAction\":[{\"@type\":\"SearchAction\",\"target\":{\"@type\":\"EntryPoint\",\"urlTemplate\":\"https:\/\/damekiu.com\/wp\/?s={search_term_string}\"},\"query-input\":{\"@type\":\"PropertyValueSpecification\",\"valueRequired\":true,\"valueName\":\"search_term_string\"}}],\"inLanguage\":\"es\"},{\"@type\":\"Person\",\"@id\":\"https:\/\/damekiu.com\/wp\/#\/schema\/person\/6ef0b3d2efa0aaf9411ea6985aa654db\",\"name\":\"Karen G. Zamudio\",\"image\":{\"@type\":\"ImageObject\",\"inLanguage\":\"es\",\"@id\":\"https:\/\/damekiu.com\/wp\/#\/schema\/person\/image\/\",\"url\":\"https:\/\/secure.gravatar.com\/avatar\/22bd50a87a0e45a0d1be05e00c371b3000e81474f9a8477bf73e33e07bdad35e?s=96&d=mm&r=g\",\"contentUrl\":\"https:\/\/secure.gravatar.com\/avatar\/22bd50a87a0e45a0d1be05e00c371b3000e81474f9a8477bf73e33e07bdad35e?s=96&d=mm&r=g\",\"caption\":\"Karen G. Zamudio\"},\"url\":\"https:\/\/damekiu.com\/wp\/author\/karenzamudio\/\"}]}<\/script>\n<!-- \/ Yoast SEO plugin. -->","yoast_head_json":{"title":"Hay que hablar m\u00e1s sobre la prevenci\u00f3n del suicidio - Dame Kiu","description":"La Prevenci\u00f3n del Suicidio es un problema de salud p\u00fablica importante, pero a menudo descuidado, rodeado de estigmas, mitos y tab\u00faes.","robots":{"index":"index","follow":"follow","max-snippet":"max-snippet:-1","max-image-preview":"max-image-preview:large","max-video-preview":"max-video-preview:-1"},"canonical":"https:\/\/damekiu.com\/wp\/prevencion-del-suicidio\/","og_locale":"es_ES","og_type":"article","og_title":"Hay que hablar m\u00e1s sobre la prevenci\u00f3n del suicidio - Dame Kiu","og_description":"La Prevenci\u00f3n del Suicidio es un problema de salud p\u00fablica importante, pero a menudo descuidado, rodeado de estigmas, mitos y tab\u00faes.","og_url":"https:\/\/damekiu.com\/wp\/prevencion-del-suicidio\/","og_site_name":"Dame Kiu","article_published_time":"2024-09-19T16:12:42+00:00","article_modified_time":"2024-09-23T02:03:35+00:00","og_image":[{"width":678,"height":452,"url":"https:\/\/damekiu.com\/wp\/wp-content\/uploads\/2024\/09\/IMG_7484.jpg","type":"image\/jpeg"}],"author":"Karen G. Zamudio","twitter_card":"summary_large_image","twitter_misc":{"Escrito por":"Karen G. Zamudio","Tiempo de lectura":"4 minutos"},"schema":{"@context":"https:\/\/schema.org","@graph":[{"@type":"Article","@id":"https:\/\/damekiu.com\/wp\/prevencion-del-suicidio\/#article","isPartOf":{"@id":"https:\/\/damekiu.com\/wp\/prevencion-del-suicidio\/"},"author":{"name":"Karen G. Zamudio","@id":"https:\/\/damekiu.com\/wp\/#\/schema\/person\/6ef0b3d2efa0aaf9411ea6985aa654db"},"headline":"Hay que hablar m\u00e1s sobre la prevenci\u00f3n del suicidio","datePublished":"2024-09-19T16:12:42+00:00","dateModified":"2024-09-23T02:03:35+00:00","mainEntityOfPage":{"@id":"https:\/\/damekiu.com\/wp\/prevencion-del-suicidio\/"},"wordCount":869,"commentCount":0,"image":{"@id":"https:\/\/damekiu.com\/wp\/prevencion-del-suicidio\/#primaryimage"},"thumbnailUrl":"https:\/\/i0.wp.com\/damekiu.com\/wp\/wp-content\/uploads\/2024\/09\/IMG_7484.jpg?fit=678%2C452&ssl=1","keywords":["prevenci\u00f3n","salud mental","suicidio"],"articleSection":["Lifestyle"],"inLanguage":"es","potentialAction":[{"@type":"CommentAction","name":"Comment","target":["https:\/\/damekiu.com\/wp\/prevencion-del-suicidio\/#respond"]}]},{"@type":"WebPage","@id":"https:\/\/damekiu.com\/wp\/prevencion-del-suicidio\/","url":"https:\/\/damekiu.com\/wp\/prevencion-del-suicidio\/","name":"Hay que hablar m\u00e1s sobre la prevenci\u00f3n del suicidio - Dame Kiu","isPartOf":{"@id":"https:\/\/damekiu.com\/wp\/#website"},"primaryImageOfPage":{"@id":"https:\/\/damekiu.com\/wp\/prevencion-del-suicidio\/#primaryimage"},"image":{"@id":"https:\/\/damekiu.com\/wp\/prevencion-del-suicidio\/#primaryimage"},"thumbnailUrl":"https:\/\/i0.wp.com\/damekiu.com\/wp\/wp-content\/uploads\/2024\/09\/IMG_7484.jpg?fit=678%2C452&ssl=1","datePublished":"2024-09-19T16:12:42+00:00","dateModified":"2024-09-23T02:03:35+00:00","author":{"@id":"https:\/\/damekiu.com\/wp\/#\/schema\/person\/6ef0b3d2efa0aaf9411ea6985aa654db"},"description":"La Prevenci\u00f3n del Suicidio es un problema de salud p\u00fablica importante, pero a menudo descuidado, rodeado de estigmas, mitos y tab\u00faes.","breadcrumb":{"@id":"https:\/\/damekiu.com\/wp\/prevencion-del-suicidio\/#breadcrumb"},"inLanguage":"es","potentialAction":[{"@type":"ReadAction","target":["https:\/\/damekiu.com\/wp\/prevencion-del-suicidio\/"]}]},{"@type":"ImageObject","inLanguage":"es","@id":"https:\/\/damekiu.com\/wp\/prevencion-del-suicidio\/#primaryimage","url":"https:\/\/i0.wp.com\/damekiu.com\/wp\/wp-content\/uploads\/2024\/09\/IMG_7484.jpg?fit=678%2C452&ssl=1","contentUrl":"https:\/\/i0.wp.com\/damekiu.com\/wp\/wp-content\/uploads\/2024\/09\/IMG_7484.jpg?fit=678%2C452&ssl=1","width":678,"height":452,"caption":"Fuente: Centro M\u00e9dico Villegas"},{"@type":"BreadcrumbList","@id":"https:\/\/damekiu.com\/wp\/prevencion-del-suicidio\/#breadcrumb","itemListElement":[{"@type":"ListItem","position":1,"name":"Portada","item":"https:\/\/damekiu.com\/wp\/"},{"@type":"ListItem","position":2,"name":"Hay que hablar m\u00e1s sobre la prevenci\u00f3n del suicidio"}]},{"@type":"WebSite","@id":"https:\/\/damekiu.com\/wp\/#website","url":"https:\/\/damekiu.com\/wp\/","name":"Dame Kiu","description":"Agencia Informativa digital ","potentialAction":[{"@type":"SearchAction","target":{"@type":"EntryPoint","urlTemplate":"https:\/\/damekiu.com\/wp\/?s={search_term_string}"},"query-input":{"@type":"PropertyValueSpecification","valueRequired":true,"valueName":"search_term_string"}}],"inLanguage":"es"},{"@type":"Person","@id":"https:\/\/damekiu.com\/wp\/#\/schema\/person\/6ef0b3d2efa0aaf9411ea6985aa654db","name":"Karen G. Zamudio","image":{"@type":"ImageObject","inLanguage":"es","@id":"https:\/\/damekiu.com\/wp\/#\/schema\/person\/image\/","url":"https:\/\/secure.gravatar.com\/avatar\/22bd50a87a0e45a0d1be05e00c371b3000e81474f9a8477bf73e33e07bdad35e?s=96&d=mm&r=g","contentUrl":"https:\/\/secure.gravatar.com\/avatar\/22bd50a87a0e45a0d1be05e00c371b3000e81474f9a8477bf73e33e07bdad35e?s=96&d=mm&r=g","caption":"Karen G. Zamudio"},"url":"https:\/\/damekiu.com\/wp\/author\/karenzamudio\/"}]}},"jetpack_featured_media_url":"https:\/\/i0.wp.com\/damekiu.com\/wp\/wp-content\/uploads\/2024\/09\/IMG_7484.jpg?fit=678%2C452&ssl=1","jetpack_sharing_enabled":true,"jetpack-related-posts":[{"id":7457,"url":"https:\/\/damekiu.com\/wp\/el-olvidado-dia-del-hombre\/","url_meta":{"origin":5103,"position":0},"title":"El olvidado d\u00eda del hombre","author":"Constanza Campos","date":"diciembre 2, 2024","format":false,"excerpt":"Es poco sabido que as\u00ed como existe el d\u00eda de las mujeres, tambi\u00e9n existe el d\u00eda del hombre, que ocurri\u00f3 el pasado martes 19 de noviembre, es un d\u00eda que tiene como enfoque la salud mental y f\u00edsica del g\u00e9nero masculino, as\u00ed como dar luz a las problem\u00e1ticas por las\u2026","rel":"","context":"En \u00abCultura\u00bb","block_context":{"text":"Cultura","link":"https:\/\/damekiu.com\/wp\/category\/cultura\/"},"img":{"alt_text":"","src":"https:\/\/i0.wp.com\/damekiu.com\/wp\/wp-content\/uploads\/2024\/12\/IMG_0197.jpeg?fit=1136%2C830&ssl=1&resize=350%2C200","width":350,"height":200,"srcset":"https:\/\/i0.wp.com\/damekiu.com\/wp\/wp-content\/uploads\/2024\/12\/IMG_0197.jpeg?fit=1136%2C830&ssl=1&resize=350%2C200 1x, https:\/\/i0.wp.com\/damekiu.com\/wp\/wp-content\/uploads\/2024\/12\/IMG_0197.jpeg?fit=1136%2C830&ssl=1&resize=525%2C300 1.5x, https:\/\/i0.wp.com\/damekiu.com\/wp\/wp-content\/uploads\/2024\/12\/IMG_0197.jpeg?fit=1136%2C830&ssl=1&resize=700%2C400 2x, https:\/\/i0.wp.com\/damekiu.com\/wp\/wp-content\/uploads\/2024\/12\/IMG_0197.jpeg?fit=1136%2C830&ssl=1&resize=1050%2C600 3x"},"classes":[]},{"id":9182,"url":"https:\/\/damekiu.com\/wp\/autoridades-de-la-secundaria-no-se-han-pronunciado\/","url_meta":{"origin":5103,"position":1},"title":"Las autoridades no se han pronunciado en caso de F\u00e1tima\u00a0","author":"Diana Arce","date":"febrero 20, 2025","format":false,"excerpt":"Las autoridades de la secundaria no se han pronunciado en caso de F\u00e1tima, sucedido\u00a0este cuatro de febrero, en el que debido al acoso escolar F\u00e1tima cay\u00f3 del tercer piso de su secundaria, en Iztapalapa. Mientras los padres de F\u00e1tima, buscan que la salud de la menor mejore, al mismo tiempo,\u00a0\u2026","rel":"","context":"En \u00abPol\u00edtica\u00bb","block_context":{"text":"Pol\u00edtica","link":"https:\/\/damekiu.com\/wp\/category\/politica\/"},"img":{"alt_text":"autoridades de la secundaria no se han pronunciado","src":"https:\/\/i0.wp.com\/damekiu.com\/wp\/wp-content\/uploads\/2025\/02\/44D4CECE-499B-4934-A562-36AB94BDCDCF.jpeg?fit=1080%2C1080&ssl=1&resize=350%2C200","width":350,"height":200,"srcset":"https:\/\/i0.wp.com\/damekiu.com\/wp\/wp-content\/uploads\/2025\/02\/44D4CECE-499B-4934-A562-36AB94BDCDCF.jpeg?fit=1080%2C1080&ssl=1&resize=350%2C200 1x, https:\/\/i0.wp.com\/damekiu.com\/wp\/wp-content\/uploads\/2025\/02\/44D4CECE-499B-4934-A562-36AB94BDCDCF.jpeg?fit=1080%2C1080&ssl=1&resize=525%2C300 1.5x, https:\/\/i0.wp.com\/damekiu.com\/wp\/wp-content\/uploads\/2025\/02\/44D4CECE-499B-4934-A562-36AB94BDCDCF.jpeg?fit=1080%2C1080&ssl=1&resize=700%2C400 2x, https:\/\/i0.wp.com\/damekiu.com\/wp\/wp-content\/uploads\/2025\/02\/44D4CECE-499B-4934-A562-36AB94BDCDCF.jpeg?fit=1080%2C1080&ssl=1&resize=1050%2C600 3x"},"classes":[]},{"id":8352,"url":"https:\/\/damekiu.com\/wp\/a-importancia-de-la-vacunacion-en-la-prevencion-de-brotes\/","url_meta":{"origin":5103,"position":2},"title":"La importancia de la vacunaci\u00f3n en la prevenci\u00f3n de brotes","author":"Aixa Salinas","date":"enero 27, 2025","format":false,"excerpt":"La importancia de la vacunaci\u00f3n en la prevenci\u00f3n de brotes en M\u00e9xico, actualmente enfrenta un aumento en los casos de sarampi\u00f3n, esta es una enfermedad altamente contagiosa que afecta principalmente a ni\u00f1os. Seg\u00fan la Organizaci\u00f3n Panamericana de la Salud (OPS), el sarampi\u00f3n se transmite por got\u00edculas provenientes de la nariz,\u2026","rel":"","context":"En \u00abLifestyle\u00bb","block_context":{"text":"Lifestyle","link":"https:\/\/damekiu.com\/wp\/category\/lifestyle\/"},"img":{"alt_text":"Importancia de la vacunaci\u00f3n en la prevenci\u00f3n de brotes","src":"https:\/\/i0.wp.com\/damekiu.com\/wp\/wp-content\/uploads\/2025\/01\/sarampeon.png?fit=1024%2C768&ssl=1&resize=350%2C200","width":350,"height":200,"srcset":"https:\/\/i0.wp.com\/damekiu.com\/wp\/wp-content\/uploads\/2025\/01\/sarampeon.png?fit=1024%2C768&ssl=1&resize=350%2C200 1x, https:\/\/i0.wp.com\/damekiu.com\/wp\/wp-content\/uploads\/2025\/01\/sarampeon.png?fit=1024%2C768&ssl=1&resize=525%2C300 1.5x, https:\/\/i0.wp.com\/damekiu.com\/wp\/wp-content\/uploads\/2025\/01\/sarampeon.png?fit=1024%2C768&ssl=1&resize=700%2C400 2x"},"classes":[]},{"id":6632,"url":"https:\/\/damekiu.com\/wp\/la-ia-un-arma-de-doble-filo\/","url_meta":{"origin":5103,"position":3},"title":"La IA es un arma de doble filo o \u00bfuna herramienta para el ser humano?","author":"Sam Ramos","date":"octubre 31, 2024","format":false,"excerpt":"La IA es un arma de doble filo\u00a0que ha causado un gran revuelo en la sociedad gracias a las creaciones y resultados que lograron en los \u00faltimos a\u00f1os. Dentro de sus posibilidades, pudo revivir personas que murieron, traer a la vida a personajes ficticios e incluso hacer que artistas canten\u2026","rel":"","context":"En \u00abCiencia y tecnolog\u00eda\u00bb","block_context":{"text":"Ciencia y tecnolog\u00eda","link":"https:\/\/damekiu.com\/wp\/category\/ciencia-y-tecnologia\/"},"img":{"alt_text":"La IA es un arma de doble filo","src":"https:\/\/i0.wp.com\/damekiu.com\/wp\/wp-content\/uploads\/2024\/10\/231030-aca10-des-f1-Primera-Jornada-de-Inteligencia-Artificial-Generativa-en-Educacion-UNAM-2023.jpg?fit=990%2C557&ssl=1&resize=350%2C200","width":350,"height":200,"srcset":"https:\/\/i0.wp.com\/damekiu.com\/wp\/wp-content\/uploads\/2024\/10\/231030-aca10-des-f1-Primera-Jornada-de-Inteligencia-Artificial-Generativa-en-Educacion-UNAM-2023.jpg?fit=990%2C557&ssl=1&resize=350%2C200 1x, https:\/\/i0.wp.com\/damekiu.com\/wp\/wp-content\/uploads\/2024\/10\/231030-aca10-des-f1-Primera-Jornada-de-Inteligencia-Artificial-Generativa-en-Educacion-UNAM-2023.jpg?fit=990%2C557&ssl=1&resize=525%2C300 1.5x, https:\/\/i0.wp.com\/damekiu.com\/wp\/wp-content\/uploads\/2024\/10\/231030-aca10-des-f1-Primera-Jornada-de-Inteligencia-Artificial-Generativa-en-Educacion-UNAM-2023.jpg?fit=990%2C557&ssl=1&resize=700%2C400 2x"},"classes":[]},{"id":2879,"url":"https:\/\/damekiu.com\/wp\/cancer-de-mama-principal-causa-de-muerte-de-mujeres\/","url_meta":{"origin":5103,"position":4},"title":"C\u00e1ncer de mama:La principal causa de muerte de mujeres en M\u00e9xico","author":"Aixa Salinas","date":"junio 27, 2024","format":false,"excerpt":"La importancia de la prevenci\u00f3n del c\u00e1ncer de mama en mujeres mexicanas El c\u00e1ncer de mama es un tipo de c\u00e1ncer que se origina en las c\u00e9lulas de los senos, puede desarrollarse en diversas partes del seno, pero generalmente se forma en los conductos que transportan la leche (carcinoma ductal)\u2026","rel":"","context":"En \u00abLifestyle\u00bb","block_context":{"text":"Lifestyle","link":"https:\/\/damekiu.com\/wp\/category\/lifestyle\/"},"img":{"alt_text":"C\u00e1ncer de mama","src":"https:\/\/i0.wp.com\/damekiu.com\/wp\/wp-content\/uploads\/2024\/06\/IMAGEN-DESTACADA-MAMA.png?fit=1024%2C768&ssl=1&resize=350%2C200","width":350,"height":200,"srcset":"https:\/\/i0.wp.com\/damekiu.com\/wp\/wp-content\/uploads\/2024\/06\/IMAGEN-DESTACADA-MAMA.png?fit=1024%2C768&ssl=1&resize=350%2C200 1x, https:\/\/i0.wp.com\/damekiu.com\/wp\/wp-content\/uploads\/2024\/06\/IMAGEN-DESTACADA-MAMA.png?fit=1024%2C768&ssl=1&resize=525%2C300 1.5x, https:\/\/i0.wp.com\/damekiu.com\/wp\/wp-content\/uploads\/2024\/06\/IMAGEN-DESTACADA-MAMA.png?fit=1024%2C768&ssl=1&resize=700%2C400 2x"},"classes":[]},{"id":3901,"url":"https:\/\/damekiu.com\/wp\/explosion-en-la-fabrica-de-jose-cuervo-en-jalisco\/","url_meta":{"origin":5103,"position":5},"title":"Explosi\u00f3n en la f\u00e1brica de Jos\u00e9 Cuervo en Jalisco: una tragedia en La Roje\u00f1a","author":"Sebasti\u00e1n T. Herbert","date":"julio 24, 2024","format":false,"excerpt":"La tarde del 23 de julio de 2024, la comunidad de Tequila, Jalisco, se vio sacudida por una tragedia cuando una explosi\u00f3n en la f\u00e1brica La Roje\u00f1a, propiedad de la reconocida destiler\u00eda Jos\u00e9 Cuervo, dejando seis muertos y dos heridos. La planta, un emblema hist\u00f3rico y econ\u00f3mico de la regi\u00f3n,\u2026","rel":"","context":"En \u00abOpini\u00f3n\u00bb","block_context":{"text":"Opini\u00f3n","link":"https:\/\/damekiu.com\/wp\/category\/opinion\/"},"img":{"alt_text":"","src":"https:\/\/i0.wp.com\/damekiu.com\/wp\/wp-content\/uploads\/2024\/07\/450877535_1007033907335769_5974767309039616783_n.jpg?fit=1200%2C675&ssl=1&resize=350%2C200","width":350,"height":200,"srcset":"https:\/\/i0.wp.com\/damekiu.com\/wp\/wp-content\/uploads\/2024\/07\/450877535_1007033907335769_5974767309039616783_n.jpg?fit=1200%2C675&ssl=1&resize=350%2C200 1x, https:\/\/i0.wp.com\/damekiu.com\/wp\/wp-content\/uploads\/2024\/07\/450877535_1007033907335769_5974767309039616783_n.jpg?fit=1200%2C675&ssl=1&resize=525%2C300 1.5x, https:\/\/i0.wp.com\/damekiu.com\/wp\/wp-content\/uploads\/2024\/07\/450877535_1007033907335769_5974767309039616783_n.jpg?fit=1200%2C675&ssl=1&resize=700%2C400 2x, https:\/\/i0.wp.com\/damekiu.com\/wp\/wp-content\/uploads\/2024\/07\/450877535_1007033907335769_5974767309039616783_n.jpg?fit=1200%2C675&ssl=1&resize=1050%2C600 3x"},"classes":[]}],"_links":{"self":[{"href":"https:\/\/damekiu.com\/wp\/wp-json\/wp\/v2\/posts\/5103","targetHints":{"allow":["GET"]}}],"collection":[{"href":"https:\/\/damekiu.com\/wp\/wp-json\/wp\/v2\/posts"}],"about":[{"href":"https:\/\/damekiu.com\/wp\/wp-json\/wp\/v2\/types\/post"}],"author":[{"embeddable":true,"href":"https:\/\/damekiu.com\/wp\/wp-json\/wp\/v2\/users\/23"}],"replies":[{"embeddable":true,"href":"https:\/\/damekiu.com\/wp\/wp-json\/wp\/v2\/comments?post=5103"}],"version-history":[{"count":4,"href":"https:\/\/damekiu.com\/wp\/wp-json\/wp\/v2\/posts\/5103\/revisions"}],"predecessor-version":[{"id":5234,"href":"https:\/\/damekiu.com\/wp\/wp-json\/wp\/v2\/posts\/5103\/revisions\/5234"}],"wp:featuredmedia":[{"embeddable":true,"href":"https:\/\/damekiu.com\/wp\/wp-json\/wp\/v2\/media\/5114"}],"wp:attachment":[{"href":"https:\/\/damekiu.com\/wp\/wp-json\/wp\/v2\/media?parent=5103"}],"wp:term":[{"taxonomy":"category","embeddable":true,"href":"https:\/\/damekiu.com\/wp\/wp-json\/wp\/v2\/categories?post=5103"},{"taxonomy":"post_tag","embeddable":true,"href":"https:\/\/damekiu.com\/wp\/wp-json\/wp\/v2\/tags?post=5103"}],"curies":[{"name":"wp","href":"https:\/\/api.w.org\/{rel}","templated":true}]}}