{"id":4115,"date":"2024-08-01T13:38:03","date_gmt":"2024-08-01T19:38:03","guid":{"rendered":"https:\/\/damekiu.com\/wp\/?p=4115"},"modified":"2024-08-01T13:38:03","modified_gmt":"2024-08-01T19:38:03","slug":"intensamente-2-a-nada-de-vencer-a-avengers-en-la-taquilla-mundial","status":"publish","type":"post","link":"https:\/\/damekiu.com\/wp\/intensamente-2-a-nada-de-vencer-a-avengers-en-la-taquilla-mundial\/","title":{"rendered":"&#8216;Intensamente 2&#8217; a nada de vencer a &#8216;Avengers&#8217; en la taquilla mundial"},"content":{"rendered":"<p style=\"text-align: justify;\">\u00a1La secuela de Intensamente sigue siendo un gran \u00e9xito cr\u00edtico y financiero! <strong>Pues &#8216;<em>Intensamente 2&#8242;<\/em> est\u00e1 a nada de vencer a &#8216;Avengers&#8217; en la taquilla mundial.<\/strong><\/p>\n<p style=\"text-align: justify;\">A pesar de que Pixar hab\u00eda dicho que despu\u00e9s de <strong>Toy Story 4 (2019)<\/strong> no har\u00eda m\u00e1s secuelas de sus pr\u00f3ximas pel\u00edculas, el estudio no tuvo una buena jugada ya entrada la d\u00e9cada del 2020, pues estrenos como <em>Onward<\/em> (2020) fracas\u00f3 en taquilla debido a la pandemia de covid-19. <strong>Asimismo, <em>Lightyear<\/em> (2022) signific\u00f3 una bomba financiera para la casa de Luxo Jr al recaudar apenas 262 millones de d\u00f3lares contra un presupuesto de 200 millones.<\/strong><\/p>\n<p style=\"text-align: justify;\">Poco despu\u00e9s del enorme tropiezo de Buzz, Pixar anunci\u00f3 que se estaba realizando una secuela de la ganadora del Oscar, <strong>Intensamente (2015)<\/strong>. <a href=\"https:\/\/damekiu.com\/wp\/estrenos-de-verano-en-cines\/\">Y se convirti\u00f3 en una de las pel\u00edculas m\u00e1s esperadas del verano del 2024.<\/a><\/p>\n<p style=\"text-align: justify;\">Los fans de la primera pel\u00edcula se enaltecieron con este anuncio, pues cuando sali\u00f3 el primer tr\u00e1iler este rompi\u00f3 el internet al mostrar a una Riley a nada de entrar a la pubertad, y la presencia de nuevas emociones como Ansiedad, Aburrimiento, Envidia y Verg\u00fcenza.<\/p>\n<blockquote class=\"instagram-media\" style=\"background: #FFF; border: 0; border-radius: 3px; box-shadow: 0 0 1px 0 rgba(0,0,0,0.5),0 1px 10px 0 rgba(0,0,0,0.15); margin: 1px; max-width: 540px; min-width: 326px; padding: 0; width: calc(100% - 2px);\" data-instgrm-permalink=\"https:\/\/www.instagram.com\/reel\/C8M7m8jvHrj\/?utm_source=ig_embed&amp;utm_campaign=loading\" data-instgrm-version=\"14\">\n<div style=\"padding: 16px;\">\n<p>&nbsp;<\/p>\n<div style=\"display: flex; flex-direction: row; align-items: center;\">\n<div style=\"background-color: #f4f4f4; border-radius: 50%; flex-grow: 0; height: 40px; margin-right: 14px; width: 40px;\"><\/div>\n<div style=\"display: flex; flex-direction: column; flex-grow: 1; justify-content: center;\">\n<div style=\"background-color: #f4f4f4; border-radius: 4px; flex-grow: 0; height: 14px; margin-bottom: 6px; width: 100px;\"><\/div>\n<div style=\"background-color: #f4f4f4; border-radius: 4px; flex-grow: 0; height: 14px; width: 60px;\"><\/div>\n<\/div>\n<\/div>\n<div style=\"padding: 19% 0;\"><\/div>\n<div style=\"display: block; height: 50px; margin: 0 auto 12px; width: 50px;\"><\/div>\n<div style=\"padding-top: 8px;\">\n<div style=\"color: #3897f0; font-family: Arial,sans-serif; font-size: 14px; font-style: normal; font-weight: 550; line-height: 18px;\">Ver esta publicaci\u00f3n en Instagram<\/div>\n<\/div>\n<div style=\"padding: 12.5% 0;\"><\/div>\n<div style=\"display: flex; flex-direction: row; margin-bottom: 14px; align-items: center;\">\n<div>\n<div style=\"background-color: #f4f4f4; border-radius: 50%; height: 12.5px; width: 12.5px; transform: translateX(0px) translateY(7px);\"><\/div>\n<div style=\"background-color: #f4f4f4; height: 12.5px; transform: rotate(-45deg) translateX(3px) translateY(1px); width: 12.5px; flex-grow: 0; margin-right: 14px; margin-left: 2px;\"><\/div>\n<div style=\"background-color: #f4f4f4; border-radius: 50%; height: 12.5px; width: 12.5px; transform: translateX(9px) translateY(-18px);\"><\/div>\n<\/div>\n<div style=\"margin-left: 8px;\">\n<div style=\"background-color: #f4f4f4; border-radius: 50%; flex-grow: 0; height: 20px; width: 20px;\"><\/div>\n<div style=\"width: 0; height: 0; border-top: 2px solid transparent; border-left: 6px solid #f4f4f4; border-bottom: 2px solid transparent; transform: translateX(16px) translateY(-4px) rotate(30deg);\"><\/div>\n<\/div>\n<div style=\"margin-left: auto;\">\n<div style=\"width: 0px; border-top: 8px solid #F4F4F4; border-right: 8px solid transparent; transform: translateY(16px);\"><\/div>\n<div style=\"background-color: #f4f4f4; flex-grow: 0; height: 12px; width: 16px; transform: translateY(-4px);\"><\/div>\n<div style=\"width: 0; height: 0; border-top: 8px solid #F4F4F4; border-left: 8px solid transparent; transform: translateY(-4px) translateX(8px);\"><\/div>\n<\/div>\n<\/div>\n<div style=\"display: flex; flex-direction: column; flex-grow: 1; justify-content: center; margin-bottom: 24px;\">\n<div style=\"background-color: #f4f4f4; border-radius: 4px; flex-grow: 0; height: 14px; margin-bottom: 6px; width: 224px;\"><\/div>\n<div style=\"background-color: #f4f4f4; border-radius: 4px; flex-grow: 0; height: 14px; width: 144px;\"><\/div>\n<\/div>\n<p>&nbsp;<\/p>\n<p style=\"color: #c9c8cd; font-family: Arial,sans-serif; font-size: 14px; line-height: 17px; margin-bottom: 0; margin-top: 8px; overflow: hidden; padding: 8px 0 7px; text-align: center; text-overflow: ellipsis; white-space: nowrap;\"><a style=\"color: #c9c8cd; font-family: Arial,sans-serif; font-size: 14px; font-style: normal; font-weight: normal; line-height: 17px; text-decoration: none;\" href=\"https:\/\/www.instagram.com\/reel\/C8M7m8jvHrj\/?utm_source=ig_embed&amp;utm_campaign=loading\" target=\"_blank\" rel=\"noopener\">Una publicaci\u00f3n compartida por Pixar (@pixar)<\/a><\/p>\n<\/div>\n<\/blockquote>\n<p style=\"text-align: justify;\">Pocos d\u00edas antes del esperado estreno, las apps de <a href=\"https:\/\/cinepolis.com\/mx\">Cin\u00e9polis<\/a> y <a href=\"https:\/\/cinemex.com\/\">Cinemex<\/a> colapsaron debido a la saturaci\u00f3n en l\u00ednea. Pero cuando la fecha lleg\u00f3, se reportaron inmensas filas tanto en las taquillas como en las dulcer\u00edas y el staff del cine por poco se muere de cansancio a ra\u00edz de una asistencia no vista desde el 2019.<\/p>\n<p style=\"text-align: justify;\">A casi dos meses del estreno de la pel\u00edcula,<strong> Intensamente 2<\/strong> ha recibido elogios por parte de la audiencia y cr\u00edticos por igual, aclam\u00e1ndola como un <em>coming-of-age<\/em> que muestra la importancia de la salud mental, que no es malo sentir ansiedad, y lo que sucede cuando esta llega a extremos.<\/p>\n<p style=\"text-align: justify;\"><strong>En cuanto a la parte financiera,<\/strong> la cinta logr\u00f3 recaudar 617 millones de d\u00f3lares en la taquilla dom\u00e9stica, e internacionalmente, alcanz\u00f3 la cantidad de 893 millones. <strong>Lo cual da un resultado de 1,510 mdd a nivel mundial.<\/strong> Lo cual la convierte en la pel\u00edcula m\u00e1s exitosa de Pixar, superando a las \u00ab\u00faltimas\u00bb entregas de Toy Story.<\/p>\n<p>Con esta recaudaci\u00f3n, &#8216;Intensamente 2&#8217; est\u00e1 a nada de vencer a &#8216;Avengers&#8217; de la taquilla mundial y cerca de entrar al top 10 de las pel\u00edculas con las mayores recaudaciones. Cabe recalcar que la cinta que junt\u00f3 por primera vez a los h\u00e9roes m\u00e1s famosos de Marvel junt\u00f3 un total de 1,520 millones de d\u00f3lares en todo el mundo.<\/p>\n<blockquote class=\"instagram-media\" style=\"background: #FFF; border: 0; border-radius: 3px; box-shadow: 0 0 1px 0 rgba(0,0,0,0.5),0 1px 10px 0 rgba(0,0,0,0.15); margin: 1px; max-width: 540px; min-width: 326px; padding: 0; width: calc(100% - 2px);\" data-instgrm-permalink=\"https:\/\/www.instagram.com\/p\/C9z7UcpPZWW\/?utm_source=ig_embed&amp;utm_campaign=loading\" data-instgrm-version=\"14\">\n<div style=\"padding: 16px;\">\n<p>&nbsp;<\/p>\n<div style=\"display: flex; flex-direction: row; align-items: center;\">\n<div style=\"background-color: #f4f4f4; border-radius: 50%; flex-grow: 0; height: 40px; margin-right: 14px; width: 40px;\"><\/div>\n<div style=\"display: flex; flex-direction: column; flex-grow: 1; justify-content: center;\">\n<div style=\"background-color: #f4f4f4; border-radius: 4px; flex-grow: 0; height: 14px; margin-bottom: 6px; width: 100px;\"><\/div>\n<div style=\"background-color: #f4f4f4; border-radius: 4px; flex-grow: 0; height: 14px; width: 60px;\"><\/div>\n<\/div>\n<\/div>\n<div style=\"padding: 19% 0;\"><\/div>\n<div style=\"display: block; height: 50px; margin: 0 auto 12px; width: 50px;\"><\/div>\n<div style=\"padding-top: 8px;\">\n<div style=\"color: #3897f0; font-family: Arial,sans-serif; font-size: 14px; font-style: normal; font-weight: 550; line-height: 18px;\">Ver esta publicaci\u00f3n en Instagram<\/div>\n<\/div>\n<div style=\"padding: 12.5% 0;\"><\/div>\n<div style=\"display: flex; flex-direction: row; margin-bottom: 14px; align-items: center;\">\n<div>\n<div style=\"background-color: #f4f4f4; border-radius: 50%; height: 12.5px; width: 12.5px; transform: translateX(0px) translateY(7px);\"><\/div>\n<div style=\"background-color: #f4f4f4; height: 12.5px; transform: rotate(-45deg) translateX(3px) translateY(1px); width: 12.5px; flex-grow: 0; margin-right: 14px; margin-left: 2px;\"><\/div>\n<div style=\"background-color: #f4f4f4; border-radius: 50%; height: 12.5px; width: 12.5px; transform: translateX(9px) translateY(-18px);\"><\/div>\n<\/div>\n<div style=\"margin-left: 8px;\">\n<div style=\"background-color: #f4f4f4; border-radius: 50%; flex-grow: 0; height: 20px; width: 20px;\"><\/div>\n<div style=\"width: 0; height: 0; border-top: 2px solid transparent; border-left: 6px solid #f4f4f4; border-bottom: 2px solid transparent; transform: translateX(16px) translateY(-4px) rotate(30deg);\"><\/div>\n<\/div>\n<div style=\"margin-left: auto;\">\n<div style=\"width: 0px; border-top: 8px solid #F4F4F4; border-right: 8px solid transparent; transform: translateY(16px);\"><\/div>\n<div style=\"background-color: #f4f4f4; flex-grow: 0; height: 12px; width: 16px; transform: translateY(-4px);\"><\/div>\n<div style=\"width: 0; height: 0; border-top: 8px solid #F4F4F4; border-left: 8px solid transparent; transform: translateY(-4px) translateX(8px);\"><\/div>\n<\/div>\n<\/div>\n<div style=\"display: flex; flex-direction: column; flex-grow: 1; justify-content: center; margin-bottom: 24px;\">\n<div style=\"background-color: #f4f4f4; border-radius: 4px; flex-grow: 0; height: 14px; margin-bottom: 6px; width: 224px;\"><\/div>\n<div style=\"background-color: #f4f4f4; border-radius: 4px; flex-grow: 0; height: 14px; width: 144px;\"><\/div>\n<\/div>\n<p>&nbsp;<\/p>\n<p style=\"color: #c9c8cd; font-family: Arial,sans-serif; font-size: 14px; line-height: 17px; margin-bottom: 0; margin-top: 8px; overflow: hidden; padding: 8px 0 7px; text-align: center; text-overflow: ellipsis; white-space: nowrap;\"><a style=\"color: #c9c8cd; font-family: Arial,sans-serif; font-size: 14px; font-style: normal; font-weight: normal; line-height: 17px; text-decoration: none;\" href=\"https:\/\/www.instagram.com\/p\/C9z7UcpPZWW\/?utm_source=ig_embed&amp;utm_campaign=loading\" target=\"_blank\" rel=\"noopener\">Una publicaci\u00f3n compartida por Pixar (@pixar)<\/a><\/p>\n<\/div>\n<\/blockquote>\n<p>&nbsp;<\/p>\n<p>&nbsp;<\/p>\n<p>&nbsp;<\/p>\n","protected":false},"excerpt":{"rendered":"<p>\u00a1La secuela de Intensamente sigue siendo un gran \u00e9xito cr\u00edtico y financiero! Pues &#8216;Intensamente 2&#8242; est\u00e1 a nada de vencer<\/p>\n","protected":false},"author":19,"featured_media":4116,"comment_status":"open","ping_status":"open","sticky":false,"template":"","format":"standard","meta":{"colormag_page_container_layout":"default_layout","colormag_page_sidebar_layout":"default_layout","_jetpack_memberships_contains_paid_content":false,"footnotes":""},"categories":[50],"tags":[253,210],"class_list":["post-4115","post","type-post","status-publish","format-standard","has-post-thumbnail","hentry","category-espectaculos","tag-disney","tag-estrenos-cine"],"magazineBlocksPostFeaturedMedia":{"thumbnail":"https:\/\/i0.wp.com\/damekiu.com\/wp\/wp-content\/uploads\/2024\/08\/GIIntensamente-2n.jpg?resize=150%2C150&ssl=1","medium":"https:\/\/i0.wp.com\/damekiu.com\/wp\/wp-content\/uploads\/2024\/08\/GIIntensamente-2n.jpg?fit=300%2C225&ssl=1","medium_large":"https:\/\/i0.wp.com\/damekiu.com\/wp\/wp-content\/uploads\/2024\/08\/GIIntensamente-2n.jpg?fit=768%2C576&ssl=1","large":"https:\/\/i0.wp.com\/damekiu.com\/wp\/wp-content\/uploads\/2024\/08\/GIIntensamente-2n.jpg?fit=800%2C600&ssl=1","1536x1536":"https:\/\/i0.wp.com\/damekiu.com\/wp\/wp-content\/uploads\/2024\/08\/GIIntensamente-2n.jpg?fit=1024%2C768&ssl=1","2048x2048":"https:\/\/i0.wp.com\/damekiu.com\/wp\/wp-content\/uploads\/2024\/08\/GIIntensamente-2n.jpg?fit=1024%2C768&ssl=1","colormag-highlighted-post":"https:\/\/i0.wp.com\/damekiu.com\/wp\/wp-content\/uploads\/2024\/08\/GIIntensamente-2n.jpg?resize=392%2C272&ssl=1","colormag-featured-post-medium":"https:\/\/i0.wp.com\/damekiu.com\/wp\/wp-content\/uploads\/2024\/08\/GIIntensamente-2n.jpg?resize=390%2C205&ssl=1","colormag-featured-post-small":"https:\/\/i0.wp.com\/damekiu.com\/wp\/wp-content\/uploads\/2024\/08\/GIIntensamente-2n.jpg?resize=130%2C90&ssl=1","colormag-featured-image":"https:\/\/i0.wp.com\/damekiu.com\/wp\/wp-content\/uploads\/2024\/08\/GIIntensamente-2n.jpg?resize=800%2C445&ssl=1","colormag-default-news":"https:\/\/i0.wp.com\/damekiu.com\/wp\/wp-content\/uploads\/2024\/08\/GIIntensamente-2n.jpg?resize=150%2C150&ssl=1","colormag-featured-image-large":"https:\/\/i0.wp.com\/damekiu.com\/wp\/wp-content\/uploads\/2024\/08\/GIIntensamente-2n.jpg?resize=1024%2C600&ssl=1"},"magazineBlocksPostAuthor":{"name":"Emilio Uribe","avatar":"https:\/\/secure.gravatar.com\/avatar\/4a1e39b707918d0ac14e6976a6e84eb87c04a74b4046d7904168ecc7aedd68e9?s=96&d=mm&r=g"},"magazineBlocksPostCommentsNumber":"0","magazineBlocksPostExcerpt":"\u00a1La secuela de Intensamente sigue siendo un gran \u00e9xito cr\u00edtico y financiero! Pues &#8216;Intensamente 2&#8242; est\u00e1 a nada de vencer","magazineBlocksPostCategories":["Espect\u00e1culos"],"magazineBlocksPostViewCount":287,"magazineBlocksPostReadTime":3,"magazine_blocks_featured_image_url":{"full":["https:\/\/i0.wp.com\/damekiu.com\/wp\/wp-content\/uploads\/2024\/08\/GIIntensamente-2n.jpg?fit=1024%2C768&ssl=1",1024,768,false],"medium":["https:\/\/i0.wp.com\/damekiu.com\/wp\/wp-content\/uploads\/2024\/08\/GIIntensamente-2n.jpg?fit=300%2C225&ssl=1",300,225,true],"thumbnail":["https:\/\/i0.wp.com\/damekiu.com\/wp\/wp-content\/uploads\/2024\/08\/GIIntensamente-2n.jpg?resize=150%2C150&ssl=1",150,150,true]},"magazine_blocks_author":{"display_name":"Emilio Uribe","author_link":"https:\/\/damekiu.com\/wp\/author\/emiliouribe\/"},"magazine_blocks_comment":0,"magazine_blocks_author_image":"https:\/\/secure.gravatar.com\/avatar\/4a1e39b707918d0ac14e6976a6e84eb87c04a74b4046d7904168ecc7aedd68e9?s=96&d=mm&r=g","magazine_blocks_category":"<a href=\"#\" class=\"category-link category-link-50\">Espect\u00e1culos<\/a>","yoast_head":"<!-- This site is optimized with the Yoast SEO plugin v27.1.1 - https:\/\/yoast.com\/product\/yoast-seo-wordpress\/ -->\n<title>&#039;Intensamente 2&#039; a nada de vencer a &#039;Avengers&#039; en la taquilla mundial - Dame Kiu<\/title>\n<meta name=\"description\" content=\"\u00a1\u00c9xito para Disney-Pixar despu\u00e9s de bastante tiempo! &#039;Intensamente 2&#039; a nada de vencer a &#039;Avengers&#039; en la taquilla mundial.\" \/>\n<meta name=\"robots\" content=\"index, follow, max-snippet:-1, max-image-preview:large, max-video-preview:-1\" \/>\n<link rel=\"canonical\" href=\"https:\/\/damekiu.com\/wp\/intensamente-2-a-nada-de-vencer-a-avengers-en-la-taquilla-mundial\/\" \/>\n<meta property=\"og:locale\" content=\"es_ES\" \/>\n<meta property=\"og:type\" content=\"article\" \/>\n<meta property=\"og:title\" content=\"&#039;Intensamente 2&#039; a nada de vencer a &#039;Avengers&#039; en la taquilla mundial - Dame Kiu\" \/>\n<meta property=\"og:description\" content=\"\u00a1\u00c9xito para Disney-Pixar despu\u00e9s de bastante tiempo! &#039;Intensamente 2&#039; a nada de vencer a &#039;Avengers&#039; en la taquilla mundial.\" \/>\n<meta property=\"og:url\" content=\"https:\/\/damekiu.com\/wp\/intensamente-2-a-nada-de-vencer-a-avengers-en-la-taquilla-mundial\/\" \/>\n<meta property=\"og:site_name\" content=\"Dame Kiu\" \/>\n<meta property=\"article:published_time\" content=\"2024-08-01T19:38:03+00:00\" \/>\n<meta property=\"og:image\" content=\"https:\/\/damekiu.com\/wp\/wp-content\/uploads\/2024\/08\/GIIntensamente-2n.jpg\" \/>\n\t<meta property=\"og:image:width\" content=\"1024\" \/>\n\t<meta property=\"og:image:height\" content=\"768\" \/>\n\t<meta property=\"og:image:type\" content=\"image\/jpeg\" \/>\n<meta name=\"author\" content=\"Emilio Uribe\" \/>\n<meta name=\"twitter:card\" content=\"summary_large_image\" \/>\n<meta name=\"twitter:label1\" content=\"Escrito por\" \/>\n\t<meta name=\"twitter:data1\" content=\"Emilio Uribe\" \/>\n\t<meta name=\"twitter:label2\" content=\"Tiempo de lectura\" \/>\n\t<meta name=\"twitter:data2\" content=\"3 minutos\" \/>\n<script type=\"application\/ld+json\" class=\"yoast-schema-graph\">{\"@context\":\"https:\/\/schema.org\",\"@graph\":[{\"@type\":\"Article\",\"@id\":\"https:\/\/damekiu.com\/wp\/intensamente-2-a-nada-de-vencer-a-avengers-en-la-taquilla-mundial\/#article\",\"isPartOf\":{\"@id\":\"https:\/\/damekiu.com\/wp\/intensamente-2-a-nada-de-vencer-a-avengers-en-la-taquilla-mundial\/\"},\"author\":{\"name\":\"Emilio Uribe\",\"@id\":\"https:\/\/damekiu.com\/wp\/#\/schema\/person\/2224b9e6ac067d9a275aa440ea9fb85d\"},\"headline\":\"&#8216;Intensamente 2&#8217; a nada de vencer a &#8216;Avengers&#8217; en la taquilla mundial\",\"datePublished\":\"2024-08-01T19:38:03+00:00\",\"mainEntityOfPage\":{\"@id\":\"https:\/\/damekiu.com\/wp\/intensamente-2-a-nada-de-vencer-a-avengers-en-la-taquilla-mundial\/\"},\"wordCount\":463,\"commentCount\":0,\"image\":{\"@id\":\"https:\/\/damekiu.com\/wp\/intensamente-2-a-nada-de-vencer-a-avengers-en-la-taquilla-mundial\/#primaryimage\"},\"thumbnailUrl\":\"https:\/\/i0.wp.com\/damekiu.com\/wp\/wp-content\/uploads\/2024\/08\/GIIntensamente-2n.jpg?fit=1024%2C768&ssl=1\",\"keywords\":[\"Disney\",\"Estrenos Cine\"],\"articleSection\":[\"Espect\u00e1culos\"],\"inLanguage\":\"es\",\"potentialAction\":[{\"@type\":\"CommentAction\",\"name\":\"Comment\",\"target\":[\"https:\/\/damekiu.com\/wp\/intensamente-2-a-nada-de-vencer-a-avengers-en-la-taquilla-mundial\/#respond\"]}]},{\"@type\":\"WebPage\",\"@id\":\"https:\/\/damekiu.com\/wp\/intensamente-2-a-nada-de-vencer-a-avengers-en-la-taquilla-mundial\/\",\"url\":\"https:\/\/damekiu.com\/wp\/intensamente-2-a-nada-de-vencer-a-avengers-en-la-taquilla-mundial\/\",\"name\":\"'Intensamente 2' a nada de vencer a 'Avengers' en la taquilla mundial - Dame Kiu\",\"isPartOf\":{\"@id\":\"https:\/\/damekiu.com\/wp\/#website\"},\"primaryImageOfPage\":{\"@id\":\"https:\/\/damekiu.com\/wp\/intensamente-2-a-nada-de-vencer-a-avengers-en-la-taquilla-mundial\/#primaryimage\"},\"image\":{\"@id\":\"https:\/\/damekiu.com\/wp\/intensamente-2-a-nada-de-vencer-a-avengers-en-la-taquilla-mundial\/#primaryimage\"},\"thumbnailUrl\":\"https:\/\/i0.wp.com\/damekiu.com\/wp\/wp-content\/uploads\/2024\/08\/GIIntensamente-2n.jpg?fit=1024%2C768&ssl=1\",\"datePublished\":\"2024-08-01T19:38:03+00:00\",\"author\":{\"@id\":\"https:\/\/damekiu.com\/wp\/#\/schema\/person\/2224b9e6ac067d9a275aa440ea9fb85d\"},\"description\":\"\u00a1\u00c9xito para Disney-Pixar despu\u00e9s de bastante tiempo! 'Intensamente 2' a nada de vencer a 'Avengers' en la taquilla mundial.\",\"breadcrumb\":{\"@id\":\"https:\/\/damekiu.com\/wp\/intensamente-2-a-nada-de-vencer-a-avengers-en-la-taquilla-mundial\/#breadcrumb\"},\"inLanguage\":\"es\",\"potentialAction\":[{\"@type\":\"ReadAction\",\"target\":[\"https:\/\/damekiu.com\/wp\/intensamente-2-a-nada-de-vencer-a-avengers-en-la-taquilla-mundial\/\"]}]},{\"@type\":\"ImageObject\",\"inLanguage\":\"es\",\"@id\":\"https:\/\/damekiu.com\/wp\/intensamente-2-a-nada-de-vencer-a-avengers-en-la-taquilla-mundial\/#primaryimage\",\"url\":\"https:\/\/i0.wp.com\/damekiu.com\/wp\/wp-content\/uploads\/2024\/08\/GIIntensamente-2n.jpg?fit=1024%2C768&ssl=1\",\"contentUrl\":\"https:\/\/i0.wp.com\/damekiu.com\/wp\/wp-content\/uploads\/2024\/08\/GIIntensamente-2n.jpg?fit=1024%2C768&ssl=1\",\"width\":1024,\"height\":768,\"caption\":\"Fuente: Disney+\"},{\"@type\":\"BreadcrumbList\",\"@id\":\"https:\/\/damekiu.com\/wp\/intensamente-2-a-nada-de-vencer-a-avengers-en-la-taquilla-mundial\/#breadcrumb\",\"itemListElement\":[{\"@type\":\"ListItem\",\"position\":1,\"name\":\"Portada\",\"item\":\"https:\/\/damekiu.com\/wp\/\"},{\"@type\":\"ListItem\",\"position\":2,\"name\":\"&#8216;Intensamente 2&#8217; a nada de vencer a &#8216;Avengers&#8217; en la taquilla mundial\"}]},{\"@type\":\"WebSite\",\"@id\":\"https:\/\/damekiu.com\/wp\/#website\",\"url\":\"https:\/\/damekiu.com\/wp\/\",\"name\":\"Dame Kiu\",\"description\":\"Agencia Informativa digital \",\"potentialAction\":[{\"@type\":\"SearchAction\",\"target\":{\"@type\":\"EntryPoint\",\"urlTemplate\":\"https:\/\/damekiu.com\/wp\/?s={search_term_string}\"},\"query-input\":{\"@type\":\"PropertyValueSpecification\",\"valueRequired\":true,\"valueName\":\"search_term_string\"}}],\"inLanguage\":\"es\"},{\"@type\":\"Person\",\"@id\":\"https:\/\/damekiu.com\/wp\/#\/schema\/person\/2224b9e6ac067d9a275aa440ea9fb85d\",\"name\":\"Emilio Uribe\",\"image\":{\"@type\":\"ImageObject\",\"inLanguage\":\"es\",\"@id\":\"https:\/\/damekiu.com\/wp\/#\/schema\/person\/image\/\",\"url\":\"https:\/\/secure.gravatar.com\/avatar\/4a1e39b707918d0ac14e6976a6e84eb87c04a74b4046d7904168ecc7aedd68e9?s=96&d=mm&r=g\",\"contentUrl\":\"https:\/\/secure.gravatar.com\/avatar\/4a1e39b707918d0ac14e6976a6e84eb87c04a74b4046d7904168ecc7aedd68e9?s=96&d=mm&r=g\",\"caption\":\"Emilio Uribe\"},\"url\":\"https:\/\/damekiu.com\/wp\/author\/emiliouribe\/\"}]}<\/script>\n<!-- \/ Yoast SEO plugin. -->","yoast_head_json":{"title":"'Intensamente 2' a nada de vencer a 'Avengers' en la taquilla mundial - Dame Kiu","description":"\u00a1\u00c9xito para Disney-Pixar despu\u00e9s de bastante tiempo! 'Intensamente 2' a nada de vencer a 'Avengers' en la taquilla mundial.","robots":{"index":"index","follow":"follow","max-snippet":"max-snippet:-1","max-image-preview":"max-image-preview:large","max-video-preview":"max-video-preview:-1"},"canonical":"https:\/\/damekiu.com\/wp\/intensamente-2-a-nada-de-vencer-a-avengers-en-la-taquilla-mundial\/","og_locale":"es_ES","og_type":"article","og_title":"'Intensamente 2' a nada de vencer a 'Avengers' en la taquilla mundial - Dame Kiu","og_description":"\u00a1\u00c9xito para Disney-Pixar despu\u00e9s de bastante tiempo! 'Intensamente 2' a nada de vencer a 'Avengers' en la taquilla mundial.","og_url":"https:\/\/damekiu.com\/wp\/intensamente-2-a-nada-de-vencer-a-avengers-en-la-taquilla-mundial\/","og_site_name":"Dame Kiu","article_published_time":"2024-08-01T19:38:03+00:00","og_image":[{"width":1024,"height":768,"url":"https:\/\/damekiu.com\/wp\/wp-content\/uploads\/2024\/08\/GIIntensamente-2n.jpg","type":"image\/jpeg"}],"author":"Emilio Uribe","twitter_card":"summary_large_image","twitter_misc":{"Escrito por":"Emilio Uribe","Tiempo de lectura":"3 minutos"},"schema":{"@context":"https:\/\/schema.org","@graph":[{"@type":"Article","@id":"https:\/\/damekiu.com\/wp\/intensamente-2-a-nada-de-vencer-a-avengers-en-la-taquilla-mundial\/#article","isPartOf":{"@id":"https:\/\/damekiu.com\/wp\/intensamente-2-a-nada-de-vencer-a-avengers-en-la-taquilla-mundial\/"},"author":{"name":"Emilio Uribe","@id":"https:\/\/damekiu.com\/wp\/#\/schema\/person\/2224b9e6ac067d9a275aa440ea9fb85d"},"headline":"&#8216;Intensamente 2&#8217; a nada de vencer a &#8216;Avengers&#8217; en la taquilla mundial","datePublished":"2024-08-01T19:38:03+00:00","mainEntityOfPage":{"@id":"https:\/\/damekiu.com\/wp\/intensamente-2-a-nada-de-vencer-a-avengers-en-la-taquilla-mundial\/"},"wordCount":463,"commentCount":0,"image":{"@id":"https:\/\/damekiu.com\/wp\/intensamente-2-a-nada-de-vencer-a-avengers-en-la-taquilla-mundial\/#primaryimage"},"thumbnailUrl":"https:\/\/i0.wp.com\/damekiu.com\/wp\/wp-content\/uploads\/2024\/08\/GIIntensamente-2n.jpg?fit=1024%2C768&ssl=1","keywords":["Disney","Estrenos Cine"],"articleSection":["Espect\u00e1culos"],"inLanguage":"es","potentialAction":[{"@type":"CommentAction","name":"Comment","target":["https:\/\/damekiu.com\/wp\/intensamente-2-a-nada-de-vencer-a-avengers-en-la-taquilla-mundial\/#respond"]}]},{"@type":"WebPage","@id":"https:\/\/damekiu.com\/wp\/intensamente-2-a-nada-de-vencer-a-avengers-en-la-taquilla-mundial\/","url":"https:\/\/damekiu.com\/wp\/intensamente-2-a-nada-de-vencer-a-avengers-en-la-taquilla-mundial\/","name":"'Intensamente 2' a nada de vencer a 'Avengers' en la taquilla mundial - Dame Kiu","isPartOf":{"@id":"https:\/\/damekiu.com\/wp\/#website"},"primaryImageOfPage":{"@id":"https:\/\/damekiu.com\/wp\/intensamente-2-a-nada-de-vencer-a-avengers-en-la-taquilla-mundial\/#primaryimage"},"image":{"@id":"https:\/\/damekiu.com\/wp\/intensamente-2-a-nada-de-vencer-a-avengers-en-la-taquilla-mundial\/#primaryimage"},"thumbnailUrl":"https:\/\/i0.wp.com\/damekiu.com\/wp\/wp-content\/uploads\/2024\/08\/GIIntensamente-2n.jpg?fit=1024%2C768&ssl=1","datePublished":"2024-08-01T19:38:03+00:00","author":{"@id":"https:\/\/damekiu.com\/wp\/#\/schema\/person\/2224b9e6ac067d9a275aa440ea9fb85d"},"description":"\u00a1\u00c9xito para Disney-Pixar despu\u00e9s de bastante tiempo! 'Intensamente 2' a nada de vencer a 'Avengers' en la taquilla mundial.","breadcrumb":{"@id":"https:\/\/damekiu.com\/wp\/intensamente-2-a-nada-de-vencer-a-avengers-en-la-taquilla-mundial\/#breadcrumb"},"inLanguage":"es","potentialAction":[{"@type":"ReadAction","target":["https:\/\/damekiu.com\/wp\/intensamente-2-a-nada-de-vencer-a-avengers-en-la-taquilla-mundial\/"]}]},{"@type":"ImageObject","inLanguage":"es","@id":"https:\/\/damekiu.com\/wp\/intensamente-2-a-nada-de-vencer-a-avengers-en-la-taquilla-mundial\/#primaryimage","url":"https:\/\/i0.wp.com\/damekiu.com\/wp\/wp-content\/uploads\/2024\/08\/GIIntensamente-2n.jpg?fit=1024%2C768&ssl=1","contentUrl":"https:\/\/i0.wp.com\/damekiu.com\/wp\/wp-content\/uploads\/2024\/08\/GIIntensamente-2n.jpg?fit=1024%2C768&ssl=1","width":1024,"height":768,"caption":"Fuente: Disney+"},{"@type":"BreadcrumbList","@id":"https:\/\/damekiu.com\/wp\/intensamente-2-a-nada-de-vencer-a-avengers-en-la-taquilla-mundial\/#breadcrumb","itemListElement":[{"@type":"ListItem","position":1,"name":"Portada","item":"https:\/\/damekiu.com\/wp\/"},{"@type":"ListItem","position":2,"name":"&#8216;Intensamente 2&#8217; a nada de vencer a &#8216;Avengers&#8217; en la taquilla mundial"}]},{"@type":"WebSite","@id":"https:\/\/damekiu.com\/wp\/#website","url":"https:\/\/damekiu.com\/wp\/","name":"Dame Kiu","description":"Agencia Informativa digital ","potentialAction":[{"@type":"SearchAction","target":{"@type":"EntryPoint","urlTemplate":"https:\/\/damekiu.com\/wp\/?s={search_term_string}"},"query-input":{"@type":"PropertyValueSpecification","valueRequired":true,"valueName":"search_term_string"}}],"inLanguage":"es"},{"@type":"Person","@id":"https:\/\/damekiu.com\/wp\/#\/schema\/person\/2224b9e6ac067d9a275aa440ea9fb85d","name":"Emilio Uribe","image":{"@type":"ImageObject","inLanguage":"es","@id":"https:\/\/damekiu.com\/wp\/#\/schema\/person\/image\/","url":"https:\/\/secure.gravatar.com\/avatar\/4a1e39b707918d0ac14e6976a6e84eb87c04a74b4046d7904168ecc7aedd68e9?s=96&d=mm&r=g","contentUrl":"https:\/\/secure.gravatar.com\/avatar\/4a1e39b707918d0ac14e6976a6e84eb87c04a74b4046d7904168ecc7aedd68e9?s=96&d=mm&r=g","caption":"Emilio Uribe"},"url":"https:\/\/damekiu.com\/wp\/author\/emiliouribe\/"}]}},"jetpack_featured_media_url":"https:\/\/i0.wp.com\/damekiu.com\/wp\/wp-content\/uploads\/2024\/08\/GIIntensamente-2n.jpg?fit=1024%2C768&ssl=1","jetpack_sharing_enabled":true,"jetpack-related-posts":[{"id":1376,"url":"https:\/\/damekiu.com\/wp\/estrenos-de-verano-en-cines\/","url_meta":{"origin":4115,"position":0},"title":"Estos son los estrenos de verano en cines que no te puedes perder","author":"Emilio Uribe","date":"mayo 30, 2024","format":false,"excerpt":"El calor es una se\u00f1al del cambio de estaci\u00f3n, y con ello los estrenos de verano en cines, con ideas totalmente nuevas y secuelas esperadas por miles de fans que bien podr\u00edan arrasar las taquillas. Desde finales de los 70, los veranos han sido las estaciones perfectas para que grandes\u2026","rel":"","context":"En \u00abEspect\u00e1culos\u00bb","block_context":{"text":"Espect\u00e1culos","link":"https:\/\/damekiu.com\/wp\/category\/espectaculos\/"},"img":{"alt_text":"El verano podr\u00eda llenar los cines","src":"https:\/\/i0.wp.com\/damekiu.com\/wp\/wp-content\/uploads\/2024\/05\/Cinepolis-1.jpeg?fit=1200%2C600&ssl=1&resize=350%2C200","width":350,"height":200,"srcset":"https:\/\/i0.wp.com\/damekiu.com\/wp\/wp-content\/uploads\/2024\/05\/Cinepolis-1.jpeg?fit=1200%2C600&ssl=1&resize=350%2C200 1x, https:\/\/i0.wp.com\/damekiu.com\/wp\/wp-content\/uploads\/2024\/05\/Cinepolis-1.jpeg?fit=1200%2C600&ssl=1&resize=525%2C300 1.5x, https:\/\/i0.wp.com\/damekiu.com\/wp\/wp-content\/uploads\/2024\/05\/Cinepolis-1.jpeg?fit=1200%2C600&ssl=1&resize=700%2C400 2x, https:\/\/i0.wp.com\/damekiu.com\/wp\/wp-content\/uploads\/2024\/05\/Cinepolis-1.jpeg?fit=1200%2C600&ssl=1&resize=1050%2C600 3x"},"classes":[]},{"id":9187,"url":"https:\/\/damekiu.com\/wp\/emilia-perez-fracaso-en-taquilla\/","url_meta":{"origin":4115,"position":1},"title":"\u00a1&#8217;Emilia P\u00e9rez&#8217; fracas\u00f3 en taquilla!","author":"Max Macotela","date":"febrero 20, 2025","format":false,"excerpt":"La pel\u00edcula, \u2018Emilia P\u00e9rez\u2019 fracas\u00f3 en taquilla debido a su baja recaudaci\u00f3n en cines, puesto que su venta de boletos fue bastante baja ante el costo final del filme. Su nominaci\u00f3n en los Oscars ha generado odio entre el p\u00fablico ya que a\u00fan conserva sus nominaciones. \u00a0 Ver esta publicaci\u00f3n\u2026","rel":"","context":"En \u00abEspect\u00e1culos\u00bb","block_context":{"text":"Espect\u00e1culos","link":"https:\/\/damekiu.com\/wp\/category\/espectaculos\/"},"img":{"alt_text":"'Emilia P\u00e9rez fracas\u00f3' en taquilla","src":"https:\/\/i0.wp.com\/damekiu.com\/wp\/wp-content\/uploads\/2025\/02\/WhatsApp-Image-2025-02-20-at-4.59.01-PM.jpeg?fit=1200%2C679&ssl=1&resize=350%2C200","width":350,"height":200,"srcset":"https:\/\/i0.wp.com\/damekiu.com\/wp\/wp-content\/uploads\/2025\/02\/WhatsApp-Image-2025-02-20-at-4.59.01-PM.jpeg?fit=1200%2C679&ssl=1&resize=350%2C200 1x, https:\/\/i0.wp.com\/damekiu.com\/wp\/wp-content\/uploads\/2025\/02\/WhatsApp-Image-2025-02-20-at-4.59.01-PM.jpeg?fit=1200%2C679&ssl=1&resize=525%2C300 1.5x, https:\/\/i0.wp.com\/damekiu.com\/wp\/wp-content\/uploads\/2025\/02\/WhatsApp-Image-2025-02-20-at-4.59.01-PM.jpeg?fit=1200%2C679&ssl=1&resize=700%2C400 2x, https:\/\/i0.wp.com\/damekiu.com\/wp\/wp-content\/uploads\/2025\/02\/WhatsApp-Image-2025-02-20-at-4.59.01-PM.jpeg?fit=1200%2C679&ssl=1&resize=1050%2C600 3x"},"classes":[]},{"id":2182,"url":"https:\/\/damekiu.com\/wp\/jurassic-world-chaos-theory-la-redencion-de-la-franquicia\/","url_meta":{"origin":4115,"position":2},"title":"&#8216;Jurassic World: Chaos Theory&#8217;, la redenci\u00f3n de la franquicia","author":"Emilio Uribe","date":"junio 13, 2024","format":false,"excerpt":"La serie animada que se estren\u00f3 el 24 de mayo en Netflix es una secuela de Campamento Cret\u00e1cico (2020-22), y para sorpresa de muchos, ha recibido cr\u00edticas positivas por parte de expertos y la audiencia. Aclamando a\u00a0 'Jurassic World: Chaos Theory' como la redenci\u00f3n de la franquicia jur\u00e1sica. Jurassic Park,\u2026","rel":"","context":"En \u00abOpini\u00f3n\u00bb","block_context":{"text":"Opini\u00f3n","link":"https:\/\/damekiu.com\/wp\/category\/opinion\/"},"img":{"alt_text":"Jurassic World: Chaos Theory","src":"https:\/\/i0.wp.com\/damekiu.com\/wp\/wp-content\/uploads\/2024\/06\/Atrociraptor-Squad.jpeg?fit=608%2C342&ssl=1&resize=350%2C200","width":350,"height":200,"srcset":"https:\/\/i0.wp.com\/damekiu.com\/wp\/wp-content\/uploads\/2024\/06\/Atrociraptor-Squad.jpeg?fit=608%2C342&ssl=1&resize=350%2C200 1x, https:\/\/i0.wp.com\/damekiu.com\/wp\/wp-content\/uploads\/2024\/06\/Atrociraptor-Squad.jpeg?fit=608%2C342&ssl=1&resize=525%2C300 1.5x"},"classes":[]},{"id":6037,"url":"https:\/\/damekiu.com\/wp\/joker-folie-a-deux-se-queda-impotente-en-todos-los-sentidos\/","url_meta":{"origin":4115,"position":3},"title":"Joker: Folie \u00e0 Deux se queda impotente en todos los sentidos","author":"Sebasti\u00e1n T. Herbert","date":"octubre 14, 2024","format":false,"excerpt":"Cuando la secuela de \"Joker\" fue anunciada, las expectativas no pod\u00edan ser m\u00e1s altas. La primera entrega de 2019, dirigida por Todd Phillips y protagonizada por Joaquin Phoenix, se convirti\u00f3 en un fen\u00f3meno cultural, recaudando m\u00e1s de mil millones de d\u00f3lares en taquilla y obteniendo 11 nominaciones al \u00d3scar, con\u2026","rel":"","context":"En \u00abEspect\u00e1culos\u00bb","block_context":{"text":"Espect\u00e1culos","link":"https:\/\/damekiu.com\/wp\/category\/espectaculos\/"},"img":{"alt_text":"","src":"https:\/\/i0.wp.com\/damekiu.com\/wp\/wp-content\/uploads\/2024\/10\/%C2%A1NOA-NOA-1.png?fit=1200%2C927&ssl=1&resize=350%2C200","width":350,"height":200,"srcset":"https:\/\/i0.wp.com\/damekiu.com\/wp\/wp-content\/uploads\/2024\/10\/%C2%A1NOA-NOA-1.png?fit=1200%2C927&ssl=1&resize=350%2C200 1x, https:\/\/i0.wp.com\/damekiu.com\/wp\/wp-content\/uploads\/2024\/10\/%C2%A1NOA-NOA-1.png?fit=1200%2C927&ssl=1&resize=525%2C300 1.5x, https:\/\/i0.wp.com\/damekiu.com\/wp\/wp-content\/uploads\/2024\/10\/%C2%A1NOA-NOA-1.png?fit=1200%2C927&ssl=1&resize=700%2C400 2x, https:\/\/i0.wp.com\/damekiu.com\/wp\/wp-content\/uploads\/2024\/10\/%C2%A1NOA-NOA-1.png?fit=1200%2C927&ssl=1&resize=1050%2C600 3x"},"classes":[]},{"id":3327,"url":"https:\/\/damekiu.com\/wp\/paramount-pictures-estrena-el-primer-trailer-de-gladiador-ii\/","url_meta":{"origin":4115,"position":4},"title":"Paramount Pictures estrena el primer tr\u00e1iler de Gladiador II","author":"Emilio Uribe","date":"julio 9, 2024","format":false,"excerpt":"Gladiador II, la secuela de la cl\u00e1sica cinta de los 2000 estrena su primer tr\u00e1iler cargado de nostalgia \u00e9pica. \u00bfSer\u00e1 tan buena como la primera? Gladiador (2000), fue el breve resurgir del cine \u00e9pico ambientado en la antig\u00fcedad cl\u00e1sica, pues logr\u00f3 recaudar 457 millones de d\u00f3lares a nivel mundial contra\u2026","rel":"","context":"En \u00abEspect\u00e1culos\u00bb","block_context":{"text":"Espect\u00e1culos","link":"https:\/\/damekiu.com\/wp\/category\/espectaculos\/"},"img":{"alt_text":"Gladiador 2","src":"https:\/\/i0.wp.com\/damekiu.com\/wp\/wp-content\/uploads\/2024\/07\/Gladiador-2-1.jpg?fit=1024%2C768&ssl=1&resize=350%2C200","width":350,"height":200,"srcset":"https:\/\/i0.wp.com\/damekiu.com\/wp\/wp-content\/uploads\/2024\/07\/Gladiador-2-1.jpg?fit=1024%2C768&ssl=1&resize=350%2C200 1x, https:\/\/i0.wp.com\/damekiu.com\/wp\/wp-content\/uploads\/2024\/07\/Gladiador-2-1.jpg?fit=1024%2C768&ssl=1&resize=525%2C300 1.5x, https:\/\/i0.wp.com\/damekiu.com\/wp\/wp-content\/uploads\/2024\/07\/Gladiador-2-1.jpg?fit=1024%2C768&ssl=1&resize=700%2C400 2x"},"classes":[]},{"id":3251,"url":"https:\/\/damekiu.com\/wp\/deadpool-y-wolverine-derriban-apps-de-cinepolis-y-cinemex\/","url_meta":{"origin":4115,"position":5},"title":"Deadpool y Wolverine derriban apps de Cin\u00e9polis y Cinemex","author":"Emilio Uribe","date":"julio 4, 2024","format":false,"excerpt":"Los fans de ambos mutantes han demostrado su emoci\u00f3n por el estreno de su nueva pel\u00edcula que terminaron derribando las apps de Cin\u00e9polis y Cinemex. \"Deadpool y Wolverine\" es quiz\u00e1s la pel\u00edcula m\u00e1s esperada del 2024 desde el momento que se confirm\u00f3 que Hugh Jackman retomar\u00eda el papel que lo\u2026","rel":"","context":"En \u00abEspect\u00e1culos\u00bb","block_context":{"text":"Espect\u00e1culos","link":"https:\/\/damekiu.com\/wp\/category\/espectaculos\/"},"img":{"alt_text":"","src":"https:\/\/i0.wp.com\/damekiu.com\/wp\/wp-content\/uploads\/2024\/07\/Deadpool-y-Wolverine-1.jpg?fit=1024%2C768&ssl=1&resize=350%2C200","width":350,"height":200,"srcset":"https:\/\/i0.wp.com\/damekiu.com\/wp\/wp-content\/uploads\/2024\/07\/Deadpool-y-Wolverine-1.jpg?fit=1024%2C768&ssl=1&resize=350%2C200 1x, https:\/\/i0.wp.com\/damekiu.com\/wp\/wp-content\/uploads\/2024\/07\/Deadpool-y-Wolverine-1.jpg?fit=1024%2C768&ssl=1&resize=525%2C300 1.5x, https:\/\/i0.wp.com\/damekiu.com\/wp\/wp-content\/uploads\/2024\/07\/Deadpool-y-Wolverine-1.jpg?fit=1024%2C768&ssl=1&resize=700%2C400 2x"},"classes":[]}],"_links":{"self":[{"href":"https:\/\/damekiu.com\/wp\/wp-json\/wp\/v2\/posts\/4115","targetHints":{"allow":["GET"]}}],"collection":[{"href":"https:\/\/damekiu.com\/wp\/wp-json\/wp\/v2\/posts"}],"about":[{"href":"https:\/\/damekiu.com\/wp\/wp-json\/wp\/v2\/types\/post"}],"author":[{"embeddable":true,"href":"https:\/\/damekiu.com\/wp\/wp-json\/wp\/v2\/users\/19"}],"replies":[{"embeddable":true,"href":"https:\/\/damekiu.com\/wp\/wp-json\/wp\/v2\/comments?post=4115"}],"version-history":[{"count":1,"href":"https:\/\/damekiu.com\/wp\/wp-json\/wp\/v2\/posts\/4115\/revisions"}],"predecessor-version":[{"id":4117,"href":"https:\/\/damekiu.com\/wp\/wp-json\/wp\/v2\/posts\/4115\/revisions\/4117"}],"wp:featuredmedia":[{"embeddable":true,"href":"https:\/\/damekiu.com\/wp\/wp-json\/wp\/v2\/media\/4116"}],"wp:attachment":[{"href":"https:\/\/damekiu.com\/wp\/wp-json\/wp\/v2\/media?parent=4115"}],"wp:term":[{"taxonomy":"category","embeddable":true,"href":"https:\/\/damekiu.com\/wp\/wp-json\/wp\/v2\/categories?post=4115"},{"taxonomy":"post_tag","embeddable":true,"href":"https:\/\/damekiu.com\/wp\/wp-json\/wp\/v2\/tags?post=4115"}],"curies":[{"name":"wp","href":"https:\/\/api.w.org\/{rel}","templated":true}]}}