{"id":2942,"date":"2024-06-27T12:47:06","date_gmt":"2024-06-27T18:47:06","guid":{"rendered":"https:\/\/damekiu.com\/wp\/?p=2942"},"modified":"2024-06-27T12:47:06","modified_gmt":"2024-06-27T18:47:06","slug":"sheinbaum-presenta-la-segunda-parte-de-su-gabinete","status":"publish","type":"post","link":"https:\/\/damekiu.com\/wp\/sheinbaum-presenta-la-segunda-parte-de-su-gabinete\/","title":{"rendered":"\u00a1Nuevos perfiles! Sheinbaum presenta la segunda parte de su gabinete"},"content":{"rendered":"<figure id=\"attachment_2952\" aria-describedby=\"caption-attachment-2952\" style=\"width: 2330px\" class=\"wp-caption alignnone\"><img data-recalc-dims=\"1\" loading=\"lazy\" decoding=\"async\" class=\"size-full wp-image-2952\" src=\"https:\/\/i0.wp.com\/damekiu.com\/wp\/wp-content\/uploads\/2024\/06\/Captura-de-Pantalla-2024-06-27-a-las-12.38.01.png?resize=800%2C232&#038;ssl=1\" alt=\"\" width=\"800\" height=\"232\" srcset=\"https:\/\/i0.wp.com\/damekiu.com\/wp\/wp-content\/uploads\/2024\/06\/Captura-de-Pantalla-2024-06-27-a-las-12.38.01.png?w=2330&amp;ssl=1 2330w, https:\/\/i0.wp.com\/damekiu.com\/wp\/wp-content\/uploads\/2024\/06\/Captura-de-Pantalla-2024-06-27-a-las-12.38.01.png?resize=300%2C87&amp;ssl=1 300w, https:\/\/i0.wp.com\/damekiu.com\/wp\/wp-content\/uploads\/2024\/06\/Captura-de-Pantalla-2024-06-27-a-las-12.38.01.png?resize=1024%2C297&amp;ssl=1 1024w, https:\/\/i0.wp.com\/damekiu.com\/wp\/wp-content\/uploads\/2024\/06\/Captura-de-Pantalla-2024-06-27-a-las-12.38.01.png?resize=768%2C223&amp;ssl=1 768w, https:\/\/i0.wp.com\/damekiu.com\/wp\/wp-content\/uploads\/2024\/06\/Captura-de-Pantalla-2024-06-27-a-las-12.38.01.png?resize=1536%2C446&amp;ssl=1 1536w, https:\/\/i0.wp.com\/damekiu.com\/wp\/wp-content\/uploads\/2024\/06\/Captura-de-Pantalla-2024-06-27-a-las-12.38.01.png?resize=2048%2C594&amp;ssl=1 2048w, https:\/\/i0.wp.com\/damekiu.com\/wp\/wp-content\/uploads\/2024\/06\/Captura-de-Pantalla-2024-06-27-a-las-12.38.01.png?w=1600&amp;ssl=1 1600w\" sizes=\"auto, (max-width: 800px) 100vw, 800px\" \/><figcaption id=\"caption-attachment-2952\" class=\"wp-caption-text\">Fuente: @Canal11<\/figcaption><\/figure>\n<h5 class=\"p1\" style=\"text-align: justify;\">Sheinbaum presenta la segunda parte de su gabinete<\/h5>\n<p class=\"p3\" style=\"text-align: justify;\">Desde el Museo Interactivo de Econom\u00eda (MIDE), la virtual candidata electa,<strong> Sheinbaum presenta la segunda parte de su gabinete<\/strong>. \u00a0Esta vez con cinco integrantes, mas la confirmaci\u00f3n de Rogelio Ram\u00edrez de la O como secretario de Hacienda y Cr\u00e9dito P\u00fablico.<span class=\"Apple-converted-space\">\u00a0<\/span><\/p>\n<p class=\"p3\" style=\"text-align: justify;\"><a href=\"https:\/\/www.youtube.com\/live\/iEMnp_y9GkY?si=zZfAyKxnKbprnIH2\">Los perfiles y secretar\u00edas presentadas son las siguientes:<span class=\"Apple-converted-space\">\u00a0<\/span><\/a><\/p>\n<ul class=\"ul1\" style=\"text-align: justify;\">\n<li class=\"li3\"><b><\/b>Secretar\u00eda de Salud\u00a0(SSA):\u00a0David Kershenobich<\/li>\n<li class=\"li3\"><b><\/b>Secretar\u00eda de la Funci\u00f3n P\u00fablica:\u00a0Raquel Buenrostro S\u00e1nchez<\/li>\n<li class=\"li3\"><b><\/b>Secretar\u00eda de Energ\u00eda\u00a0(Sener):\u00a0Luz Elena Gonz\u00e1lez<\/li>\n<li class=\"li3\"><b><\/b>Secretar\u00eda de Infraestructura, Comunicaciones y Transportes\u00a0(SICT):\u00a0Jes\u00fas Antonio Esteva Medina<\/li>\n<li class=\"li3\"><b><\/b>Secretar\u00eda de Desarrollo Agrario, Territorial y Urbano\u00a0(Sedatu):\u00a0Edna Elena Vega\u00a0Rangel<\/li>\n<\/ul>\n<p class=\"p5\" style=\"text-align: justify;\">Cabe resaltar que tanto <strong>Esteva Medina<\/strong> como <strong>Raquel Buen Rostro<\/strong> a\u00fan contin\u00faan en cargos p\u00fablicos dentro del Gobierno Federal y Jefatura de Gobierno.<span class=\"Apple-converted-space\">\u00a0<\/span><\/p>\n<blockquote><p>La candidata asegur\u00f3 que \u201cpermanecer\u00e1n en sus cargos actuales, aunque tendr\u00e1n la tarea de participar en los procesos de la pr\u00f3xima administraci\u00f3n\u201d.<\/p><\/blockquote>\n<p style=\"text-align: justify;\"><iframe loading=\"lazy\" title=\"YouTube video player\" src=\"https:\/\/www.youtube.com\/embed\/iEMnp_y9GkY?si=j9xr-MZDaWJrquyN\" width=\"560\" height=\"315\" frameborder=\"0\" allowfullscreen=\"allowfullscreen\"><\/iframe><\/p>\n<h3 class=\"p5\" style=\"text-align: justify;\">\u00bfC\u00f3mo se conforma el gabinete?<\/h3>\n<p class=\"p5\" style=\"text-align: justify;\">Hasta el momento, ya tenemos a doce integrantes del gabinete federal, dentro de los cuales destacan cient\u00edficos, investigadores, m\u00e9dicos, economistas y especialistas.<span class=\"Apple-converted-space\">\u00a0<\/span><\/p>\n<p class=\"p5\" style=\"text-align: justify;\">Esta es la lista de de secretar\u00edas otorgadas:<\/p>\n<ul class=\"ul1\" style=\"text-align: justify;\">\n<li class=\"li3\"><span class=\"s3\">Secretar\u00eda de Econom\u00eda: Marcelo Ebrard<\/span><\/li>\n<li class=\"li3\"><span class=\"s3\">Consejer\u00eda Jur\u00eddica: Ernestina Godoy Ramos<\/span><\/li>\n<li class=\"li3\"><span class=\"s3\">Secretar\u00eda de Relaciones Internacionales: Juan Ram\u00f3n de la Fuente<\/span><\/li>\n<li class=\"li3\"><span class=\"s3\">Secretar\u00eda de Ciencia, Humanidades, Tecnolog\u00eda e Innovaci\u00f3n: Rosaura Ruiz Guti\u00e9rrez<span class=\"Apple-converted-space\">\u00a0<\/span><\/span><\/li>\n<li class=\"li3\"><span class=\"s3\">Secretar\u00eda de Agricultura y Desarrollo Rural: Julio Berdegu\u00e9<\/span><\/li>\n<li class=\"li3\">Secretar\u00eda de Medio Ambiente y Recursos Naturales: Alicia B\u00e1rcena<\/li>\n<li class=\"li3\"><b><\/b>Secretar\u00eda de Salud\u00a0(SSA):\u00a0David Kershenobich<\/li>\n<li class=\"li3\"><b><\/b>Secretar\u00eda de Hacienda y Cr\u00e9dito P\u00fablico: Rogelio Ram\u00edrez de la O<\/li>\n<li class=\"li3\"><b><\/b>Secretar\u00eda de la Funci\u00f3n P\u00fablica:\u00a0Raquel Buenrostro S\u00e1nchez<\/li>\n<li class=\"li3\"><b><\/b>Secretar\u00eda de Energ\u00eda\u00a0(Sener):\u00a0Luz Elena Gonz\u00e1lez<\/li>\n<li class=\"li3\"><b><\/b>Secretar\u00eda de Infraestructura, Comunicaciones y Transportes\u00a0(SICT):\u00a0Jes\u00fas Antonio Esteva Medina<\/li>\n<li class=\"li3\"><b><\/b>Secretar\u00eda de Desarrollo Agrario, Territorial y Urbano\u00a0(Sedatu):\u00a0Edna Elena Vega\u00a0Rangel<\/li>\n<\/ul>\n<p class=\"p6\" style=\"text-align: justify;\"><span class=\"s4\">Y por \u00faltimo, <\/span>Jos\u00e9 Antonio \u2018<span class=\"s4\">Pepe<\/span>\u2019 Pe\u00f1a\u00a0<span class=\"s4\">Merino quien<\/span> ser\u00e1 el titular de la\u00a0<span class=\"s4\">Agencia de Transformaci\u00f3n Digital y Telecomunicaciones\u00a0<\/span>del Gobierno de M\u00e9xico. A\u00fan no ha sido presentado oficialmente, pero ya est\u00e1 m\u00e1s que confirmado por la candidata.<span class=\"Apple-converted-space\">\u00a0<\/span><\/p>\n<figure id=\"attachment_2782\" aria-describedby=\"caption-attachment-2782\" style=\"width: 2560px\" class=\"wp-caption alignnone\"><img data-recalc-dims=\"1\" loading=\"lazy\" decoding=\"async\" class=\"size-full wp-image-2782\" src=\"https:\/\/i0.wp.com\/damekiu.com\/wp\/wp-content\/uploads\/2024\/06\/WhatsApp-Image-2024-06-20-at-4.23.22-PM-scaled.jpeg?resize=800%2C533&#038;ssl=1\" alt=\"Sheinbaum presenta a los primeros seis personajes de su gabinete\" width=\"800\" height=\"533\" srcset=\"https:\/\/i0.wp.com\/damekiu.com\/wp\/wp-content\/uploads\/2024\/06\/WhatsApp-Image-2024-06-20-at-4.23.22-PM-scaled.jpeg?w=2560&amp;ssl=1 2560w, https:\/\/i0.wp.com\/damekiu.com\/wp\/wp-content\/uploads\/2024\/06\/WhatsApp-Image-2024-06-20-at-4.23.22-PM-scaled.jpeg?resize=300%2C200&amp;ssl=1 300w, https:\/\/i0.wp.com\/damekiu.com\/wp\/wp-content\/uploads\/2024\/06\/WhatsApp-Image-2024-06-20-at-4.23.22-PM-scaled.jpeg?resize=1024%2C683&amp;ssl=1 1024w, https:\/\/i0.wp.com\/damekiu.com\/wp\/wp-content\/uploads\/2024\/06\/WhatsApp-Image-2024-06-20-at-4.23.22-PM-scaled.jpeg?resize=768%2C512&amp;ssl=1 768w, https:\/\/i0.wp.com\/damekiu.com\/wp\/wp-content\/uploads\/2024\/06\/WhatsApp-Image-2024-06-20-at-4.23.22-PM-scaled.jpeg?resize=1536%2C1024&amp;ssl=1 1536w, https:\/\/i0.wp.com\/damekiu.com\/wp\/wp-content\/uploads\/2024\/06\/WhatsApp-Image-2024-06-20-at-4.23.22-PM-scaled.jpeg?resize=2048%2C1366&amp;ssl=1 2048w, https:\/\/i0.wp.com\/damekiu.com\/wp\/wp-content\/uploads\/2024\/06\/WhatsApp-Image-2024-06-20-at-4.23.22-PM-scaled.jpeg?w=1600&amp;ssl=1 1600w, https:\/\/i0.wp.com\/damekiu.com\/wp\/wp-content\/uploads\/2024\/06\/WhatsApp-Image-2024-06-20-at-4.23.22-PM-scaled.jpeg?w=2400&amp;ssl=1 2400w\" sizes=\"auto, (max-width: 800px) 100vw, 800px\" \/><figcaption id=\"caption-attachment-2782\" class=\"wp-caption-text\">Fuente: @claudia_shein<br \/>Foto: Gabriel Monroy<\/figcaption><\/figure>\n<p class=\"p6\">\u00bfTu ya conoces los perfiles de las y los secretarios del gabinete?<\/p>\n","protected":false},"excerpt":{"rendered":"<p>Sheinbaum presenta la segunda parte de su gabinete Desde el Museo Interactivo de Econom\u00eda (MIDE), la virtual candidata electa, Sheinbaum<\/p>\n","protected":false},"author":29,"featured_media":2953,"comment_status":"open","ping_status":"open","sticky":false,"template":"","format":"standard","meta":{"colormag_page_container_layout":"default_layout","colormag_page_sidebar_layout":"default_layout","_jetpack_memberships_contains_paid_content":false,"footnotes":""},"categories":[48],"tags":[127,124],"class_list":["post-2942","post","type-post","status-publish","format-standard","has-post-thumbnail","hentry","category-politica","tag-dame-kiu","tag-elecciones-2024"],"magazineBlocksPostFeaturedMedia":{"thumbnail":"https:\/\/i0.wp.com\/damekiu.com\/wp\/wp-content\/uploads\/2024\/06\/IMG_2101.jpg?resize=150%2C150&ssl=1","medium":"https:\/\/i0.wp.com\/damekiu.com\/wp\/wp-content\/uploads\/2024\/06\/IMG_2101.jpg?fit=300%2C171&ssl=1","medium_large":"https:\/\/i0.wp.com\/damekiu.com\/wp\/wp-content\/uploads\/2024\/06\/IMG_2101.jpg?fit=768%2C438&ssl=1","large":"https:\/\/i0.wp.com\/damekiu.com\/wp\/wp-content\/uploads\/2024\/06\/IMG_2101.jpg?fit=800%2C456&ssl=1","1536x1536":"https:\/\/i0.wp.com\/damekiu.com\/wp\/wp-content\/uploads\/2024\/06\/IMG_2101.jpg?fit=1536%2C876&ssl=1","2048x2048":"https:\/\/i0.wp.com\/damekiu.com\/wp\/wp-content\/uploads\/2024\/06\/IMG_2101.jpg?fit=2048%2C1168&ssl=1","colormag-highlighted-post":"https:\/\/i0.wp.com\/damekiu.com\/wp\/wp-content\/uploads\/2024\/06\/IMG_2101.jpg?resize=392%2C272&ssl=1","colormag-featured-post-medium":"https:\/\/i0.wp.com\/damekiu.com\/wp\/wp-content\/uploads\/2024\/06\/IMG_2101.jpg?resize=390%2C205&ssl=1","colormag-featured-post-small":"https:\/\/i0.wp.com\/damekiu.com\/wp\/wp-content\/uploads\/2024\/06\/IMG_2101.jpg?resize=130%2C90&ssl=1","colormag-featured-image":"https:\/\/i0.wp.com\/damekiu.com\/wp\/wp-content\/uploads\/2024\/06\/IMG_2101.jpg?resize=800%2C445&ssl=1","colormag-default-news":"https:\/\/i0.wp.com\/damekiu.com\/wp\/wp-content\/uploads\/2024\/06\/IMG_2101.jpg?resize=150%2C150&ssl=1","colormag-featured-image-large":"https:\/\/i0.wp.com\/damekiu.com\/wp\/wp-content\/uploads\/2024\/06\/IMG_2101.jpg?resize=1400%2C600&ssl=1"},"magazineBlocksPostAuthor":{"name":"Dali Rend\u00f3n","avatar":"https:\/\/secure.gravatar.com\/avatar\/36ac62ea8ab05f23f485fef12e2d00e1f1d4acf66b92d3dd7c026a9843de97ed?s=96&d=mm&r=g"},"magazineBlocksPostCommentsNumber":"0","magazineBlocksPostExcerpt":"Sheinbaum presenta la segunda parte de su gabinete Desde el Museo Interactivo de Econom\u00eda (MIDE), la virtual candidata electa, Sheinbaum","magazineBlocksPostCategories":["Pol\u00edtica"],"magazineBlocksPostViewCount":241,"magazineBlocksPostReadTime":3,"magazine_blocks_featured_image_url":{"full":["https:\/\/i0.wp.com\/damekiu.com\/wp\/wp-content\/uploads\/2024\/06\/IMG_2101.jpg?fit=2186%2C1247&ssl=1",2186,1247,false],"medium":["https:\/\/i0.wp.com\/damekiu.com\/wp\/wp-content\/uploads\/2024\/06\/IMG_2101.jpg?fit=300%2C171&ssl=1",300,171,true],"thumbnail":["https:\/\/i0.wp.com\/damekiu.com\/wp\/wp-content\/uploads\/2024\/06\/IMG_2101.jpg?resize=150%2C150&ssl=1",150,150,true]},"magazine_blocks_author":{"display_name":"Dali Rend\u00f3n","author_link":"https:\/\/damekiu.com\/wp\/author\/dafnerendon\/"},"magazine_blocks_comment":0,"magazine_blocks_author_image":"https:\/\/secure.gravatar.com\/avatar\/36ac62ea8ab05f23f485fef12e2d00e1f1d4acf66b92d3dd7c026a9843de97ed?s=96&d=mm&r=g","magazine_blocks_category":"<a href=\"#\" class=\"category-link category-link-48\">Pol\u00edtica<\/a>","yoast_head":"<!-- This site is optimized with the Yoast SEO plugin v27.1.1 - https:\/\/yoast.com\/product\/yoast-seo-wordpress\/ -->\n<title>Sheinbaum presenta la segunda parte de su gabinete<\/title>\n<meta name=\"description\" content=\"Sheinbaum presenta la segunda parte de su gabinete que la estar\u00e1 acompa\u00f1ando en la toma de decisiones para el gobierno 2024-2030.\" \/>\n<meta name=\"robots\" content=\"index, follow, max-snippet:-1, max-image-preview:large, max-video-preview:-1\" \/>\n<link rel=\"canonical\" href=\"https:\/\/damekiu.com\/wp\/sheinbaum-presenta-la-segunda-parte-de-su-gabinete\/\" \/>\n<meta property=\"og:locale\" content=\"es_ES\" \/>\n<meta property=\"og:type\" content=\"article\" \/>\n<meta property=\"og:title\" content=\"Sheinbaum presenta la segunda parte de su gabinete\" \/>\n<meta property=\"og:description\" content=\"Sheinbaum presenta la segunda parte de su gabinete que la estar\u00e1 acompa\u00f1ando en la toma de decisiones para el gobierno 2024-2030.\" \/>\n<meta property=\"og:url\" content=\"https:\/\/damekiu.com\/wp\/sheinbaum-presenta-la-segunda-parte-de-su-gabinete\/\" \/>\n<meta property=\"og:site_name\" content=\"Dame Kiu\" \/>\n<meta property=\"article:published_time\" content=\"2024-06-27T18:47:06+00:00\" \/>\n<meta property=\"og:image\" content=\"https:\/\/damekiu.com\/wp\/wp-content\/uploads\/2024\/06\/IMG_2101.jpg\" \/>\n\t<meta property=\"og:image:width\" content=\"2186\" \/>\n\t<meta property=\"og:image:height\" content=\"1247\" \/>\n\t<meta property=\"og:image:type\" content=\"image\/jpeg\" \/>\n<meta name=\"author\" content=\"Dali Rend\u00f3n\" \/>\n<meta name=\"twitter:card\" content=\"summary_large_image\" \/>\n<meta name=\"twitter:label1\" content=\"Escrito por\" \/>\n\t<meta name=\"twitter:data1\" content=\"Dali Rend\u00f3n\" \/>\n\t<meta name=\"twitter:label2\" content=\"Tiempo de lectura\" \/>\n\t<meta name=\"twitter:data2\" content=\"3 minutos\" \/>\n<script type=\"application\/ld+json\" class=\"yoast-schema-graph\">{\"@context\":\"https:\/\/schema.org\",\"@graph\":[{\"@type\":\"Article\",\"@id\":\"https:\/\/damekiu.com\/wp\/sheinbaum-presenta-la-segunda-parte-de-su-gabinete\/#article\",\"isPartOf\":{\"@id\":\"https:\/\/damekiu.com\/wp\/sheinbaum-presenta-la-segunda-parte-de-su-gabinete\/\"},\"author\":{\"name\":\"Dali Rend\u00f3n\",\"@id\":\"https:\/\/damekiu.com\/wp\/#\/schema\/person\/3892d04ed23ed1824a14faef9d4b5de2\"},\"headline\":\"\u00a1Nuevos perfiles! Sheinbaum presenta la segunda parte de su gabinete\",\"datePublished\":\"2024-06-27T18:47:06+00:00\",\"mainEntityOfPage\":{\"@id\":\"https:\/\/damekiu.com\/wp\/sheinbaum-presenta-la-segunda-parte-de-su-gabinete\/\"},\"wordCount\":424,\"commentCount\":0,\"image\":{\"@id\":\"https:\/\/damekiu.com\/wp\/sheinbaum-presenta-la-segunda-parte-de-su-gabinete\/#primaryimage\"},\"thumbnailUrl\":\"https:\/\/i0.wp.com\/damekiu.com\/wp\/wp-content\/uploads\/2024\/06\/IMG_2101.jpg?fit=2186%2C1247&ssl=1\",\"keywords\":[\"Dame Kiu\",\"Elecciones 2024\"],\"articleSection\":[\"Pol\u00edtica\"],\"inLanguage\":\"es\",\"potentialAction\":[{\"@type\":\"CommentAction\",\"name\":\"Comment\",\"target\":[\"https:\/\/damekiu.com\/wp\/sheinbaum-presenta-la-segunda-parte-de-su-gabinete\/#respond\"]}]},{\"@type\":\"WebPage\",\"@id\":\"https:\/\/damekiu.com\/wp\/sheinbaum-presenta-la-segunda-parte-de-su-gabinete\/\",\"url\":\"https:\/\/damekiu.com\/wp\/sheinbaum-presenta-la-segunda-parte-de-su-gabinete\/\",\"name\":\"Sheinbaum presenta la segunda parte de su gabinete\",\"isPartOf\":{\"@id\":\"https:\/\/damekiu.com\/wp\/#website\"},\"primaryImageOfPage\":{\"@id\":\"https:\/\/damekiu.com\/wp\/sheinbaum-presenta-la-segunda-parte-de-su-gabinete\/#primaryimage\"},\"image\":{\"@id\":\"https:\/\/damekiu.com\/wp\/sheinbaum-presenta-la-segunda-parte-de-su-gabinete\/#primaryimage\"},\"thumbnailUrl\":\"https:\/\/i0.wp.com\/damekiu.com\/wp\/wp-content\/uploads\/2024\/06\/IMG_2101.jpg?fit=2186%2C1247&ssl=1\",\"datePublished\":\"2024-06-27T18:47:06+00:00\",\"author\":{\"@id\":\"https:\/\/damekiu.com\/wp\/#\/schema\/person\/3892d04ed23ed1824a14faef9d4b5de2\"},\"description\":\"Sheinbaum presenta la segunda parte de su gabinete que la estar\u00e1 acompa\u00f1ando en la toma de decisiones para el gobierno 2024-2030.\",\"breadcrumb\":{\"@id\":\"https:\/\/damekiu.com\/wp\/sheinbaum-presenta-la-segunda-parte-de-su-gabinete\/#breadcrumb\"},\"inLanguage\":\"es\",\"potentialAction\":[{\"@type\":\"ReadAction\",\"target\":[\"https:\/\/damekiu.com\/wp\/sheinbaum-presenta-la-segunda-parte-de-su-gabinete\/\"]}]},{\"@type\":\"ImageObject\",\"inLanguage\":\"es\",\"@id\":\"https:\/\/damekiu.com\/wp\/sheinbaum-presenta-la-segunda-parte-de-su-gabinete\/#primaryimage\",\"url\":\"https:\/\/i0.wp.com\/damekiu.com\/wp\/wp-content\/uploads\/2024\/06\/IMG_2101.jpg?fit=2186%2C1247&ssl=1\",\"contentUrl\":\"https:\/\/i0.wp.com\/damekiu.com\/wp\/wp-content\/uploads\/2024\/06\/IMG_2101.jpg?fit=2186%2C1247&ssl=1\",\"width\":2186,\"height\":1247,\"caption\":\"Fuente: Claudia Sheinbaum Pardo\"},{\"@type\":\"BreadcrumbList\",\"@id\":\"https:\/\/damekiu.com\/wp\/sheinbaum-presenta-la-segunda-parte-de-su-gabinete\/#breadcrumb\",\"itemListElement\":[{\"@type\":\"ListItem\",\"position\":1,\"name\":\"Portada\",\"item\":\"https:\/\/damekiu.com\/wp\/\"},{\"@type\":\"ListItem\",\"position\":2,\"name\":\"\u00a1Nuevos perfiles! Sheinbaum presenta la segunda parte de su gabinete\"}]},{\"@type\":\"WebSite\",\"@id\":\"https:\/\/damekiu.com\/wp\/#website\",\"url\":\"https:\/\/damekiu.com\/wp\/\",\"name\":\"Dame Kiu\",\"description\":\"Agencia Informativa digital \",\"potentialAction\":[{\"@type\":\"SearchAction\",\"target\":{\"@type\":\"EntryPoint\",\"urlTemplate\":\"https:\/\/damekiu.com\/wp\/?s={search_term_string}\"},\"query-input\":{\"@type\":\"PropertyValueSpecification\",\"valueRequired\":true,\"valueName\":\"search_term_string\"}}],\"inLanguage\":\"es\"},{\"@type\":\"Person\",\"@id\":\"https:\/\/damekiu.com\/wp\/#\/schema\/person\/3892d04ed23ed1824a14faef9d4b5de2\",\"name\":\"Dali Rend\u00f3n\",\"image\":{\"@type\":\"ImageObject\",\"inLanguage\":\"es\",\"@id\":\"https:\/\/damekiu.com\/wp\/#\/schema\/person\/image\/\",\"url\":\"https:\/\/secure.gravatar.com\/avatar\/36ac62ea8ab05f23f485fef12e2d00e1f1d4acf66b92d3dd7c026a9843de97ed?s=96&d=mm&r=g\",\"contentUrl\":\"https:\/\/secure.gravatar.com\/avatar\/36ac62ea8ab05f23f485fef12e2d00e1f1d4acf66b92d3dd7c026a9843de97ed?s=96&d=mm&r=g\",\"caption\":\"Dali Rend\u00f3n\"},\"url\":\"https:\/\/damekiu.com\/wp\/author\/dafnerendon\/\"}]}<\/script>\n<!-- \/ Yoast SEO plugin. -->","yoast_head_json":{"title":"Sheinbaum presenta la segunda parte de su gabinete","description":"Sheinbaum presenta la segunda parte de su gabinete que la estar\u00e1 acompa\u00f1ando en la toma de decisiones para el gobierno 2024-2030.","robots":{"index":"index","follow":"follow","max-snippet":"max-snippet:-1","max-image-preview":"max-image-preview:large","max-video-preview":"max-video-preview:-1"},"canonical":"https:\/\/damekiu.com\/wp\/sheinbaum-presenta-la-segunda-parte-de-su-gabinete\/","og_locale":"es_ES","og_type":"article","og_title":"Sheinbaum presenta la segunda parte de su gabinete","og_description":"Sheinbaum presenta la segunda parte de su gabinete que la estar\u00e1 acompa\u00f1ando en la toma de decisiones para el gobierno 2024-2030.","og_url":"https:\/\/damekiu.com\/wp\/sheinbaum-presenta-la-segunda-parte-de-su-gabinete\/","og_site_name":"Dame Kiu","article_published_time":"2024-06-27T18:47:06+00:00","og_image":[{"width":2186,"height":1247,"url":"https:\/\/damekiu.com\/wp\/wp-content\/uploads\/2024\/06\/IMG_2101.jpg","type":"image\/jpeg"}],"author":"Dali Rend\u00f3n","twitter_card":"summary_large_image","twitter_misc":{"Escrito por":"Dali Rend\u00f3n","Tiempo de lectura":"3 minutos"},"schema":{"@context":"https:\/\/schema.org","@graph":[{"@type":"Article","@id":"https:\/\/damekiu.com\/wp\/sheinbaum-presenta-la-segunda-parte-de-su-gabinete\/#article","isPartOf":{"@id":"https:\/\/damekiu.com\/wp\/sheinbaum-presenta-la-segunda-parte-de-su-gabinete\/"},"author":{"name":"Dali Rend\u00f3n","@id":"https:\/\/damekiu.com\/wp\/#\/schema\/person\/3892d04ed23ed1824a14faef9d4b5de2"},"headline":"\u00a1Nuevos perfiles! Sheinbaum presenta la segunda parte de su gabinete","datePublished":"2024-06-27T18:47:06+00:00","mainEntityOfPage":{"@id":"https:\/\/damekiu.com\/wp\/sheinbaum-presenta-la-segunda-parte-de-su-gabinete\/"},"wordCount":424,"commentCount":0,"image":{"@id":"https:\/\/damekiu.com\/wp\/sheinbaum-presenta-la-segunda-parte-de-su-gabinete\/#primaryimage"},"thumbnailUrl":"https:\/\/i0.wp.com\/damekiu.com\/wp\/wp-content\/uploads\/2024\/06\/IMG_2101.jpg?fit=2186%2C1247&ssl=1","keywords":["Dame Kiu","Elecciones 2024"],"articleSection":["Pol\u00edtica"],"inLanguage":"es","potentialAction":[{"@type":"CommentAction","name":"Comment","target":["https:\/\/damekiu.com\/wp\/sheinbaum-presenta-la-segunda-parte-de-su-gabinete\/#respond"]}]},{"@type":"WebPage","@id":"https:\/\/damekiu.com\/wp\/sheinbaum-presenta-la-segunda-parte-de-su-gabinete\/","url":"https:\/\/damekiu.com\/wp\/sheinbaum-presenta-la-segunda-parte-de-su-gabinete\/","name":"Sheinbaum presenta la segunda parte de su gabinete","isPartOf":{"@id":"https:\/\/damekiu.com\/wp\/#website"},"primaryImageOfPage":{"@id":"https:\/\/damekiu.com\/wp\/sheinbaum-presenta-la-segunda-parte-de-su-gabinete\/#primaryimage"},"image":{"@id":"https:\/\/damekiu.com\/wp\/sheinbaum-presenta-la-segunda-parte-de-su-gabinete\/#primaryimage"},"thumbnailUrl":"https:\/\/i0.wp.com\/damekiu.com\/wp\/wp-content\/uploads\/2024\/06\/IMG_2101.jpg?fit=2186%2C1247&ssl=1","datePublished":"2024-06-27T18:47:06+00:00","author":{"@id":"https:\/\/damekiu.com\/wp\/#\/schema\/person\/3892d04ed23ed1824a14faef9d4b5de2"},"description":"Sheinbaum presenta la segunda parte de su gabinete que la estar\u00e1 acompa\u00f1ando en la toma de decisiones para el gobierno 2024-2030.","breadcrumb":{"@id":"https:\/\/damekiu.com\/wp\/sheinbaum-presenta-la-segunda-parte-de-su-gabinete\/#breadcrumb"},"inLanguage":"es","potentialAction":[{"@type":"ReadAction","target":["https:\/\/damekiu.com\/wp\/sheinbaum-presenta-la-segunda-parte-de-su-gabinete\/"]}]},{"@type":"ImageObject","inLanguage":"es","@id":"https:\/\/damekiu.com\/wp\/sheinbaum-presenta-la-segunda-parte-de-su-gabinete\/#primaryimage","url":"https:\/\/i0.wp.com\/damekiu.com\/wp\/wp-content\/uploads\/2024\/06\/IMG_2101.jpg?fit=2186%2C1247&ssl=1","contentUrl":"https:\/\/i0.wp.com\/damekiu.com\/wp\/wp-content\/uploads\/2024\/06\/IMG_2101.jpg?fit=2186%2C1247&ssl=1","width":2186,"height":1247,"caption":"Fuente: Claudia Sheinbaum Pardo"},{"@type":"BreadcrumbList","@id":"https:\/\/damekiu.com\/wp\/sheinbaum-presenta-la-segunda-parte-de-su-gabinete\/#breadcrumb","itemListElement":[{"@type":"ListItem","position":1,"name":"Portada","item":"https:\/\/damekiu.com\/wp\/"},{"@type":"ListItem","position":2,"name":"\u00a1Nuevos perfiles! Sheinbaum presenta la segunda parte de su gabinete"}]},{"@type":"WebSite","@id":"https:\/\/damekiu.com\/wp\/#website","url":"https:\/\/damekiu.com\/wp\/","name":"Dame Kiu","description":"Agencia Informativa digital ","potentialAction":[{"@type":"SearchAction","target":{"@type":"EntryPoint","urlTemplate":"https:\/\/damekiu.com\/wp\/?s={search_term_string}"},"query-input":{"@type":"PropertyValueSpecification","valueRequired":true,"valueName":"search_term_string"}}],"inLanguage":"es"},{"@type":"Person","@id":"https:\/\/damekiu.com\/wp\/#\/schema\/person\/3892d04ed23ed1824a14faef9d4b5de2","name":"Dali Rend\u00f3n","image":{"@type":"ImageObject","inLanguage":"es","@id":"https:\/\/damekiu.com\/wp\/#\/schema\/person\/image\/","url":"https:\/\/secure.gravatar.com\/avatar\/36ac62ea8ab05f23f485fef12e2d00e1f1d4acf66b92d3dd7c026a9843de97ed?s=96&d=mm&r=g","contentUrl":"https:\/\/secure.gravatar.com\/avatar\/36ac62ea8ab05f23f485fef12e2d00e1f1d4acf66b92d3dd7c026a9843de97ed?s=96&d=mm&r=g","caption":"Dali Rend\u00f3n"},"url":"https:\/\/damekiu.com\/wp\/author\/dafnerendon\/"}]}},"jetpack_featured_media_url":"https:\/\/i0.wp.com\/damekiu.com\/wp\/wp-content\/uploads\/2024\/06\/IMG_2101.jpg?fit=2186%2C1247&ssl=1","jetpack_sharing_enabled":true,"jetpack-related-posts":[{"id":2935,"url":"https:\/\/damekiu.com\/wp\/gabinete-de-sheinbaum\/","url_meta":{"origin":2942,"position":0},"title":"\u00bfCu\u00e1les son los perfiles de la segunda parte del gabinete de Sheinbaum?","author":"Guadalupe Fuentes","date":"junio 27, 2024","format":false,"excerpt":"Esta ma\u00f1ana, la presidenta electa, Claudia Sheinbaum Pardo, dio a conocer a los nuevos perfiles que conformaran su gabinete, mismo que empezar\u00e1 sus funciones a partir del pr\u00f3ximo 1 de octubre del 2024. Desde el Museo Interactivo de Econom\u00eda (MIDE), la virtual presidenta, present\u00f3 a una segunda parte de su\u2026","rel":"","context":"En \u00abPol\u00edtica\u00bb","block_context":{"text":"Pol\u00edtica","link":"https:\/\/damekiu.com\/wp\/category\/politica\/"},"img":{"alt_text":"gabinete de Sheinbaum","src":"https:\/\/i0.wp.com\/damekiu.com\/wp\/wp-content\/uploads\/2024\/06\/Diseno-sin-titulo-19-2.jpg?fit=1024%2C768&ssl=1&resize=350%2C200","width":350,"height":200,"srcset":"https:\/\/i0.wp.com\/damekiu.com\/wp\/wp-content\/uploads\/2024\/06\/Diseno-sin-titulo-19-2.jpg?fit=1024%2C768&ssl=1&resize=350%2C200 1x, https:\/\/i0.wp.com\/damekiu.com\/wp\/wp-content\/uploads\/2024\/06\/Diseno-sin-titulo-19-2.jpg?fit=1024%2C768&ssl=1&resize=525%2C300 1.5x, https:\/\/i0.wp.com\/damekiu.com\/wp\/wp-content\/uploads\/2024\/06\/Diseno-sin-titulo-19-2.jpg?fit=1024%2C768&ssl=1&resize=700%2C400 2x"},"classes":[]},{"id":3896,"url":"https:\/\/damekiu.com\/wp\/gabinete-federal-turismo-trabajo-y-cultura\/","url_meta":{"origin":2942,"position":1},"title":"La \u00faltima presentaci\u00f3n del Gabinete Federal: Turismo, Trabajo y Cultura","author":"Dali Rend\u00f3n","date":"julio 24, 2024","format":false,"excerpt":"Claudia Sheinbaum presenta el Gabinete Federal: Turismo, Trabajo y Cultura. Dentro de los que destacan personalidades que trabajaron tanto en su gobierno, como en el de L\u00f3pez Obrador. La virtual Presidenta electa revel\u00f3 los \u00faltimos tres nombres p\u00fablicos del gabinete que la acompa\u00f1ar\u00e1 a partir del 1 de octubre. En\u2026","rel":"","context":"En \u00abPol\u00edtica\u00bb","block_context":{"text":"Pol\u00edtica","link":"https:\/\/damekiu.com\/wp\/category\/politica\/"},"img":{"alt_text":"","src":"https:\/\/i0.wp.com\/damekiu.com\/wp\/wp-content\/uploads\/2024\/07\/50bf9e41-b0a7-45e3-bdd9-d5535ff44172.jpg?fit=1200%2C857&ssl=1&resize=350%2C200","width":350,"height":200,"srcset":"https:\/\/i0.wp.com\/damekiu.com\/wp\/wp-content\/uploads\/2024\/07\/50bf9e41-b0a7-45e3-bdd9-d5535ff44172.jpg?fit=1200%2C857&ssl=1&resize=350%2C200 1x, https:\/\/i0.wp.com\/damekiu.com\/wp\/wp-content\/uploads\/2024\/07\/50bf9e41-b0a7-45e3-bdd9-d5535ff44172.jpg?fit=1200%2C857&ssl=1&resize=525%2C300 1.5x, https:\/\/i0.wp.com\/damekiu.com\/wp\/wp-content\/uploads\/2024\/07\/50bf9e41-b0a7-45e3-bdd9-d5535ff44172.jpg?fit=1200%2C857&ssl=1&resize=700%2C400 2x, https:\/\/i0.wp.com\/damekiu.com\/wp\/wp-content\/uploads\/2024\/07\/50bf9e41-b0a7-45e3-bdd9-d5535ff44172.jpg?fit=1200%2C857&ssl=1&resize=1050%2C600 3x"},"classes":[]},{"id":3170,"url":"https:\/\/damekiu.com\/wp\/tercera-parte-del-gabinete-de-claudia-sheinbaum\/","url_meta":{"origin":2942,"position":2},"title":"Ellos son parte de la tercera parte del Gabinete de Claudia Sheinbaum","author":"Guadalupe Fuentes","date":"julio 4, 2024","format":false,"excerpt":"Como el jueves pasado, esta semana fue presentada la tercera parte del Gabinete de Claudia Sheinbaum,\u00a0desde el Museo Interactivo de Econom\u00eda de la Ciudad de M\u00e9xico (MIDE). Al iniciar\u00a0 la conferencia de prensa, la presidenta electa, Claudia Sheinbaum, agradeci\u00f3 a los medios de comunicaci\u00f3n por asistir y dio a conocer\u2026","rel":"","context":"En \u00abPol\u00edtica\u00bb","block_context":{"text":"Pol\u00edtica","link":"https:\/\/damekiu.com\/wp\/category\/politica\/"},"img":{"alt_text":"tercera parte del Gabinete de Claudia Sheinbaum","src":"https:\/\/i0.wp.com\/damekiu.com\/wp\/wp-content\/uploads\/2024\/07\/Diseno-sin-titulo-24.jpg?fit=1024%2C768&ssl=1&resize=350%2C200","width":350,"height":200,"srcset":"https:\/\/i0.wp.com\/damekiu.com\/wp\/wp-content\/uploads\/2024\/07\/Diseno-sin-titulo-24.jpg?fit=1024%2C768&ssl=1&resize=350%2C200 1x, https:\/\/i0.wp.com\/damekiu.com\/wp\/wp-content\/uploads\/2024\/07\/Diseno-sin-titulo-24.jpg?fit=1024%2C768&ssl=1&resize=525%2C300 1.5x, https:\/\/i0.wp.com\/damekiu.com\/wp\/wp-content\/uploads\/2024\/07\/Diseno-sin-titulo-24.jpg?fit=1024%2C768&ssl=1&resize=700%2C400 2x"},"classes":[]},{"id":2775,"url":"https:\/\/damekiu.com\/wp\/sheinbaum-presenta-a-los-primeros-seis-personajes-de-su-gabinete\/","url_meta":{"origin":2942,"position":3},"title":"Lluvia de perfiles: \u00bfa qui\u00e9n tendremos en el gabinete de Sheinbaum?","author":"Dali Rend\u00f3n","date":"junio 24, 2024","format":false,"excerpt":"Claudia Sheinbaum presenta a los primeros seis personajes de su gabinete para este 2024-2030 Esta semana, la candidata a la presidencia Claudia Sheinbaum presenta a los primeros seis personajes de su gabinete, con personajes como Marcelo Ebrard, Ernestina Godoy, Juan Ram\u00f3n de la Fuente, Julio Berdegu\u00e9, Alicia B\u00e1rcena, Rosaura Ruiz\u2026","rel":"","context":"En \u00abPol\u00edtica\u00bb","block_context":{"text":"Pol\u00edtica","link":"https:\/\/damekiu.com\/wp\/category\/politica\/"},"img":{"alt_text":"Sheinbaum presenta a los primeros seis personajes de su gabinete","src":"https:\/\/i0.wp.com\/damekiu.com\/wp\/wp-content\/uploads\/2024\/06\/WhatsApp-Image-2024-06-20-at-4.23.22-PM-scaled.jpeg?fit=1200%2C800&ssl=1&resize=350%2C200","width":350,"height":200,"srcset":"https:\/\/i0.wp.com\/damekiu.com\/wp\/wp-content\/uploads\/2024\/06\/WhatsApp-Image-2024-06-20-at-4.23.22-PM-scaled.jpeg?fit=1200%2C800&ssl=1&resize=350%2C200 1x, https:\/\/i0.wp.com\/damekiu.com\/wp\/wp-content\/uploads\/2024\/06\/WhatsApp-Image-2024-06-20-at-4.23.22-PM-scaled.jpeg?fit=1200%2C800&ssl=1&resize=525%2C300 1.5x, https:\/\/i0.wp.com\/damekiu.com\/wp\/wp-content\/uploads\/2024\/06\/WhatsApp-Image-2024-06-20-at-4.23.22-PM-scaled.jpeg?fit=1200%2C800&ssl=1&resize=700%2C400 2x, https:\/\/i0.wp.com\/damekiu.com\/wp\/wp-content\/uploads\/2024\/06\/WhatsApp-Image-2024-06-20-at-4.23.22-PM-scaled.jpeg?fit=1200%2C800&ssl=1&resize=1050%2C600 3x"},"classes":[]},{"id":3436,"url":"https:\/\/damekiu.com\/wp\/gabinete-de-claudia-sheinbaum\/","url_meta":{"origin":2942,"position":4},"title":"Nueva presentaci\u00f3n de integrante del gabinete de Claudia Sheinbaum","author":"Guadalupe Fuentes","date":"julio 11, 2024","format":false,"excerpt":"Este jueves, la presidenta electa, Claudia Sheinbaum Pardo, present\u00f3 a un integrante m\u00e1s del equipo de trabajo que la acompa\u00f1ar\u00e1 durante su mandato, y el cual tomar\u00e1 posesi\u00f3n el pr\u00f3ximo 1 de octubre de este a\u00f1o. Desde su casa de transici\u00f3n, Claudia Sheinbaum, dio a conocer que L\u00e1zaro C\u00e1rdenas Batel\u2026","rel":"","context":"En \u00abPol\u00edtica\u00bb","block_context":{"text":"Pol\u00edtica","link":"https:\/\/damekiu.com\/wp\/category\/politica\/"},"img":{"alt_text":"Gabinete de Claudia Sheinbaum","src":"https:\/\/i0.wp.com\/damekiu.com\/wp\/wp-content\/uploads\/2024\/07\/Diseno-sin-titulo-26.jpg?fit=1024%2C768&ssl=1&resize=350%2C200","width":350,"height":200,"srcset":"https:\/\/i0.wp.com\/damekiu.com\/wp\/wp-content\/uploads\/2024\/07\/Diseno-sin-titulo-26.jpg?fit=1024%2C768&ssl=1&resize=350%2C200 1x, https:\/\/i0.wp.com\/damekiu.com\/wp\/wp-content\/uploads\/2024\/07\/Diseno-sin-titulo-26.jpg?fit=1024%2C768&ssl=1&resize=525%2C300 1.5x, https:\/\/i0.wp.com\/damekiu.com\/wp\/wp-content\/uploads\/2024\/07\/Diseno-sin-titulo-26.jpg?fit=1024%2C768&ssl=1&resize=700%2C400 2x"},"classes":[]},{"id":3371,"url":"https:\/\/damekiu.com\/wp\/sedena-y-semar\/","url_meta":{"origin":2942,"position":5},"title":"Sheinbaum: Titulares de Sedena y Semar ser\u00e1n anunciados hasta septiembre","author":"Guadalupe Fuentes","date":"julio 11, 2024","format":false,"excerpt":"Ante la especulaci\u00f3n que se hab\u00eda tenido, Sheinbaum asegur\u00f3 que ninguna mujer estar\u00e1 al frente de la Secretar\u00eda de Defensa Nacional (Sedena), ni de la Secretar\u00eda de Marina (Semar). La presidenta electa, Claudia Sheinbaum Pardo, adelanto que las designaciones de los titulares de la Sedena y Semar, ser\u00e1n anunciados hasta\u2026","rel":"","context":"En \u00abPol\u00edtica\u00bb","block_context":{"text":"Pol\u00edtica","link":"https:\/\/damekiu.com\/wp\/category\/politica\/"},"img":{"alt_text":"Sedena y Semar","src":"https:\/\/i0.wp.com\/damekiu.com\/wp\/wp-content\/uploads\/2024\/07\/Diseno-sin-titulo-25.jpg?fit=1024%2C768&ssl=1&resize=350%2C200","width":350,"height":200,"srcset":"https:\/\/i0.wp.com\/damekiu.com\/wp\/wp-content\/uploads\/2024\/07\/Diseno-sin-titulo-25.jpg?fit=1024%2C768&ssl=1&resize=350%2C200 1x, https:\/\/i0.wp.com\/damekiu.com\/wp\/wp-content\/uploads\/2024\/07\/Diseno-sin-titulo-25.jpg?fit=1024%2C768&ssl=1&resize=525%2C300 1.5x, https:\/\/i0.wp.com\/damekiu.com\/wp\/wp-content\/uploads\/2024\/07\/Diseno-sin-titulo-25.jpg?fit=1024%2C768&ssl=1&resize=700%2C400 2x"},"classes":[]}],"_links":{"self":[{"href":"https:\/\/damekiu.com\/wp\/wp-json\/wp\/v2\/posts\/2942","targetHints":{"allow":["GET"]}}],"collection":[{"href":"https:\/\/damekiu.com\/wp\/wp-json\/wp\/v2\/posts"}],"about":[{"href":"https:\/\/damekiu.com\/wp\/wp-json\/wp\/v2\/types\/post"}],"author":[{"embeddable":true,"href":"https:\/\/damekiu.com\/wp\/wp-json\/wp\/v2\/users\/29"}],"replies":[{"embeddable":true,"href":"https:\/\/damekiu.com\/wp\/wp-json\/wp\/v2\/comments?post=2942"}],"version-history":[{"count":1,"href":"https:\/\/damekiu.com\/wp\/wp-json\/wp\/v2\/posts\/2942\/revisions"}],"predecessor-version":[{"id":2955,"href":"https:\/\/damekiu.com\/wp\/wp-json\/wp\/v2\/posts\/2942\/revisions\/2955"}],"wp:featuredmedia":[{"embeddable":true,"href":"https:\/\/damekiu.com\/wp\/wp-json\/wp\/v2\/media\/2953"}],"wp:attachment":[{"href":"https:\/\/damekiu.com\/wp\/wp-json\/wp\/v2\/media?parent=2942"}],"wp:term":[{"taxonomy":"category","embeddable":true,"href":"https:\/\/damekiu.com\/wp\/wp-json\/wp\/v2\/categories?post=2942"},{"taxonomy":"post_tag","embeddable":true,"href":"https:\/\/damekiu.com\/wp\/wp-json\/wp\/v2\/tags?post=2942"}],"curies":[{"name":"wp","href":"https:\/\/api.w.org\/{rel}","templated":true}]}}