{"id":2403,"date":"2024-06-14T14:32:14","date_gmt":"2024-06-14T20:32:14","guid":{"rendered":"https:\/\/damekiu.com\/wp\/?p=2403"},"modified":"2024-06-17T21:40:23","modified_gmt":"2024-06-18T03:40:23","slug":"liga-mx-presenta-su-nuevo-balon","status":"publish","type":"post","link":"https:\/\/damekiu.com\/wp\/liga-mx-presenta-su-nuevo-balon\/","title":{"rendered":"Liga MX presenta el dise\u00f1o de su nuevo bal\u00f3n"},"content":{"rendered":"<p style=\"font-weight: 400; text-align: justify;\">La Liga MX presenta su nuevo bal\u00f3n de manera oficial, este es el nuevo dise\u00f1o de la mano de VOIT para la <strong>Temporada 2024 \u2013 2025<\/strong>, la cual iniciar\u00e1 el pr\u00f3ximo 5 de julio. Este bal\u00f3n lleva por nombre \u2018Morph\u2019 el cual se caracteriza por sus colores tan llamativos, un estilo pocas veces visto en el f\u00fatbol mexicano.<\/p>\n<p style=\"font-weight: 400; text-align: justify;\">Se espera que Morph sea usado por primera vez el 30 de junio en la <strong>Super Copa de la Liga MX<\/strong>, es importante recordar que este bal\u00f3n ser\u00e1 usado por la liga varonil, Liga de Expansi\u00f3n y fuerzas b\u00e1sicas durante el periodo de julio \u2013 diciembre.<\/p>\n<p style=\"font-weight: 400; text-align: justify;\">El bal\u00f3n est\u00e1 compuesto por rombos que luego forman tri\u00e1ngulos de colores como el rosa, azul, negro y amarillo, contiene una tecnolog\u00eda GEO TECH 20 para sus paneles, adem\u00e1s de una mejora en el material externo para que sea m\u00e1s resistente a la absorci\u00f3n de humedad y no aumente su peso con la lluvia.<\/p>\n<blockquote class=\"instagram-media\" style=\"background: #FFF; border: 0; border-radius: 3px; box-shadow: 0 0 1px 0 rgba(0,0,0,0.5),0 1px 10px 0 rgba(0,0,0,0.15); margin: 1px; max-width: 540px; min-width: 326px; padding: 0; width: calc(100% - 2px);\" data-instgrm-captioned=\"\" data-instgrm-permalink=\"https:\/\/www.instagram.com\/p\/C8KYi-_pH1p\/?utm_source=ig_embed&amp;utm_campaign=loading\" data-instgrm-version=\"14\">\n<div style=\"padding: 16px;\">\n<p>&nbsp;<\/p>\n<div style=\"display: flex; flex-direction: row; align-items: center;\">\n<div style=\"background-color: #f4f4f4; border-radius: 50%; flex-grow: 0; height: 40px; margin-right: 14px; width: 40px;\"><\/div>\n<div style=\"display: flex; flex-direction: column; flex-grow: 1; justify-content: center;\">\n<div style=\"background-color: #f4f4f4; border-radius: 4px; flex-grow: 0; height: 14px; margin-bottom: 6px; width: 100px;\"><\/div>\n<div style=\"background-color: #f4f4f4; border-radius: 4px; flex-grow: 0; height: 14px; width: 60px;\"><\/div>\n<\/div>\n<\/div>\n<div style=\"padding: 19% 0;\"><\/div>\n<div style=\"display: block; height: 50px; margin: 0 auto 12px; width: 50px;\"><\/div>\n<div style=\"padding-top: 8px;\">\n<div style=\"color: #3897f0; font-family: Arial,sans-serif; font-size: 14px; font-style: normal; font-weight: 550; line-height: 18px;\">Ver esta publicaci\u00f3n en Instagram<\/div>\n<\/div>\n<div style=\"padding: 12.5% 0;\"><\/div>\n<div style=\"display: flex; flex-direction: row; margin-bottom: 14px; align-items: center;\">\n<div>\n<div style=\"background-color: #f4f4f4; border-radius: 50%; height: 12.5px; width: 12.5px; transform: translateX(0px) translateY(7px);\"><\/div>\n<div style=\"background-color: #f4f4f4; height: 12.5px; transform: rotate(-45deg) translateX(3px) translateY(1px); width: 12.5px; flex-grow: 0; margin-right: 14px; margin-left: 2px;\"><\/div>\n<div style=\"background-color: #f4f4f4; border-radius: 50%; height: 12.5px; width: 12.5px; transform: translateX(9px) translateY(-18px);\"><\/div>\n<\/div>\n<div style=\"margin-left: 8px;\">\n<div style=\"background-color: #f4f4f4; border-radius: 50%; flex-grow: 0; height: 20px; width: 20px;\"><\/div>\n<div style=\"width: 0; height: 0; border-top: 2px solid transparent; border-left: 6px solid #f4f4f4; border-bottom: 2px solid transparent; transform: translateX(16px) translateY(-4px) rotate(30deg);\"><\/div>\n<\/div>\n<div style=\"margin-left: auto;\">\n<div style=\"width: 0px; border-top: 8px solid #F4F4F4; border-right: 8px solid transparent; transform: translateY(16px);\"><\/div>\n<div style=\"background-color: #f4f4f4; flex-grow: 0; height: 12px; width: 16px; transform: translateY(-4px);\"><\/div>\n<div style=\"width: 0; height: 0; border-top: 8px solid #F4F4F4; border-left: 8px solid transparent; transform: translateY(-4px) translateX(8px);\"><\/div>\n<\/div>\n<\/div>\n<div style=\"display: flex; flex-direction: column; flex-grow: 1; justify-content: center; margin-bottom: 24px;\">\n<div style=\"background-color: #f4f4f4; border-radius: 4px; flex-grow: 0; height: 14px; margin-bottom: 6px; width: 224px;\"><\/div>\n<div style=\"background-color: #f4f4f4; border-radius: 4px; flex-grow: 0; height: 14px; width: 144px;\"><\/div>\n<\/div>\n<p>&nbsp;<\/p>\n<p style=\"color: #c9c8cd; font-family: Arial,sans-serif; font-size: 14px; line-height: 17px; margin-bottom: 0; margin-top: 8px; overflow: hidden; padding: 8px 0 7px; text-align: center; text-overflow: ellipsis; white-space: nowrap;\"><a style=\"color: #c9c8cd; font-family: Arial,sans-serif; font-size: 14px; font-style: normal; font-weight: normal; line-height: 17px; text-decoration: none;\" href=\"https:\/\/www.instagram.com\/p\/C8KYi-_pH1p\/?utm_source=ig_embed&amp;utm_campaign=loading\" target=\"_blank\" rel=\"noopener\">Una publicaci\u00f3n compartida de Lesslie Arredondo (@less_ao)<\/a><\/p>\n<\/div>\n<\/blockquote>\n<p><script async src=\"\/\/www.instagram.com\/embed.js\"><\/script><\/p>\n<p style=\"font-weight: 400; text-align: justify;\">Mikel Arreola, presidente de la Liga MX estuvo present\u00e9 en la presentaci\u00f3n del nuevo bal\u00f3n donde sentenci\u00f3 que esperan romper r\u00e9cord de goles con este esf\u00e9rico.<\/p>\n<p style=\"font-weight: 400; text-align: justify;\">Como cada a\u00f1o fue un evento muy esperado por parte de la afici\u00f3n y tuvo un gran recibimiento por parte del p\u00fablico, as\u00ed como lo ha tenido en presentaciones de a\u00f1os anteriores, a pesar de su dise\u00f1o poco convencional y que podr\u00eda causar pol\u00e9mico en su recibimiento.<\/p>\n<p style=\"font-weight: 400; text-align: justify;\">Despu\u00e9s de que la <a href=\"https:\/\/damekiu.com\/wp\/duenos-de-la-liga-mx\/\">Liga MX<\/a> presenta su nuevo bal\u00f3n, este ya se encuentra disponible para su compra, con un costo de 2 mil 199 pesos mexicanos, lo puedes adquirir en la cuenta oficial de VOIT como <strong>\u2018Bal\u00f3n de F\u00fatbol Morph Apertura 2024, FIFA Quality PRO No.5\u2019<\/strong><\/p>\n","protected":false},"excerpt":{"rendered":"<p>La Liga MX presenta su nuevo bal\u00f3n de manera oficial, este es el nuevo dise\u00f1o de la mano de VOIT<\/p>\n","protected":false},"author":28,"featured_media":2434,"comment_status":"open","ping_status":"open","sticky":false,"template":"","format":"standard","meta":{"colormag_page_container_layout":"default_layout","colormag_page_sidebar_layout":"default_layout","_jetpack_memberships_contains_paid_content":false,"footnotes":""},"categories":[49],"tags":[71],"class_list":["post-2403","post","type-post","status-publish","format-standard","has-post-thumbnail","hentry","category-deportes","tag-liga-mx"],"magazineBlocksPostFeaturedMedia":{"thumbnail":"https:\/\/i0.wp.com\/damekiu.com\/wp\/wp-content\/uploads\/2024\/06\/IMG_0073.jpg?resize=150%2C150&ssl=1","medium":"https:\/\/i0.wp.com\/damekiu.com\/wp\/wp-content\/uploads\/2024\/06\/IMG_0073.jpg?fit=264%2C300&ssl=1","medium_large":"https:\/\/i0.wp.com\/damekiu.com\/wp\/wp-content\/uploads\/2024\/06\/IMG_0073.jpg?fit=768%2C874&ssl=1","large":"https:\/\/i0.wp.com\/damekiu.com\/wp\/wp-content\/uploads\/2024\/06\/IMG_0073.jpg?fit=800%2C910&ssl=1","1536x1536":"https:\/\/i0.wp.com\/damekiu.com\/wp\/wp-content\/uploads\/2024\/06\/IMG_0073.jpg?fit=828%2C942&ssl=1","2048x2048":"https:\/\/i0.wp.com\/damekiu.com\/wp\/wp-content\/uploads\/2024\/06\/IMG_0073.jpg?fit=828%2C942&ssl=1","colormag-highlighted-post":"https:\/\/i0.wp.com\/damekiu.com\/wp\/wp-content\/uploads\/2024\/06\/IMG_0073.jpg?resize=392%2C272&ssl=1","colormag-featured-post-medium":"https:\/\/i0.wp.com\/damekiu.com\/wp\/wp-content\/uploads\/2024\/06\/IMG_0073.jpg?resize=390%2C205&ssl=1","colormag-featured-post-small":"https:\/\/i0.wp.com\/damekiu.com\/wp\/wp-content\/uploads\/2024\/06\/IMG_0073.jpg?resize=130%2C90&ssl=1","colormag-featured-image":"https:\/\/i0.wp.com\/damekiu.com\/wp\/wp-content\/uploads\/2024\/06\/IMG_0073.jpg?resize=800%2C445&ssl=1","colormag-default-news":"https:\/\/i0.wp.com\/damekiu.com\/wp\/wp-content\/uploads\/2024\/06\/IMG_0073.jpg?resize=150%2C150&ssl=1","colormag-featured-image-large":"https:\/\/i0.wp.com\/damekiu.com\/wp\/wp-content\/uploads\/2024\/06\/IMG_0073.jpg?resize=828%2C600&ssl=1"},"magazineBlocksPostAuthor":{"name":"Citlalli Centeno","avatar":"https:\/\/secure.gravatar.com\/avatar\/d09072a4e519c14759b287104b2a9e2c20e79782cb145726c8c622157a8ad684?s=96&d=mm&r=g"},"magazineBlocksPostCommentsNumber":"0","magazineBlocksPostExcerpt":"La Liga MX presenta su nuevo bal\u00f3n de manera oficial, este es el nuevo dise\u00f1o de la mano de VOIT","magazineBlocksPostCategories":["Deportes"],"magazineBlocksPostViewCount":506,"magazineBlocksPostReadTime":2,"magazine_blocks_featured_image_url":{"full":["https:\/\/i0.wp.com\/damekiu.com\/wp\/wp-content\/uploads\/2024\/06\/IMG_0073.jpg?fit=828%2C942&ssl=1",828,942,false],"medium":["https:\/\/i0.wp.com\/damekiu.com\/wp\/wp-content\/uploads\/2024\/06\/IMG_0073.jpg?fit=264%2C300&ssl=1",264,300,true],"thumbnail":["https:\/\/i0.wp.com\/damekiu.com\/wp\/wp-content\/uploads\/2024\/06\/IMG_0073.jpg?resize=150%2C150&ssl=1",150,150,true]},"magazine_blocks_author":{"display_name":"Citlalli Centeno","author_link":"https:\/\/damekiu.com\/wp\/author\/citlallicenteno\/"},"magazine_blocks_comment":0,"magazine_blocks_author_image":"https:\/\/secure.gravatar.com\/avatar\/d09072a4e519c14759b287104b2a9e2c20e79782cb145726c8c622157a8ad684?s=96&d=mm&r=g","magazine_blocks_category":"<a href=\"#\" class=\"category-link category-link-49\">Deportes<\/a>","yoast_head":"<!-- This site is optimized with the Yoast SEO plugin v27.1.1 - https:\/\/yoast.com\/product\/yoast-seo-wordpress\/ -->\n<title>Liga MX presenta el dise\u00f1o de su nuevo bal\u00f3n - Dame Kiu<\/title>\n<meta name=\"description\" content=\"La Liga MX presenta su nuevo bal\u00f3n de manera oficial este es el nuevo dise\u00f1o de la mano de VOIT para la Temporada 2024 \u2013 2025.\" \/>\n<meta name=\"robots\" content=\"index, follow, max-snippet:-1, max-image-preview:large, max-video-preview:-1\" \/>\n<link rel=\"canonical\" href=\"https:\/\/damekiu.com\/wp\/liga-mx-presenta-su-nuevo-balon\/\" \/>\n<meta property=\"og:locale\" content=\"es_ES\" \/>\n<meta property=\"og:type\" content=\"article\" \/>\n<meta property=\"og:title\" content=\"Liga MX presenta el dise\u00f1o de su nuevo bal\u00f3n - Dame Kiu\" \/>\n<meta property=\"og:description\" content=\"La Liga MX presenta su nuevo bal\u00f3n de manera oficial este es el nuevo dise\u00f1o de la mano de VOIT para la Temporada 2024 \u2013 2025.\" \/>\n<meta property=\"og:url\" content=\"https:\/\/damekiu.com\/wp\/liga-mx-presenta-su-nuevo-balon\/\" \/>\n<meta property=\"og:site_name\" content=\"Dame Kiu\" \/>\n<meta property=\"article:published_time\" content=\"2024-06-14T20:32:14+00:00\" \/>\n<meta property=\"article:modified_time\" content=\"2024-06-18T03:40:23+00:00\" \/>\n<meta property=\"og:image\" content=\"https:\/\/damekiu.com\/wp\/wp-content\/uploads\/2024\/06\/IMG_0073.jpg\" \/>\n\t<meta property=\"og:image:width\" content=\"828\" \/>\n\t<meta property=\"og:image:height\" content=\"942\" \/>\n\t<meta property=\"og:image:type\" content=\"image\/jpeg\" \/>\n<meta name=\"author\" content=\"Citlalli Centeno\" \/>\n<meta name=\"twitter:card\" content=\"summary_large_image\" \/>\n<meta name=\"twitter:label1\" content=\"Escrito por\" \/>\n\t<meta name=\"twitter:data1\" content=\"Citlalli Centeno\" \/>\n\t<meta name=\"twitter:label2\" content=\"Tiempo de lectura\" \/>\n\t<meta name=\"twitter:data2\" content=\"2 minutos\" \/>\n<script type=\"application\/ld+json\" class=\"yoast-schema-graph\">{\"@context\":\"https:\/\/schema.org\",\"@graph\":[{\"@type\":\"Article\",\"@id\":\"https:\/\/damekiu.com\/wp\/liga-mx-presenta-su-nuevo-balon\/#article\",\"isPartOf\":{\"@id\":\"https:\/\/damekiu.com\/wp\/liga-mx-presenta-su-nuevo-balon\/\"},\"author\":{\"name\":\"Citlalli Centeno\",\"@id\":\"https:\/\/damekiu.com\/wp\/#\/schema\/person\/023392f432fd2164bd6413ab3ce1783c\"},\"headline\":\"Liga MX presenta el dise\u00f1o de su nuevo bal\u00f3n\",\"datePublished\":\"2024-06-14T20:32:14+00:00\",\"dateModified\":\"2024-06-18T03:40:23+00:00\",\"mainEntityOfPage\":{\"@id\":\"https:\/\/damekiu.com\/wp\/liga-mx-presenta-su-nuevo-balon\/\"},\"wordCount\":325,\"commentCount\":0,\"image\":{\"@id\":\"https:\/\/damekiu.com\/wp\/liga-mx-presenta-su-nuevo-balon\/#primaryimage\"},\"thumbnailUrl\":\"https:\/\/i0.wp.com\/damekiu.com\/wp\/wp-content\/uploads\/2024\/06\/IMG_0073.jpg?fit=828%2C942&ssl=1\",\"keywords\":[\"Liga MX\"],\"articleSection\":[\"Deportes\"],\"inLanguage\":\"es\",\"potentialAction\":[{\"@type\":\"CommentAction\",\"name\":\"Comment\",\"target\":[\"https:\/\/damekiu.com\/wp\/liga-mx-presenta-su-nuevo-balon\/#respond\"]}]},{\"@type\":\"WebPage\",\"@id\":\"https:\/\/damekiu.com\/wp\/liga-mx-presenta-su-nuevo-balon\/\",\"url\":\"https:\/\/damekiu.com\/wp\/liga-mx-presenta-su-nuevo-balon\/\",\"name\":\"Liga MX presenta el dise\u00f1o de su nuevo bal\u00f3n - Dame Kiu\",\"isPartOf\":{\"@id\":\"https:\/\/damekiu.com\/wp\/#website\"},\"primaryImageOfPage\":{\"@id\":\"https:\/\/damekiu.com\/wp\/liga-mx-presenta-su-nuevo-balon\/#primaryimage\"},\"image\":{\"@id\":\"https:\/\/damekiu.com\/wp\/liga-mx-presenta-su-nuevo-balon\/#primaryimage\"},\"thumbnailUrl\":\"https:\/\/i0.wp.com\/damekiu.com\/wp\/wp-content\/uploads\/2024\/06\/IMG_0073.jpg?fit=828%2C942&ssl=1\",\"datePublished\":\"2024-06-14T20:32:14+00:00\",\"dateModified\":\"2024-06-18T03:40:23+00:00\",\"author\":{\"@id\":\"https:\/\/damekiu.com\/wp\/#\/schema\/person\/023392f432fd2164bd6413ab3ce1783c\"},\"description\":\"La Liga MX presenta su nuevo bal\u00f3n de manera oficial este es el nuevo dise\u00f1o de la mano de VOIT para la Temporada 2024 \u2013 2025.\",\"breadcrumb\":{\"@id\":\"https:\/\/damekiu.com\/wp\/liga-mx-presenta-su-nuevo-balon\/#breadcrumb\"},\"inLanguage\":\"es\",\"potentialAction\":[{\"@type\":\"ReadAction\",\"target\":[\"https:\/\/damekiu.com\/wp\/liga-mx-presenta-su-nuevo-balon\/\"]}]},{\"@type\":\"ImageObject\",\"inLanguage\":\"es\",\"@id\":\"https:\/\/damekiu.com\/wp\/liga-mx-presenta-su-nuevo-balon\/#primaryimage\",\"url\":\"https:\/\/i0.wp.com\/damekiu.com\/wp\/wp-content\/uploads\/2024\/06\/IMG_0073.jpg?fit=828%2C942&ssl=1\",\"contentUrl\":\"https:\/\/i0.wp.com\/damekiu.com\/wp\/wp-content\/uploads\/2024\/06\/IMG_0073.jpg?fit=828%2C942&ssl=1\",\"width\":828,\"height\":942,\"caption\":\"Fuente: https:\/\/www.instagram.com\/p\/C8I6jYmMlpD\/?utm_source=ig_web_copy_link\"},{\"@type\":\"BreadcrumbList\",\"@id\":\"https:\/\/damekiu.com\/wp\/liga-mx-presenta-su-nuevo-balon\/#breadcrumb\",\"itemListElement\":[{\"@type\":\"ListItem\",\"position\":1,\"name\":\"Portada\",\"item\":\"https:\/\/damekiu.com\/wp\/\"},{\"@type\":\"ListItem\",\"position\":2,\"name\":\"Liga MX presenta el dise\u00f1o de su nuevo bal\u00f3n\"}]},{\"@type\":\"WebSite\",\"@id\":\"https:\/\/damekiu.com\/wp\/#website\",\"url\":\"https:\/\/damekiu.com\/wp\/\",\"name\":\"Dame Kiu\",\"description\":\"Agencia Informativa digital \",\"potentialAction\":[{\"@type\":\"SearchAction\",\"target\":{\"@type\":\"EntryPoint\",\"urlTemplate\":\"https:\/\/damekiu.com\/wp\/?s={search_term_string}\"},\"query-input\":{\"@type\":\"PropertyValueSpecification\",\"valueRequired\":true,\"valueName\":\"search_term_string\"}}],\"inLanguage\":\"es\"},{\"@type\":\"Person\",\"@id\":\"https:\/\/damekiu.com\/wp\/#\/schema\/person\/023392f432fd2164bd6413ab3ce1783c\",\"name\":\"Citlalli Centeno\",\"image\":{\"@type\":\"ImageObject\",\"inLanguage\":\"es\",\"@id\":\"https:\/\/damekiu.com\/wp\/#\/schema\/person\/image\/\",\"url\":\"https:\/\/secure.gravatar.com\/avatar\/d09072a4e519c14759b287104b2a9e2c20e79782cb145726c8c622157a8ad684?s=96&d=mm&r=g\",\"contentUrl\":\"https:\/\/secure.gravatar.com\/avatar\/d09072a4e519c14759b287104b2a9e2c20e79782cb145726c8c622157a8ad684?s=96&d=mm&r=g\",\"caption\":\"Citlalli Centeno\"},\"url\":\"https:\/\/damekiu.com\/wp\/author\/citlallicenteno\/\"}]}<\/script>\n<!-- \/ Yoast SEO plugin. -->","yoast_head_json":{"title":"Liga MX presenta el dise\u00f1o de su nuevo bal\u00f3n - Dame Kiu","description":"La Liga MX presenta su nuevo bal\u00f3n de manera oficial este es el nuevo dise\u00f1o de la mano de VOIT para la Temporada 2024 \u2013 2025.","robots":{"index":"index","follow":"follow","max-snippet":"max-snippet:-1","max-image-preview":"max-image-preview:large","max-video-preview":"max-video-preview:-1"},"canonical":"https:\/\/damekiu.com\/wp\/liga-mx-presenta-su-nuevo-balon\/","og_locale":"es_ES","og_type":"article","og_title":"Liga MX presenta el dise\u00f1o de su nuevo bal\u00f3n - Dame Kiu","og_description":"La Liga MX presenta su nuevo bal\u00f3n de manera oficial este es el nuevo dise\u00f1o de la mano de VOIT para la Temporada 2024 \u2013 2025.","og_url":"https:\/\/damekiu.com\/wp\/liga-mx-presenta-su-nuevo-balon\/","og_site_name":"Dame Kiu","article_published_time":"2024-06-14T20:32:14+00:00","article_modified_time":"2024-06-18T03:40:23+00:00","og_image":[{"width":828,"height":942,"url":"https:\/\/damekiu.com\/wp\/wp-content\/uploads\/2024\/06\/IMG_0073.jpg","type":"image\/jpeg"}],"author":"Citlalli Centeno","twitter_card":"summary_large_image","twitter_misc":{"Escrito por":"Citlalli Centeno","Tiempo de lectura":"2 minutos"},"schema":{"@context":"https:\/\/schema.org","@graph":[{"@type":"Article","@id":"https:\/\/damekiu.com\/wp\/liga-mx-presenta-su-nuevo-balon\/#article","isPartOf":{"@id":"https:\/\/damekiu.com\/wp\/liga-mx-presenta-su-nuevo-balon\/"},"author":{"name":"Citlalli Centeno","@id":"https:\/\/damekiu.com\/wp\/#\/schema\/person\/023392f432fd2164bd6413ab3ce1783c"},"headline":"Liga MX presenta el dise\u00f1o de su nuevo bal\u00f3n","datePublished":"2024-06-14T20:32:14+00:00","dateModified":"2024-06-18T03:40:23+00:00","mainEntityOfPage":{"@id":"https:\/\/damekiu.com\/wp\/liga-mx-presenta-su-nuevo-balon\/"},"wordCount":325,"commentCount":0,"image":{"@id":"https:\/\/damekiu.com\/wp\/liga-mx-presenta-su-nuevo-balon\/#primaryimage"},"thumbnailUrl":"https:\/\/i0.wp.com\/damekiu.com\/wp\/wp-content\/uploads\/2024\/06\/IMG_0073.jpg?fit=828%2C942&ssl=1","keywords":["Liga MX"],"articleSection":["Deportes"],"inLanguage":"es","potentialAction":[{"@type":"CommentAction","name":"Comment","target":["https:\/\/damekiu.com\/wp\/liga-mx-presenta-su-nuevo-balon\/#respond"]}]},{"@type":"WebPage","@id":"https:\/\/damekiu.com\/wp\/liga-mx-presenta-su-nuevo-balon\/","url":"https:\/\/damekiu.com\/wp\/liga-mx-presenta-su-nuevo-balon\/","name":"Liga MX presenta el dise\u00f1o de su nuevo bal\u00f3n - Dame Kiu","isPartOf":{"@id":"https:\/\/damekiu.com\/wp\/#website"},"primaryImageOfPage":{"@id":"https:\/\/damekiu.com\/wp\/liga-mx-presenta-su-nuevo-balon\/#primaryimage"},"image":{"@id":"https:\/\/damekiu.com\/wp\/liga-mx-presenta-su-nuevo-balon\/#primaryimage"},"thumbnailUrl":"https:\/\/i0.wp.com\/damekiu.com\/wp\/wp-content\/uploads\/2024\/06\/IMG_0073.jpg?fit=828%2C942&ssl=1","datePublished":"2024-06-14T20:32:14+00:00","dateModified":"2024-06-18T03:40:23+00:00","author":{"@id":"https:\/\/damekiu.com\/wp\/#\/schema\/person\/023392f432fd2164bd6413ab3ce1783c"},"description":"La Liga MX presenta su nuevo bal\u00f3n de manera oficial este es el nuevo dise\u00f1o de la mano de VOIT para la Temporada 2024 \u2013 2025.","breadcrumb":{"@id":"https:\/\/damekiu.com\/wp\/liga-mx-presenta-su-nuevo-balon\/#breadcrumb"},"inLanguage":"es","potentialAction":[{"@type":"ReadAction","target":["https:\/\/damekiu.com\/wp\/liga-mx-presenta-su-nuevo-balon\/"]}]},{"@type":"ImageObject","inLanguage":"es","@id":"https:\/\/damekiu.com\/wp\/liga-mx-presenta-su-nuevo-balon\/#primaryimage","url":"https:\/\/i0.wp.com\/damekiu.com\/wp\/wp-content\/uploads\/2024\/06\/IMG_0073.jpg?fit=828%2C942&ssl=1","contentUrl":"https:\/\/i0.wp.com\/damekiu.com\/wp\/wp-content\/uploads\/2024\/06\/IMG_0073.jpg?fit=828%2C942&ssl=1","width":828,"height":942,"caption":"Fuente: https:\/\/www.instagram.com\/p\/C8I6jYmMlpD\/?utm_source=ig_web_copy_link"},{"@type":"BreadcrumbList","@id":"https:\/\/damekiu.com\/wp\/liga-mx-presenta-su-nuevo-balon\/#breadcrumb","itemListElement":[{"@type":"ListItem","position":1,"name":"Portada","item":"https:\/\/damekiu.com\/wp\/"},{"@type":"ListItem","position":2,"name":"Liga MX presenta el dise\u00f1o de su nuevo bal\u00f3n"}]},{"@type":"WebSite","@id":"https:\/\/damekiu.com\/wp\/#website","url":"https:\/\/damekiu.com\/wp\/","name":"Dame Kiu","description":"Agencia Informativa digital ","potentialAction":[{"@type":"SearchAction","target":{"@type":"EntryPoint","urlTemplate":"https:\/\/damekiu.com\/wp\/?s={search_term_string}"},"query-input":{"@type":"PropertyValueSpecification","valueRequired":true,"valueName":"search_term_string"}}],"inLanguage":"es"},{"@type":"Person","@id":"https:\/\/damekiu.com\/wp\/#\/schema\/person\/023392f432fd2164bd6413ab3ce1783c","name":"Citlalli Centeno","image":{"@type":"ImageObject","inLanguage":"es","@id":"https:\/\/damekiu.com\/wp\/#\/schema\/person\/image\/","url":"https:\/\/secure.gravatar.com\/avatar\/d09072a4e519c14759b287104b2a9e2c20e79782cb145726c8c622157a8ad684?s=96&d=mm&r=g","contentUrl":"https:\/\/secure.gravatar.com\/avatar\/d09072a4e519c14759b287104b2a9e2c20e79782cb145726c8c622157a8ad684?s=96&d=mm&r=g","caption":"Citlalli Centeno"},"url":"https:\/\/damekiu.com\/wp\/author\/citlallicenteno\/"}]}},"jetpack_featured_media_url":"https:\/\/i0.wp.com\/damekiu.com\/wp\/wp-content\/uploads\/2024\/06\/IMG_0073.jpg?fit=828%2C942&ssl=1","jetpack_sharing_enabled":true,"jetpack-related-posts":[{"id":10599,"url":"https:\/\/damekiu.com\/wp\/toluca-golea-a-monterrey\/","url_meta":{"origin":2403,"position":0},"title":"Toluca golea a Monterrey en el Estadio Nemesio Diez","author":"Emiliano Cruz","date":"septiembre 25, 2025","format":false,"excerpt":"El Club Deportivo Toluca venci\u00f3 en el Estadio Nemesio Diez a los Rayados de Monterrey de Sergio Ramos y Anthony Martial. El conjunto dirigido por Antonio \u201cTurco\u201d Mohamed, dio un golpe sobre la mesa al vencer contundentemente al plantel considerado como el mejor de toda la Liga Mx. Con un\u2026","rel":"","context":"En \u00abDeportes\u00bb","block_context":{"text":"Deportes","link":"https:\/\/damekiu.com\/wp\/category\/deportes\/"},"img":{"alt_text":"Toluca golea a Monterrey","src":"https:\/\/i0.wp.com\/damekiu.com\/wp\/wp-content\/uploads\/2025\/09\/Diseno-sin-titulo-10.jpg?fit=1200%2C675&ssl=1&resize=350%2C200","width":350,"height":200,"srcset":"https:\/\/i0.wp.com\/damekiu.com\/wp\/wp-content\/uploads\/2025\/09\/Diseno-sin-titulo-10.jpg?fit=1200%2C675&ssl=1&resize=350%2C200 1x, https:\/\/i0.wp.com\/damekiu.com\/wp\/wp-content\/uploads\/2025\/09\/Diseno-sin-titulo-10.jpg?fit=1200%2C675&ssl=1&resize=525%2C300 1.5x, https:\/\/i0.wp.com\/damekiu.com\/wp\/wp-content\/uploads\/2025\/09\/Diseno-sin-titulo-10.jpg?fit=1200%2C675&ssl=1&resize=700%2C400 2x, https:\/\/i0.wp.com\/damekiu.com\/wp\/wp-content\/uploads\/2025\/09\/Diseno-sin-titulo-10.jpg?fit=1200%2C675&ssl=1&resize=1050%2C600 3x"},"classes":[]},{"id":10067,"url":"https:\/\/damekiu.com\/wp\/tuzas-del-pachuca-son-campeonas-de-la-liga-mx-femenil\/","url_meta":{"origin":2403,"position":1},"title":"Tuzas del Pachuca son campeonas de la Liga MX Femenil","author":"Max Macotela","date":"mayo 12, 2025","format":false,"excerpt":"Las Tuzas del Pachuca son campeonas de la Liga MX Femenil en este Clausura 2025 despu\u00e9s de un resultado global 3-2 contra el Am\u00e9rica, as\u00ed concluyendo una temporada repleta de enfrentamientos memorables para el conjunto \u2018tuzo\u2019 quien levanta su primera copa de la liga. \u00a0 Ver esta publicaci\u00f3n en Instagram\u2026","rel":"","context":"En \u00abDeportes\u00bb","block_context":{"text":"Deportes","link":"https:\/\/damekiu.com\/wp\/category\/deportes\/"},"img":{"alt_text":"Tuzas del Pachuca son campeonas de la Liga MX Femenil","src":"https:\/\/i0.wp.com\/damekiu.com\/wp\/wp-content\/uploads\/2025\/05\/pachuca.png?fit=1148%2C674&ssl=1&resize=350%2C200","width":350,"height":200,"srcset":"https:\/\/i0.wp.com\/damekiu.com\/wp\/wp-content\/uploads\/2025\/05\/pachuca.png?fit=1148%2C674&ssl=1&resize=350%2C200 1x, https:\/\/i0.wp.com\/damekiu.com\/wp\/wp-content\/uploads\/2025\/05\/pachuca.png?fit=1148%2C674&ssl=1&resize=525%2C300 1.5x, https:\/\/i0.wp.com\/damekiu.com\/wp\/wp-content\/uploads\/2025\/05\/pachuca.png?fit=1148%2C674&ssl=1&resize=700%2C400 2x, https:\/\/i0.wp.com\/damekiu.com\/wp\/wp-content\/uploads\/2025\/05\/pachuca.png?fit=1148%2C674&ssl=1&resize=1050%2C600 3x"},"classes":[]},{"id":8459,"url":"https:\/\/damekiu.com\/wp\/nuevo-formato-de-la-leagues-cup\/","url_meta":{"origin":2403,"position":2},"title":"Ya se present\u00f3 el nuevo formato de la Leagues Cup 2025","author":"Sebasti\u00e1n Ben\u00edtez","date":"enero 31, 2025","format":false,"excerpt":"Despu\u00e9s de algunas ediciones con bastantes cr\u00edticas por parte de clubes y aficionados, los organizadores decidieron implementar cambios para la edici\u00f3n de este a\u00f1o. El comit\u00e9 organizador present\u00f3 el nuevo formato de la Leagues Cup. Del 29 de julio hasta el 31 de agosto los equipos de la Liga Mx\u2026","rel":"","context":"En \u00abDeportes\u00bb","block_context":{"text":"Deportes","link":"https:\/\/damekiu.com\/wp\/category\/deportes\/"},"img":{"alt_text":"nuevo formato de la Leagues Cup","src":"https:\/\/i0.wp.com\/damekiu.com\/wp\/wp-content\/uploads\/2025\/01\/nuevo-formato-de-la-Leagues-Cup.png?fit=1024%2C768&ssl=1&resize=350%2C200","width":350,"height":200,"srcset":"https:\/\/i0.wp.com\/damekiu.com\/wp\/wp-content\/uploads\/2025\/01\/nuevo-formato-de-la-Leagues-Cup.png?fit=1024%2C768&ssl=1&resize=350%2C200 1x, https:\/\/i0.wp.com\/damekiu.com\/wp\/wp-content\/uploads\/2025\/01\/nuevo-formato-de-la-Leagues-Cup.png?fit=1024%2C768&ssl=1&resize=525%2C300 1.5x, https:\/\/i0.wp.com\/damekiu.com\/wp\/wp-content\/uploads\/2025\/01\/nuevo-formato-de-la-Leagues-Cup.png?fit=1024%2C768&ssl=1&resize=700%2C400 2x"},"classes":[]},{"id":10787,"url":"https:\/\/damekiu.com\/wp\/toluca-y-cruz-azul-reparten-puntos-en-el-nemesio-diez\/","url_meta":{"origin":2403,"position":3},"title":"Toluca y Cruz Azul reparten puntos en el Nemesio Diez","author":"Emiliano Cruz","date":"febrero 8, 2026","format":false,"excerpt":"Los Diablos Rojos de Toluca se midieron en la cancha del Estadio Nemesio Diez, ante la m\u00e1quina celeste de la Cruz Azul en el partido correspondiente a la jornada 5 del torneo Clausura 2026 de la Liga BBVA MX. Con goles de Paulinho por parte de los diablos y de\u2026","rel":"","context":"En \u00abDeportes\u00bb","block_context":{"text":"Deportes","link":"https:\/\/damekiu.com\/wp\/category\/deportes\/"},"img":{"alt_text":"","src":"https:\/\/i0.wp.com\/damekiu.com\/wp\/wp-content\/uploads\/2026\/02\/PORTADAS-NACION-4.png?fit=1000%2C600&ssl=1&resize=350%2C200","width":350,"height":200,"srcset":"https:\/\/i0.wp.com\/damekiu.com\/wp\/wp-content\/uploads\/2026\/02\/PORTADAS-NACION-4.png?fit=1000%2C600&ssl=1&resize=350%2C200 1x, https:\/\/i0.wp.com\/damekiu.com\/wp\/wp-content\/uploads\/2026\/02\/PORTADAS-NACION-4.png?fit=1000%2C600&ssl=1&resize=525%2C300 1.5x, https:\/\/i0.wp.com\/damekiu.com\/wp\/wp-content\/uploads\/2026\/02\/PORTADAS-NACION-4.png?fit=1000%2C600&ssl=1&resize=700%2C400 2x"},"classes":[]},{"id":9310,"url":"https:\/\/damekiu.com\/wp\/jornada-rompe-quinielas-de-la-liga-mx\/","url_meta":{"origin":2403,"position":4},"title":"Jornada rompe quinielas de la Liga MX","author":"Diana Arce","date":"febrero 26, 2025","format":false,"excerpt":"La jornada rompe quinielas de la Liga MX fue la numero nueve de 17 del Clausura 2025, jug\u00e1ndose a media semana y sin duda con resultados inesperados\u2026 Iniciando con el partido entre Tigres vs Ju\u00e1rez, en el que el favorito sin duda era Tigres. Sin embargo, aunque el cuadro felino\u2026","rel":"","context":"En \u00abDeportes\u00bb","block_context":{"text":"Deportes","link":"https:\/\/damekiu.com\/wp\/category\/deportes\/"},"img":{"alt_text":"Jornada rompe quinielas de la Liga MX","src":"https:\/\/i0.wp.com\/damekiu.com\/wp\/wp-content\/uploads\/2025\/02\/AA95CDB1-33FA-40FF-9721-6F6DAAA7F0C9.png?fit=1024%2C768&ssl=1&resize=350%2C200","width":350,"height":200,"srcset":"https:\/\/i0.wp.com\/damekiu.com\/wp\/wp-content\/uploads\/2025\/02\/AA95CDB1-33FA-40FF-9721-6F6DAAA7F0C9.png?fit=1024%2C768&ssl=1&resize=350%2C200 1x, https:\/\/i0.wp.com\/damekiu.com\/wp\/wp-content\/uploads\/2025\/02\/AA95CDB1-33FA-40FF-9721-6F6DAAA7F0C9.png?fit=1024%2C768&ssl=1&resize=525%2C300 1.5x, https:\/\/i0.wp.com\/damekiu.com\/wp\/wp-content\/uploads\/2025\/02\/AA95CDB1-33FA-40FF-9721-6F6DAAA7F0C9.png?fit=1024%2C768&ssl=1&resize=700%2C400 2x"},"classes":[]},{"id":5219,"url":"https:\/\/damekiu.com\/wp\/america-logro-un-empate-ante-el-necaxa\/","url_meta":{"origin":2403,"position":5},"title":"Am\u00e9rica logr\u00f3 un empate ante el Necaxa","author":"Regina Balderas","date":"septiembre 22, 2024","format":false,"excerpt":"En la jornada 9 de la Liga BBVA MX, el Am\u00e9rica logr\u00f3 un empate en los \u00faltimos minutos del partido, quedando 1-1 ante el Necaxa. Siendo un partido muy re\u00f1ido, en el minuto 38, Necaxa puso el marcador a su favor, puesto que Palavecino anot\u00f3 el primer gol, aunque para\u2026","rel":"","context":"En \u00abDeportes\u00bb","block_context":{"text":"Deportes","link":"https:\/\/damekiu.com\/wp\/category\/deportes\/"},"img":{"alt_text":"Am\u00e9rica logr\u00f3 un empate ante el Necaxa","src":"https:\/\/i0.wp.com\/damekiu.com\/wp\/wp-content\/uploads\/2024\/09\/Diseno-sin-titulo-18.png?fit=1024%2C768&ssl=1&resize=350%2C200","width":350,"height":200,"srcset":"https:\/\/i0.wp.com\/damekiu.com\/wp\/wp-content\/uploads\/2024\/09\/Diseno-sin-titulo-18.png?fit=1024%2C768&ssl=1&resize=350%2C200 1x, https:\/\/i0.wp.com\/damekiu.com\/wp\/wp-content\/uploads\/2024\/09\/Diseno-sin-titulo-18.png?fit=1024%2C768&ssl=1&resize=525%2C300 1.5x, https:\/\/i0.wp.com\/damekiu.com\/wp\/wp-content\/uploads\/2024\/09\/Diseno-sin-titulo-18.png?fit=1024%2C768&ssl=1&resize=700%2C400 2x"},"classes":[]}],"_links":{"self":[{"href":"https:\/\/damekiu.com\/wp\/wp-json\/wp\/v2\/posts\/2403","targetHints":{"allow":["GET"]}}],"collection":[{"href":"https:\/\/damekiu.com\/wp\/wp-json\/wp\/v2\/posts"}],"about":[{"href":"https:\/\/damekiu.com\/wp\/wp-json\/wp\/v2\/types\/post"}],"author":[{"embeddable":true,"href":"https:\/\/damekiu.com\/wp\/wp-json\/wp\/v2\/users\/28"}],"replies":[{"embeddable":true,"href":"https:\/\/damekiu.com\/wp\/wp-json\/wp\/v2\/comments?post=2403"}],"version-history":[{"count":6,"href":"https:\/\/damekiu.com\/wp\/wp-json\/wp\/v2\/posts\/2403\/revisions"}],"predecessor-version":[{"id":2541,"href":"https:\/\/damekiu.com\/wp\/wp-json\/wp\/v2\/posts\/2403\/revisions\/2541"}],"wp:featuredmedia":[{"embeddable":true,"href":"https:\/\/damekiu.com\/wp\/wp-json\/wp\/v2\/media\/2434"}],"wp:attachment":[{"href":"https:\/\/damekiu.com\/wp\/wp-json\/wp\/v2\/media?parent=2403"}],"wp:term":[{"taxonomy":"category","embeddable":true,"href":"https:\/\/damekiu.com\/wp\/wp-json\/wp\/v2\/categories?post=2403"},{"taxonomy":"post_tag","embeddable":true,"href":"https:\/\/damekiu.com\/wp\/wp-json\/wp\/v2\/tags?post=2403"}],"curies":[{"name":"wp","href":"https:\/\/api.w.org\/{rel}","templated":true}]}}