{"id":1995,"date":"2024-06-08T21:59:40","date_gmt":"2024-06-09T03:59:40","guid":{"rendered":"https:\/\/damekiu.com\/wp\/?p=1995"},"modified":"2024-06-13T11:08:48","modified_gmt":"2024-06-13T17:08:48","slug":"danny-ocean-dio-el-concierto-mas-grande-de-su-carrera","status":"publish","type":"post","link":"https:\/\/damekiu.com\/wp\/danny-ocean-dio-el-concierto-mas-grande-de-su-carrera\/","title":{"rendered":"\u00a1M\u00e9xico siempre da suerte! Danny Ocean di\u00f3 el concierto m\u00e1s grande de su carrera"},"content":{"rendered":"<p style=\"text-align: justify;\"><span style=\"font-weight: 400;\">El cantante y compositor mexicano,<\/span><b> Danny Ocean<\/b><span style=\"font-weight: 400;\"> di\u00f3 el concierto m\u00e1s grande de su carrera, este fin de semana en la Ciudad de M\u00e9xico, logrando una venta sold out de dos d\u00edas.<\/span><\/p>\n<p style=\"text-align: justify;\"><span style=\"font-weight: 400;\">El concierto se llev\u00f3 a cabo en el <\/span><b>Palacio de los Deportes,<\/b><span style=\"font-weight: 400;\"> donde present\u00f3 su gira <\/span><b><i>Reflexa Tour 2024<\/i><\/b><span style=\"font-weight: 400;\">, desde el inicio conect\u00f3 con el p\u00fablico cuando comenz\u00f3 con <strong>\u201c<\/strong><\/span><strong><i>M\u00f3naco<\/i><\/strong><span style=\"font-weight: 400;\"><strong>\u201d<\/strong> y posteriormente regal\u00f3 unas palabras.<\/span><\/p>\n<blockquote><p><span style=\"font-weight: 400;\">\u201cNo lo puedo creer que estamos aqu\u00ed en el Palacio de los Deportes, <\/span><b>este es el show m\u00e1s grande e importante de mi carrera<\/b><span style=\"font-weight: 400;\"> hasta ahora, por eso gracias Ciudad de M\u00e9xico por hacerme sentir como en casa. Es un honor y un placer para nosotros estar aqu\u00ed esta noche con ustedes\u201d, expres\u00f3 el cantante.<\/span><\/p><\/blockquote>\n<p style=\"text-align: justify;\"><span style=\"font-weight: 400;\">As\u00ed mismo antes de continuar con el show, el cantante dio a conocer tres reglas para disfrutar del concierto: <\/span><span style=\"font-weight: 400;\">La primera consisti\u00f3 en respetar el espacio de cada uno; la segunda las parejas pod\u00edan sentirse libres y besarse, por \u00faltimo la tercera, dejar los problemas fuera del recinto y disfrutar el espect\u00e1culo.<\/span><\/p>\n<p style=\"text-align: justify;\"><span style=\"font-weight: 400;\">Despu\u00e9s empez\u00f3 una verdadera fiesta en el recinto, la interpretar sus temas m\u00e1s exitosos como \u201cTel Aviv\u201d, \u201cVolare\u201d, \u201cEpa Wei\u201d, \u201cAMOR\u201d, \u201cLa idea de amarme\u201d, \u201cFerrari\u201d, \u201cFuera del mercado\u201d, \u201cTauro y Piscis\u201d, \u201cCuando me acerco a ti\u201d, \u201cLey universal\u201d, \u201cVeneno\u201d, \u201cCero condiciones\u201d, \u201cIstanbul\u201d, \u201cVuelve\u201d, \u201cNo te enamores de \u00e9l\u201d, \u201cSwing\u201d, \u201cSi no no\u201d y \u201cDembow\u201d.<\/span><\/p>\n<p style=\"text-align: justify;\"><span style=\"font-weight: 400;\">Cada canci\u00f3n logr\u00f3 que el p\u00fablico no dejara de cantar ni de bailar, demostrando que es uno de los artistas con m\u00e1s fans y queridos de la m\u00fasica latina actual.<\/span><\/p>\n<p style=\"text-align: justify;\"><span style=\"font-weight: 400;\">Tras 1 hora y media de concierto, el venezolano cerr\u00f3 su concierto con el tema que lo volvi\u00f3 viral en su carrera, <strong><em>\u201cMe reh\u00faso\u201d<\/em><\/strong>, donde coment\u00f3 unas palabras antes de interpretar el tema.<\/span><\/p>\n<p style=\"text-align: justify;\"><span style=\"font-weight: 400;\">\u201cHace siete a\u00f1os hice una canci\u00f3n, creo que todos aqu\u00ed saben cu\u00e1l es, fue una canci\u00f3n que escrib\u00ed para alguien que me cost\u00f3 dejar atr\u00e1s cuando tuve que salir de mi pa\u00eds en busca de un nuevo futuro. Me acuerdo que al principio la canci\u00f3n cuando la puse en las plataformas comenz\u00f3 a hacerse viral, una locura, en mi pa\u00eds.<\/span><\/p>\n<blockquote><p><span style=\"font-weight: 400;\">Luego empez\u00f3 a bajar a Ecuador, Per\u00fa, y luego subi\u00f3 por Panam\u00e1, Costa Rica, Nicaragua, pero cuando entr\u00f3 en M\u00e9xico fue una locura, ustedes me cambiaron la vida muchachos, quiero que lo sepan. Estoy muy agradecido por c\u00f3mo me han recibido desde el d\u00eda n\u00famero uno, mi coraz\u00f3n es de ustedes, completamente de ustedes\u201d, coment\u00f3 el cantante.<\/span><\/p><\/blockquote>\n<blockquote class=\"instagram-media\" style=\"background: #FFF; border: 0; border-radius: 3px; box-shadow: 0 0 1px 0 rgba(0,0,0,0.5),0 1px 10px 0 rgba(0,0,0,0.15); margin: 1px; max-width: 540px; min-width: 326px; padding: 0; width: calc(100% - 2px);\" data-instgrm-captioned=\"\" data-instgrm-permalink=\"https:\/\/www.instagram.com\/p\/CzuGYrtOmZJ\/?utm_source=ig_embed&amp;utm_campaign=loading\" data-instgrm-version=\"14\">\n<div style=\"padding: 16px;\">\n<p>&nbsp;<\/p>\n<div style=\"display: flex; flex-direction: row; align-items: center;\">\n<div style=\"background-color: #f4f4f4; border-radius: 50%; flex-grow: 0; height: 40px; margin-right: 14px; width: 40px;\"><\/div>\n<div style=\"display: flex; flex-direction: column; flex-grow: 1; justify-content: center;\">\n<div style=\"background-color: #f4f4f4; border-radius: 4px; flex-grow: 0; height: 14px; margin-bottom: 6px; width: 100px;\"><\/div>\n<div style=\"background-color: #f4f4f4; border-radius: 4px; flex-grow: 0; height: 14px; width: 60px;\"><\/div>\n<\/div>\n<\/div>\n<div style=\"padding: 19% 0;\"><\/div>\n<div style=\"display: block; height: 50px; margin: 0 auto 12px; width: 50px;\"><\/div>\n<div style=\"padding-top: 8px;\">\n<div style=\"color: #3897f0; font-family: Arial,sans-serif; font-size: 14px; font-style: normal; font-weight: 550; line-height: 18px;\">Ver esta publicaci\u00f3n en Instagram<\/div>\n<\/div>\n<div style=\"padding: 12.5% 0;\"><\/div>\n<div style=\"display: flex; flex-direction: row; margin-bottom: 14px; align-items: center;\">\n<div>\n<div style=\"background-color: #f4f4f4; border-radius: 50%; height: 12.5px; width: 12.5px; transform: translateX(0px) translateY(7px);\"><\/div>\n<div style=\"background-color: #f4f4f4; height: 12.5px; transform: rotate(-45deg) translateX(3px) translateY(1px); width: 12.5px; flex-grow: 0; margin-right: 14px; margin-left: 2px;\"><\/div>\n<div style=\"background-color: #f4f4f4; border-radius: 50%; height: 12.5px; width: 12.5px; transform: translateX(9px) translateY(-18px);\"><\/div>\n<\/div>\n<div style=\"margin-left: 8px;\">\n<div style=\"background-color: #f4f4f4; border-radius: 50%; flex-grow: 0; height: 20px; width: 20px;\"><\/div>\n<div style=\"width: 0; height: 0; border-top: 2px solid transparent; border-left: 6px solid #f4f4f4; border-bottom: 2px solid transparent; transform: translateX(16px) translateY(-4px) rotate(30deg);\"><\/div>\n<\/div>\n<div style=\"margin-left: auto;\">\n<div style=\"width: 0px; border-top: 8px solid #F4F4F4; border-right: 8px solid transparent; transform: translateY(16px);\"><\/div>\n<div style=\"background-color: #f4f4f4; flex-grow: 0; height: 12px; width: 16px; transform: translateY(-4px);\"><\/div>\n<div style=\"width: 0; height: 0; border-top: 8px solid #F4F4F4; border-left: 8px solid transparent; transform: translateY(-4px) translateX(8px);\"><\/div>\n<\/div>\n<\/div>\n<div style=\"display: flex; flex-direction: column; flex-grow: 1; justify-content: center; margin-bottom: 24px;\">\n<div style=\"background-color: #f4f4f4; border-radius: 4px; flex-grow: 0; height: 14px; margin-bottom: 6px; width: 224px;\"><\/div>\n<div style=\"background-color: #f4f4f4; border-radius: 4px; flex-grow: 0; height: 14px; width: 144px;\"><\/div>\n<\/div>\n<p>&nbsp;<\/p>\n<p style=\"color: #c9c8cd; font-family: Arial,sans-serif; font-size: 14px; line-height: 17px; margin-bottom: 0; margin-top: 8px; overflow: hidden; padding: 8px 0 7px; text-align: center; text-overflow: ellipsis; white-space: nowrap;\"><a style=\"color: #c9c8cd; font-family: Arial,sans-serif; font-size: 14px; font-style: normal; font-weight: normal; line-height: 17px; text-decoration: none;\" href=\"https:\/\/www.instagram.com\/p\/CzuGYrtOmZJ\/?utm_source=ig_embed&amp;utm_campaign=loading\" target=\"_blank\" rel=\"noopener\">Una publicaci\u00f3n compartida por Danny Ocean (@dannocean)<\/a><\/p>\n<\/div>\n<\/blockquote>\n<p style=\"text-align: justify;\"><script async src=\"\/\/www.instagram.com\/embed.js\"><\/script><\/p>\n<p style=\"text-align: justify;\"><span style=\"font-weight: 400;\">As\u00ed fue como <strong>Danny Ocean<\/strong> dio el concierto m\u00e1s grande de su carrera, el 7 de junio en la primera fecha de dos <a href=\"https:\/\/damekiu.com\/wp\/victorias-secret-fashion-show-esta-de-regreso\/\">shows<\/a> programados en la Ciudad de M\u00e9xico.\u00a0<\/span><\/p>\n<p style=\"text-align: justify;\"><span style=\"font-weight: 400;\">Su gira continua por Le\u00f3n, Toluca, Quer\u00e9taro, Pachuca, Hermosillo y M\u00e9rida.<\/span><\/p>\n<p>&nbsp;<\/p>\n","protected":false},"excerpt":{"rendered":"<p>El cantante y compositor mexicano, Danny Ocean di\u00f3 el concierto m\u00e1s grande de su carrera, este fin de semana en<\/p>\n","protected":false},"author":16,"featured_media":1996,"comment_status":"open","ping_status":"open","sticky":false,"template":"","format":"standard","meta":{"colormag_page_container_layout":"default_layout","colormag_page_sidebar_layout":"default_layout","_jetpack_memberships_contains_paid_content":false,"footnotes":""},"categories":[50],"tags":[120,191,127],"class_list":["post-1995","post","type-post","status-publish","format-standard","has-post-thumbnail","hentry","category-espectaculos","tag-que-hacer","tag-conciertos","tag-dame-kiu"],"magazineBlocksPostFeaturedMedia":{"thumbnail":"https:\/\/i0.wp.com\/damekiu.com\/wp\/wp-content\/uploads\/2024\/06\/Diseno-sin-titulo-2-1.jpg?resize=150%2C150&ssl=1","medium":"https:\/\/i0.wp.com\/damekiu.com\/wp\/wp-content\/uploads\/2024\/06\/Diseno-sin-titulo-2-1.jpg?fit=300%2C225&ssl=1","medium_large":"https:\/\/i0.wp.com\/damekiu.com\/wp\/wp-content\/uploads\/2024\/06\/Diseno-sin-titulo-2-1.jpg?fit=768%2C576&ssl=1","large":"https:\/\/i0.wp.com\/damekiu.com\/wp\/wp-content\/uploads\/2024\/06\/Diseno-sin-titulo-2-1.jpg?fit=800%2C600&ssl=1","1536x1536":"https:\/\/i0.wp.com\/damekiu.com\/wp\/wp-content\/uploads\/2024\/06\/Diseno-sin-titulo-2-1.jpg?fit=1024%2C768&ssl=1","2048x2048":"https:\/\/i0.wp.com\/damekiu.com\/wp\/wp-content\/uploads\/2024\/06\/Diseno-sin-titulo-2-1.jpg?fit=1024%2C768&ssl=1","colormag-highlighted-post":"https:\/\/i0.wp.com\/damekiu.com\/wp\/wp-content\/uploads\/2024\/06\/Diseno-sin-titulo-2-1.jpg?resize=392%2C272&ssl=1","colormag-featured-post-medium":"https:\/\/i0.wp.com\/damekiu.com\/wp\/wp-content\/uploads\/2024\/06\/Diseno-sin-titulo-2-1.jpg?resize=390%2C205&ssl=1","colormag-featured-post-small":"https:\/\/i0.wp.com\/damekiu.com\/wp\/wp-content\/uploads\/2024\/06\/Diseno-sin-titulo-2-1.jpg?resize=130%2C90&ssl=1","colormag-featured-image":"https:\/\/i0.wp.com\/damekiu.com\/wp\/wp-content\/uploads\/2024\/06\/Diseno-sin-titulo-2-1.jpg?resize=800%2C445&ssl=1","colormag-default-news":"https:\/\/i0.wp.com\/damekiu.com\/wp\/wp-content\/uploads\/2024\/06\/Diseno-sin-titulo-2-1.jpg?resize=150%2C150&ssl=1","colormag-featured-image-large":"https:\/\/i0.wp.com\/damekiu.com\/wp\/wp-content\/uploads\/2024\/06\/Diseno-sin-titulo-2-1.jpg?resize=1024%2C600&ssl=1"},"magazineBlocksPostAuthor":{"name":"Regina Balderas","avatar":"https:\/\/secure.gravatar.com\/avatar\/7f4c6c32784de6eaa742a44c55c45ccec6153540bd1ac8d1ab1438b180d3e52a?s=96&d=mm&r=g"},"magazineBlocksPostCommentsNumber":"0","magazineBlocksPostExcerpt":"El cantante y compositor mexicano, Danny Ocean di\u00f3 el concierto m\u00e1s grande de su carrera, este fin de semana en","magazineBlocksPostCategories":["Espect\u00e1culos"],"magazineBlocksPostViewCount":564,"magazineBlocksPostReadTime":3,"magazine_blocks_featured_image_url":{"full":["https:\/\/i0.wp.com\/damekiu.com\/wp\/wp-content\/uploads\/2024\/06\/Diseno-sin-titulo-2-1.jpg?fit=1024%2C768&ssl=1",1024,768,false],"medium":["https:\/\/i0.wp.com\/damekiu.com\/wp\/wp-content\/uploads\/2024\/06\/Diseno-sin-titulo-2-1.jpg?fit=300%2C225&ssl=1",300,225,true],"thumbnail":["https:\/\/i0.wp.com\/damekiu.com\/wp\/wp-content\/uploads\/2024\/06\/Diseno-sin-titulo-2-1.jpg?resize=150%2C150&ssl=1",150,150,true]},"magazine_blocks_author":{"display_name":"Regina Balderas","author_link":"https:\/\/damekiu.com\/wp\/author\/reginaguzman\/"},"magazine_blocks_comment":0,"magazine_blocks_author_image":"https:\/\/secure.gravatar.com\/avatar\/7f4c6c32784de6eaa742a44c55c45ccec6153540bd1ac8d1ab1438b180d3e52a?s=96&d=mm&r=g","magazine_blocks_category":"<a href=\"#\" class=\"category-link category-link-50\">Espect\u00e1culos<\/a>","yoast_head":"<!-- This site is optimized with the Yoast SEO plugin v27.1.1 - https:\/\/yoast.com\/product\/yoast-seo-wordpress\/ -->\n<title>\u00a1M\u00e9xico siempre da suerte! Danny Ocean di\u00f3 el concierto m\u00e1s grande de su carrera - Dame Kiu<\/title>\n<meta name=\"description\" content=\"El cantante venezolano, Danny Ocean di\u00f3 el concierto m\u00e1s grande de su carrera, este fin de semana en la Ciudad de M\u00e9xico.\" \/>\n<meta name=\"robots\" content=\"index, follow, max-snippet:-1, max-image-preview:large, max-video-preview:-1\" \/>\n<link rel=\"canonical\" href=\"https:\/\/damekiu.com\/wp\/danny-ocean-dio-el-concierto-mas-grande-de-su-carrera\/\" \/>\n<meta property=\"og:locale\" content=\"es_ES\" \/>\n<meta property=\"og:type\" content=\"article\" \/>\n<meta property=\"og:title\" content=\"\u00a1M\u00e9xico siempre da suerte! Danny Ocean di\u00f3 el concierto m\u00e1s grande de su carrera - Dame Kiu\" \/>\n<meta property=\"og:description\" content=\"El cantante venezolano, Danny Ocean di\u00f3 el concierto m\u00e1s grande de su carrera, este fin de semana en la Ciudad de M\u00e9xico.\" \/>\n<meta property=\"og:url\" content=\"https:\/\/damekiu.com\/wp\/danny-ocean-dio-el-concierto-mas-grande-de-su-carrera\/\" \/>\n<meta property=\"og:site_name\" content=\"Dame Kiu\" \/>\n<meta property=\"article:published_time\" content=\"2024-06-09T03:59:40+00:00\" \/>\n<meta property=\"article:modified_time\" content=\"2024-06-13T17:08:48+00:00\" \/>\n<meta property=\"og:image\" content=\"https:\/\/damekiu.com\/wp\/wp-content\/uploads\/2024\/06\/Diseno-sin-titulo-2-1.jpg\" \/>\n\t<meta property=\"og:image:width\" content=\"1024\" \/>\n\t<meta property=\"og:image:height\" content=\"768\" \/>\n\t<meta property=\"og:image:type\" content=\"image\/jpeg\" \/>\n<meta name=\"author\" content=\"Regina Balderas\" \/>\n<meta name=\"twitter:card\" content=\"summary_large_image\" \/>\n<meta name=\"twitter:label1\" content=\"Escrito por\" \/>\n\t<meta name=\"twitter:data1\" content=\"Regina Balderas\" \/>\n\t<meta name=\"twitter:label2\" content=\"Tiempo de lectura\" \/>\n\t<meta name=\"twitter:data2\" content=\"2 minutos\" \/>\n<script type=\"application\/ld+json\" class=\"yoast-schema-graph\">{\"@context\":\"https:\/\/schema.org\",\"@graph\":[{\"@type\":\"Article\",\"@id\":\"https:\/\/damekiu.com\/wp\/danny-ocean-dio-el-concierto-mas-grande-de-su-carrera\/#article\",\"isPartOf\":{\"@id\":\"https:\/\/damekiu.com\/wp\/danny-ocean-dio-el-concierto-mas-grande-de-su-carrera\/\"},\"author\":{\"name\":\"Regina Balderas\",\"@id\":\"https:\/\/damekiu.com\/wp\/#\/schema\/person\/f9c62fa6373a1abf436603817b07490d\"},\"headline\":\"\u00a1M\u00e9xico siempre da suerte! Danny Ocean di\u00f3 el concierto m\u00e1s grande de su carrera\",\"datePublished\":\"2024-06-09T03:59:40+00:00\",\"dateModified\":\"2024-06-13T17:08:48+00:00\",\"mainEntityOfPage\":{\"@id\":\"https:\/\/damekiu.com\/wp\/danny-ocean-dio-el-concierto-mas-grande-de-su-carrera\/\"},\"wordCount\":514,\"commentCount\":0,\"image\":{\"@id\":\"https:\/\/damekiu.com\/wp\/danny-ocean-dio-el-concierto-mas-grande-de-su-carrera\/#primaryimage\"},\"thumbnailUrl\":\"https:\/\/i0.wp.com\/damekiu.com\/wp\/wp-content\/uploads\/2024\/06\/Diseno-sin-titulo-2-1.jpg?fit=1024%2C768&ssl=1\",\"keywords\":[\"\u00bfQu\u00e9 hacer?\",\"Conciertos\",\"Dame Kiu\"],\"articleSection\":[\"Espect\u00e1culos\"],\"inLanguage\":\"es\",\"potentialAction\":[{\"@type\":\"CommentAction\",\"name\":\"Comment\",\"target\":[\"https:\/\/damekiu.com\/wp\/danny-ocean-dio-el-concierto-mas-grande-de-su-carrera\/#respond\"]}]},{\"@type\":\"WebPage\",\"@id\":\"https:\/\/damekiu.com\/wp\/danny-ocean-dio-el-concierto-mas-grande-de-su-carrera\/\",\"url\":\"https:\/\/damekiu.com\/wp\/danny-ocean-dio-el-concierto-mas-grande-de-su-carrera\/\",\"name\":\"\u00a1M\u00e9xico siempre da suerte! Danny Ocean di\u00f3 el concierto m\u00e1s grande de su carrera - Dame Kiu\",\"isPartOf\":{\"@id\":\"https:\/\/damekiu.com\/wp\/#website\"},\"primaryImageOfPage\":{\"@id\":\"https:\/\/damekiu.com\/wp\/danny-ocean-dio-el-concierto-mas-grande-de-su-carrera\/#primaryimage\"},\"image\":{\"@id\":\"https:\/\/damekiu.com\/wp\/danny-ocean-dio-el-concierto-mas-grande-de-su-carrera\/#primaryimage\"},\"thumbnailUrl\":\"https:\/\/i0.wp.com\/damekiu.com\/wp\/wp-content\/uploads\/2024\/06\/Diseno-sin-titulo-2-1.jpg?fit=1024%2C768&ssl=1\",\"datePublished\":\"2024-06-09T03:59:40+00:00\",\"dateModified\":\"2024-06-13T17:08:48+00:00\",\"author\":{\"@id\":\"https:\/\/damekiu.com\/wp\/#\/schema\/person\/f9c62fa6373a1abf436603817b07490d\"},\"description\":\"El cantante venezolano, Danny Ocean di\u00f3 el concierto m\u00e1s grande de su carrera, este fin de semana en la Ciudad de M\u00e9xico.\",\"breadcrumb\":{\"@id\":\"https:\/\/damekiu.com\/wp\/danny-ocean-dio-el-concierto-mas-grande-de-su-carrera\/#breadcrumb\"},\"inLanguage\":\"es\",\"potentialAction\":[{\"@type\":\"ReadAction\",\"target\":[\"https:\/\/damekiu.com\/wp\/danny-ocean-dio-el-concierto-mas-grande-de-su-carrera\/\"]}]},{\"@type\":\"ImageObject\",\"inLanguage\":\"es\",\"@id\":\"https:\/\/damekiu.com\/wp\/danny-ocean-dio-el-concierto-mas-grande-de-su-carrera\/#primaryimage\",\"url\":\"https:\/\/i0.wp.com\/damekiu.com\/wp\/wp-content\/uploads\/2024\/06\/Diseno-sin-titulo-2-1.jpg?fit=1024%2C768&ssl=1\",\"contentUrl\":\"https:\/\/i0.wp.com\/damekiu.com\/wp\/wp-content\/uploads\/2024\/06\/Diseno-sin-titulo-2-1.jpg?fit=1024%2C768&ssl=1\",\"width\":1024,\"height\":768,\"caption\":\"Fuente: OCESA\"},{\"@type\":\"BreadcrumbList\",\"@id\":\"https:\/\/damekiu.com\/wp\/danny-ocean-dio-el-concierto-mas-grande-de-su-carrera\/#breadcrumb\",\"itemListElement\":[{\"@type\":\"ListItem\",\"position\":1,\"name\":\"Portada\",\"item\":\"https:\/\/damekiu.com\/wp\/\"},{\"@type\":\"ListItem\",\"position\":2,\"name\":\"\u00a1M\u00e9xico siempre da suerte! Danny Ocean di\u00f3 el concierto m\u00e1s grande de su carrera\"}]},{\"@type\":\"WebSite\",\"@id\":\"https:\/\/damekiu.com\/wp\/#website\",\"url\":\"https:\/\/damekiu.com\/wp\/\",\"name\":\"Dame Kiu\",\"description\":\"Agencia Informativa digital \",\"potentialAction\":[{\"@type\":\"SearchAction\",\"target\":{\"@type\":\"EntryPoint\",\"urlTemplate\":\"https:\/\/damekiu.com\/wp\/?s={search_term_string}\"},\"query-input\":{\"@type\":\"PropertyValueSpecification\",\"valueRequired\":true,\"valueName\":\"search_term_string\"}}],\"inLanguage\":\"es\"},{\"@type\":\"Person\",\"@id\":\"https:\/\/damekiu.com\/wp\/#\/schema\/person\/f9c62fa6373a1abf436603817b07490d\",\"name\":\"Regina Balderas\",\"image\":{\"@type\":\"ImageObject\",\"inLanguage\":\"es\",\"@id\":\"https:\/\/damekiu.com\/wp\/#\/schema\/person\/image\/\",\"url\":\"https:\/\/secure.gravatar.com\/avatar\/7f4c6c32784de6eaa742a44c55c45ccec6153540bd1ac8d1ab1438b180d3e52a?s=96&d=mm&r=g\",\"contentUrl\":\"https:\/\/secure.gravatar.com\/avatar\/7f4c6c32784de6eaa742a44c55c45ccec6153540bd1ac8d1ab1438b180d3e52a?s=96&d=mm&r=g\",\"caption\":\"Regina Balderas\"},\"url\":\"https:\/\/damekiu.com\/wp\/author\/reginaguzman\/\"}]}<\/script>\n<!-- \/ Yoast SEO plugin. -->","yoast_head_json":{"title":"\u00a1M\u00e9xico siempre da suerte! Danny Ocean di\u00f3 el concierto m\u00e1s grande de su carrera - Dame Kiu","description":"El cantante venezolano, Danny Ocean di\u00f3 el concierto m\u00e1s grande de su carrera, este fin de semana en la Ciudad de M\u00e9xico.","robots":{"index":"index","follow":"follow","max-snippet":"max-snippet:-1","max-image-preview":"max-image-preview:large","max-video-preview":"max-video-preview:-1"},"canonical":"https:\/\/damekiu.com\/wp\/danny-ocean-dio-el-concierto-mas-grande-de-su-carrera\/","og_locale":"es_ES","og_type":"article","og_title":"\u00a1M\u00e9xico siempre da suerte! Danny Ocean di\u00f3 el concierto m\u00e1s grande de su carrera - Dame Kiu","og_description":"El cantante venezolano, Danny Ocean di\u00f3 el concierto m\u00e1s grande de su carrera, este fin de semana en la Ciudad de M\u00e9xico.","og_url":"https:\/\/damekiu.com\/wp\/danny-ocean-dio-el-concierto-mas-grande-de-su-carrera\/","og_site_name":"Dame Kiu","article_published_time":"2024-06-09T03:59:40+00:00","article_modified_time":"2024-06-13T17:08:48+00:00","og_image":[{"width":1024,"height":768,"url":"https:\/\/damekiu.com\/wp\/wp-content\/uploads\/2024\/06\/Diseno-sin-titulo-2-1.jpg","type":"image\/jpeg"}],"author":"Regina Balderas","twitter_card":"summary_large_image","twitter_misc":{"Escrito por":"Regina Balderas","Tiempo de lectura":"2 minutos"},"schema":{"@context":"https:\/\/schema.org","@graph":[{"@type":"Article","@id":"https:\/\/damekiu.com\/wp\/danny-ocean-dio-el-concierto-mas-grande-de-su-carrera\/#article","isPartOf":{"@id":"https:\/\/damekiu.com\/wp\/danny-ocean-dio-el-concierto-mas-grande-de-su-carrera\/"},"author":{"name":"Regina Balderas","@id":"https:\/\/damekiu.com\/wp\/#\/schema\/person\/f9c62fa6373a1abf436603817b07490d"},"headline":"\u00a1M\u00e9xico siempre da suerte! Danny Ocean di\u00f3 el concierto m\u00e1s grande de su carrera","datePublished":"2024-06-09T03:59:40+00:00","dateModified":"2024-06-13T17:08:48+00:00","mainEntityOfPage":{"@id":"https:\/\/damekiu.com\/wp\/danny-ocean-dio-el-concierto-mas-grande-de-su-carrera\/"},"wordCount":514,"commentCount":0,"image":{"@id":"https:\/\/damekiu.com\/wp\/danny-ocean-dio-el-concierto-mas-grande-de-su-carrera\/#primaryimage"},"thumbnailUrl":"https:\/\/i0.wp.com\/damekiu.com\/wp\/wp-content\/uploads\/2024\/06\/Diseno-sin-titulo-2-1.jpg?fit=1024%2C768&ssl=1","keywords":["\u00bfQu\u00e9 hacer?","Conciertos","Dame Kiu"],"articleSection":["Espect\u00e1culos"],"inLanguage":"es","potentialAction":[{"@type":"CommentAction","name":"Comment","target":["https:\/\/damekiu.com\/wp\/danny-ocean-dio-el-concierto-mas-grande-de-su-carrera\/#respond"]}]},{"@type":"WebPage","@id":"https:\/\/damekiu.com\/wp\/danny-ocean-dio-el-concierto-mas-grande-de-su-carrera\/","url":"https:\/\/damekiu.com\/wp\/danny-ocean-dio-el-concierto-mas-grande-de-su-carrera\/","name":"\u00a1M\u00e9xico siempre da suerte! Danny Ocean di\u00f3 el concierto m\u00e1s grande de su carrera - Dame Kiu","isPartOf":{"@id":"https:\/\/damekiu.com\/wp\/#website"},"primaryImageOfPage":{"@id":"https:\/\/damekiu.com\/wp\/danny-ocean-dio-el-concierto-mas-grande-de-su-carrera\/#primaryimage"},"image":{"@id":"https:\/\/damekiu.com\/wp\/danny-ocean-dio-el-concierto-mas-grande-de-su-carrera\/#primaryimage"},"thumbnailUrl":"https:\/\/i0.wp.com\/damekiu.com\/wp\/wp-content\/uploads\/2024\/06\/Diseno-sin-titulo-2-1.jpg?fit=1024%2C768&ssl=1","datePublished":"2024-06-09T03:59:40+00:00","dateModified":"2024-06-13T17:08:48+00:00","author":{"@id":"https:\/\/damekiu.com\/wp\/#\/schema\/person\/f9c62fa6373a1abf436603817b07490d"},"description":"El cantante venezolano, Danny Ocean di\u00f3 el concierto m\u00e1s grande de su carrera, este fin de semana en la Ciudad de M\u00e9xico.","breadcrumb":{"@id":"https:\/\/damekiu.com\/wp\/danny-ocean-dio-el-concierto-mas-grande-de-su-carrera\/#breadcrumb"},"inLanguage":"es","potentialAction":[{"@type":"ReadAction","target":["https:\/\/damekiu.com\/wp\/danny-ocean-dio-el-concierto-mas-grande-de-su-carrera\/"]}]},{"@type":"ImageObject","inLanguage":"es","@id":"https:\/\/damekiu.com\/wp\/danny-ocean-dio-el-concierto-mas-grande-de-su-carrera\/#primaryimage","url":"https:\/\/i0.wp.com\/damekiu.com\/wp\/wp-content\/uploads\/2024\/06\/Diseno-sin-titulo-2-1.jpg?fit=1024%2C768&ssl=1","contentUrl":"https:\/\/i0.wp.com\/damekiu.com\/wp\/wp-content\/uploads\/2024\/06\/Diseno-sin-titulo-2-1.jpg?fit=1024%2C768&ssl=1","width":1024,"height":768,"caption":"Fuente: OCESA"},{"@type":"BreadcrumbList","@id":"https:\/\/damekiu.com\/wp\/danny-ocean-dio-el-concierto-mas-grande-de-su-carrera\/#breadcrumb","itemListElement":[{"@type":"ListItem","position":1,"name":"Portada","item":"https:\/\/damekiu.com\/wp\/"},{"@type":"ListItem","position":2,"name":"\u00a1M\u00e9xico siempre da suerte! Danny Ocean di\u00f3 el concierto m\u00e1s grande de su carrera"}]},{"@type":"WebSite","@id":"https:\/\/damekiu.com\/wp\/#website","url":"https:\/\/damekiu.com\/wp\/","name":"Dame Kiu","description":"Agencia Informativa digital ","potentialAction":[{"@type":"SearchAction","target":{"@type":"EntryPoint","urlTemplate":"https:\/\/damekiu.com\/wp\/?s={search_term_string}"},"query-input":{"@type":"PropertyValueSpecification","valueRequired":true,"valueName":"search_term_string"}}],"inLanguage":"es"},{"@type":"Person","@id":"https:\/\/damekiu.com\/wp\/#\/schema\/person\/f9c62fa6373a1abf436603817b07490d","name":"Regina Balderas","image":{"@type":"ImageObject","inLanguage":"es","@id":"https:\/\/damekiu.com\/wp\/#\/schema\/person\/image\/","url":"https:\/\/secure.gravatar.com\/avatar\/7f4c6c32784de6eaa742a44c55c45ccec6153540bd1ac8d1ab1438b180d3e52a?s=96&d=mm&r=g","contentUrl":"https:\/\/secure.gravatar.com\/avatar\/7f4c6c32784de6eaa742a44c55c45ccec6153540bd1ac8d1ab1438b180d3e52a?s=96&d=mm&r=g","caption":"Regina Balderas"},"url":"https:\/\/damekiu.com\/wp\/author\/reginaguzman\/"}]}},"jetpack_featured_media_url":"https:\/\/i0.wp.com\/damekiu.com\/wp\/wp-content\/uploads\/2024\/06\/Diseno-sin-titulo-2-1.jpg?fit=1024%2C768&ssl=1","jetpack_sharing_enabled":true,"jetpack-related-posts":[{"id":3444,"url":"https:\/\/damekiu.com\/wp\/conciertos-en-el-palacio-de-los-deportes\/","url_meta":{"origin":1995,"position":0},"title":"Pr\u00f3ximos conciertos en el Palacio de los Deportes","author":"Emilio F. Uribe","date":"julio 11, 2024","format":false,"excerpt":"Ma\u00f1ana DLD, el s\u00e1bado Los Bunkers; habr\u00e1 grandes conciertos en el Palacio de los Deportes de forma consecutiva. El Palacio de los Deportes recibe m\u00faltiples fechas de diferentes tipos de eventos a lo largo del a\u00f1o, tan solo de aqu\u00ed al 7 de diciembre habr\u00e1 31 eventos, la mayor\u00eda, conciertos,\u2026","rel":"","context":"En \u00abEspect\u00e1culos\u00bb","block_context":{"text":"Espect\u00e1culos","link":"https:\/\/damekiu.com\/wp\/category\/espectaculos\/"},"img":{"alt_text":"Conciertos en el Palacio de los Deportes","src":"https:\/\/i0.wp.com\/damekiu.com\/wp\/wp-content\/uploads\/2024\/07\/Untitled-design-1.jpg?fit=1024%2C768&ssl=1&resize=350%2C200","width":350,"height":200,"srcset":"https:\/\/i0.wp.com\/damekiu.com\/wp\/wp-content\/uploads\/2024\/07\/Untitled-design-1.jpg?fit=1024%2C768&ssl=1&resize=350%2C200 1x, https:\/\/i0.wp.com\/damekiu.com\/wp\/wp-content\/uploads\/2024\/07\/Untitled-design-1.jpg?fit=1024%2C768&ssl=1&resize=525%2C300 1.5x, https:\/\/i0.wp.com\/damekiu.com\/wp\/wp-content\/uploads\/2024\/07\/Untitled-design-1.jpg?fit=1024%2C768&ssl=1&resize=700%2C400 2x"},"classes":[]},{"id":7690,"url":"https:\/\/damekiu.com\/wp\/sm-town-llega-a-mexico-por-primera-vez-en-2025\/","url_meta":{"origin":1995,"position":1},"title":"\u2018SM TOWN\u2019 llega a M\u00e9xico por primera vez en 2025","author":"Sam Ramos","date":"diciembre 1, 2024","format":false,"excerpt":"Se ha anunciado la llegada por primera a M\u00e9xico de uno de los eventos m\u00e1s importantes del kpop. \u2018SM TOWN\u2019 llega a M\u00e9xico el pr\u00f3ximo a\u00f1o y es que las especulaciones sobre quienes podr\u00edan venir no se han hecho esperar. \u2018SM Entertainment\u2019, es una empresa dedicada al kpop, la cu\u00e1l\u2026","rel":"","context":"En \u00abCultura\u00bb","block_context":{"text":"Cultura","link":"https:\/\/damekiu.com\/wp\/category\/cultura\/"},"img":{"alt_text":"","src":"https:\/\/i0.wp.com\/damekiu.com\/wp\/wp-content\/uploads\/2024\/12\/WhatsApp-Image-2024-12-01-at-11.53.48-PM.jpeg?fit=1200%2C540&ssl=1&resize=350%2C200","width":350,"height":200,"srcset":"https:\/\/i0.wp.com\/damekiu.com\/wp\/wp-content\/uploads\/2024\/12\/WhatsApp-Image-2024-12-01-at-11.53.48-PM.jpeg?fit=1200%2C540&ssl=1&resize=350%2C200 1x, https:\/\/i0.wp.com\/damekiu.com\/wp\/wp-content\/uploads\/2024\/12\/WhatsApp-Image-2024-12-01-at-11.53.48-PM.jpeg?fit=1200%2C540&ssl=1&resize=525%2C300 1.5x, https:\/\/i0.wp.com\/damekiu.com\/wp\/wp-content\/uploads\/2024\/12\/WhatsApp-Image-2024-12-01-at-11.53.48-PM.jpeg?fit=1200%2C540&ssl=1&resize=700%2C400 2x, https:\/\/i0.wp.com\/damekiu.com\/wp\/wp-content\/uploads\/2024\/12\/WhatsApp-Image-2024-12-01-at-11.53.48-PM.jpeg?fit=1200%2C540&ssl=1&resize=1050%2C600 3x"},"classes":[]},{"id":7291,"url":"https:\/\/damekiu.com\/wp\/olivia-rodrigo-rompe-record\/","url_meta":{"origin":1995,"position":2},"title":"Olivia Rodrigo rompe r\u00e9cord en el Foro GNP con su gira \u2018Guts\u2019","author":"Sam Ramos","date":"noviembre 20, 2024","format":false,"excerpt":"\u00a0\u00a0\u00a0\u00a0\u00a0\u00a0\u00a0\u00a0\u00a0\u00a0\u00a0 En las \u00faltimas semanas se dio a conocer que una de las artistas m\u00e1s influyentes de esta nueva generaci\u00f3n de cantantes pisar\u00eda M\u00e9xico para 2025. Olivia Rodrigo rompe r\u00e9cord en el Foro GNP, la demanda para su primer concierto fue tan alta que tuvieron que abrir una segunda fecha.\u2026","rel":"","context":"En \u00abEspect\u00e1culos\u00bb","block_context":{"text":"Espect\u00e1culos","link":"https:\/\/damekiu.com\/wp\/category\/espectaculos\/"},"img":{"alt_text":"Olivia Rorigo rompe r\u00e9cord en el Foro GNP","src":"https:\/\/i0.wp.com\/damekiu.com\/wp\/wp-content\/uploads\/2024\/11\/WhatsApp-Image-2024-11-20-at-12.43.51-AM.jpeg?fit=1200%2C540&ssl=1&resize=350%2C200","width":350,"height":200,"srcset":"https:\/\/i0.wp.com\/damekiu.com\/wp\/wp-content\/uploads\/2024\/11\/WhatsApp-Image-2024-11-20-at-12.43.51-AM.jpeg?fit=1200%2C540&ssl=1&resize=350%2C200 1x, https:\/\/i0.wp.com\/damekiu.com\/wp\/wp-content\/uploads\/2024\/11\/WhatsApp-Image-2024-11-20-at-12.43.51-AM.jpeg?fit=1200%2C540&ssl=1&resize=525%2C300 1.5x, https:\/\/i0.wp.com\/damekiu.com\/wp\/wp-content\/uploads\/2024\/11\/WhatsApp-Image-2024-11-20-at-12.43.51-AM.jpeg?fit=1200%2C540&ssl=1&resize=700%2C400 2x, https:\/\/i0.wp.com\/damekiu.com\/wp\/wp-content\/uploads\/2024\/11\/WhatsApp-Image-2024-11-20-at-12.43.51-AM.jpeg?fit=1200%2C540&ssl=1&resize=1050%2C600 3x"},"classes":[]},{"id":4295,"url":"https:\/\/damekiu.com\/wp\/foro-gnp-renovado\/","url_meta":{"origin":1995,"position":3},"title":"\u2018Foro GNP\u2019 abre sus puertas a nuevas experiencias","author":"Sam Ramos","date":"agosto 8, 2024","format":false,"excerpt":"Bruno Mars ha llegado a la Ciudad de M\u00e9xico para dar inicio a los 3 conciertos de reinauguraci\u00f3n de uno de los lugares m\u00e1s emblem\u00e1ticos para conciertos de alta demanda. El \u2018Foro GNP\u2019 abre sus puertas a nuevas experiencias en conciertos masivos y a crear grandes recuerdos para el p\u00fablico\u2026","rel":"","context":"En \u00abEspect\u00e1culos\u00bb","block_context":{"text":"Espect\u00e1culos","link":"https:\/\/damekiu.com\/wp\/category\/espectaculos\/"},"img":{"alt_text":"'Foro GNP' Abre sus puertas","src":"https:\/\/i0.wp.com\/damekiu.com\/wp\/wp-content\/uploads\/2024\/08\/GUZqUUEWkAAXX1B.jpeg?fit=1200%2C799&ssl=1&resize=350%2C200","width":350,"height":200,"srcset":"https:\/\/i0.wp.com\/damekiu.com\/wp\/wp-content\/uploads\/2024\/08\/GUZqUUEWkAAXX1B.jpeg?fit=1200%2C799&ssl=1&resize=350%2C200 1x, https:\/\/i0.wp.com\/damekiu.com\/wp\/wp-content\/uploads\/2024\/08\/GUZqUUEWkAAXX1B.jpeg?fit=1200%2C799&ssl=1&resize=525%2C300 1.5x, https:\/\/i0.wp.com\/damekiu.com\/wp\/wp-content\/uploads\/2024\/08\/GUZqUUEWkAAXX1B.jpeg?fit=1200%2C799&ssl=1&resize=700%2C400 2x, https:\/\/i0.wp.com\/damekiu.com\/wp\/wp-content\/uploads\/2024\/08\/GUZqUUEWkAAXX1B.jpeg?fit=1200%2C799&ssl=1&resize=1050%2C600 3x"},"classes":[]},{"id":8452,"url":"https:\/\/damekiu.com\/wp\/zayn-malik-en-mexico-2025-fechas-boletos-y-todo-lo-que-debes-saber\/","url_meta":{"origin":1995,"position":4},"title":"Zayn Malik regresa a M\u00e9xico en 2025: Fechas, boletos y todo lo que debes saber","author":"Paola Tolentino","date":"enero 30, 2025","format":false,"excerpt":"Zayn Malik regresa a los escenarios y M\u00e9xico ser\u00e1 parte de su nueva era, el cantante brit\u00e1nico, exintegrante de One Direction, ha confirmado dos conciertos en la Ciudad de M\u00e9xico como parte de su gira Stairway to the Sky.\u00a0 Si eres fan de su m\u00fasica, aqu\u00ed te decimos todos los\u2026","rel":"","context":"En \u00abEspect\u00e1culos\u00bb","block_context":{"text":"Espect\u00e1culos","link":"https:\/\/damekiu.com\/wp\/category\/espectaculos\/"},"img":{"alt_text":"","src":"https:\/\/i0.wp.com\/damekiu.com\/wp\/wp-content\/uploads\/2025\/01\/IMG_5111.jpg?fit=969%2C1200&ssl=1&resize=350%2C200","width":350,"height":200,"srcset":"https:\/\/i0.wp.com\/damekiu.com\/wp\/wp-content\/uploads\/2025\/01\/IMG_5111.jpg?fit=969%2C1200&ssl=1&resize=350%2C200 1x, https:\/\/i0.wp.com\/damekiu.com\/wp\/wp-content\/uploads\/2025\/01\/IMG_5111.jpg?fit=969%2C1200&ssl=1&resize=525%2C300 1.5x, https:\/\/i0.wp.com\/damekiu.com\/wp\/wp-content\/uploads\/2025\/01\/IMG_5111.jpg?fit=969%2C1200&ssl=1&resize=700%2C400 2x"},"classes":[]},{"id":5727,"url":"https:\/\/damekiu.com\/wp\/la-la-land-en-concierto-llega-al-auditorio-nacional\/","url_meta":{"origin":1995,"position":5},"title":"La La Land en concierto llega al Auditorio Nacional","author":"Cindy Franco","date":"octubre 3, 2024","format":false,"excerpt":"La magia de \u201cLa La Land\u201d llega al M\u00e9xico con un evento que va emocionar a todos los amantes del cine y la m\u00fasica. El pr\u00f3ximo 19 de enero de 2025, el Auditorio Nacional se vestir\u00e1 de gala para presentar \u201cLa La Land en Concierto\u201d, un espect\u00e1culo donde la m\u00fasica\u2026","rel":"","context":"En \u00abCultura\u00bb","block_context":{"text":"Cultura","link":"https:\/\/damekiu.com\/wp\/category\/cultura\/"},"img":{"alt_text":"","src":"https:\/\/i0.wp.com\/damekiu.com\/wp\/wp-content\/uploads\/2024\/10\/Diseno-sin-titulo-1.jpg?fit=1028%2C628&ssl=1&resize=350%2C200","width":350,"height":200,"srcset":"https:\/\/i0.wp.com\/damekiu.com\/wp\/wp-content\/uploads\/2024\/10\/Diseno-sin-titulo-1.jpg?fit=1028%2C628&ssl=1&resize=350%2C200 1x, https:\/\/i0.wp.com\/damekiu.com\/wp\/wp-content\/uploads\/2024\/10\/Diseno-sin-titulo-1.jpg?fit=1028%2C628&ssl=1&resize=525%2C300 1.5x, https:\/\/i0.wp.com\/damekiu.com\/wp\/wp-content\/uploads\/2024\/10\/Diseno-sin-titulo-1.jpg?fit=1028%2C628&ssl=1&resize=700%2C400 2x"},"classes":[]}],"_links":{"self":[{"href":"https:\/\/damekiu.com\/wp\/wp-json\/wp\/v2\/posts\/1995","targetHints":{"allow":["GET"]}}],"collection":[{"href":"https:\/\/damekiu.com\/wp\/wp-json\/wp\/v2\/posts"}],"about":[{"href":"https:\/\/damekiu.com\/wp\/wp-json\/wp\/v2\/types\/post"}],"author":[{"embeddable":true,"href":"https:\/\/damekiu.com\/wp\/wp-json\/wp\/v2\/users\/16"}],"replies":[{"embeddable":true,"href":"https:\/\/damekiu.com\/wp\/wp-json\/wp\/v2\/comments?post=1995"}],"version-history":[{"count":3,"href":"https:\/\/damekiu.com\/wp\/wp-json\/wp\/v2\/posts\/1995\/revisions"}],"predecessor-version":[{"id":2284,"href":"https:\/\/damekiu.com\/wp\/wp-json\/wp\/v2\/posts\/1995\/revisions\/2284"}],"wp:featuredmedia":[{"embeddable":true,"href":"https:\/\/damekiu.com\/wp\/wp-json\/wp\/v2\/media\/1996"}],"wp:attachment":[{"href":"https:\/\/damekiu.com\/wp\/wp-json\/wp\/v2\/media?parent=1995"}],"wp:term":[{"taxonomy":"category","embeddable":true,"href":"https:\/\/damekiu.com\/wp\/wp-json\/wp\/v2\/categories?post=1995"},{"taxonomy":"post_tag","embeddable":true,"href":"https:\/\/damekiu.com\/wp\/wp-json\/wp\/v2\/tags?post=1995"}],"curies":[{"name":"wp","href":"https:\/\/api.w.org\/{rel}","templated":true}]}}