{"id":1860,"date":"2024-06-06T21:34:34","date_gmt":"2024-06-07T03:34:34","guid":{"rendered":"https:\/\/damekiu.com\/wp\/?p=1860"},"modified":"2024-06-10T14:42:27","modified_gmt":"2024-06-10T20:42:27","slug":"piece-by-piece-contara-la-historia-de-pharrell","status":"publish","type":"post","link":"https:\/\/damekiu.com\/wp\/piece-by-piece-contara-la-historia-de-pharrell\/","title":{"rendered":"&#8216;Piece by Piece&#8217;: LEGO contar\u00e1 la historia de Pharrell Williams"},"content":{"rendered":"<p style=\"text-align: justify;\"><span style=\"font-weight: 400;\">Ha sido ya presentado el primer trailer de &#8216;<\/span><b>Piece by Piece&#8217;<\/b><span style=\"font-weight: 400;\">, la nueva cinta que nos contar\u00e1 con piezas de <\/span><b>LEGO,<\/b><span style=\"font-weight: 400;\"> la vida y carrera art\u00edstica del revolucionario artista <\/span><b>Pharrell Williams<\/b><span style=\"font-weight: 400;\">.<\/span><\/p>\n<h3 style=\"text-align: justify;\"><b><i>Construyendo una cinta<\/i><\/b><\/h3>\n<p style=\"text-align: justify;\"><span style=\"font-weight: 400;\">Hace algunos meses, exist\u00edan rumores sobre la realizaci\u00f3n de una cinta tipo <\/span><i><span style=\"font-weight: 400;\">biopic<\/span><\/i><span style=\"font-weight: 400;\"> sobre la vida del artista <\/span><b>Pharrell Williams<\/b><span style=\"font-weight: 400;\">, del cual no se ten\u00eda mucha certeza del el rumbo que tomar\u00eda la pel\u00edcula.<\/span><\/p>\n<p style=\"text-align: justify;\"><span style=\"font-weight: 400;\">Sin embargo, tiempo despu\u00e9s Focus Features (la productora de la cinta) comparti\u00f3 el primer teaser poster oficial que nos confirma que la compa\u00f1\u00eda <\/span><b>LEGO<\/b><span style=\"font-weight: 400;\"> ser\u00eda parte de la cinta de <\/span><b>Pharrell<\/b><span style=\"font-weight: 400;\">.<\/span><\/p>\n<p style=\"text-align: justify;\"><img data-recalc-dims=\"1\" loading=\"lazy\" decoding=\"async\" class=\"alignnone size-medium wp-image-1960\" src=\"https:\/\/i0.wp.com\/damekiu.com\/wp\/wp-content\/uploads\/2024\/06\/GEyCrA3WAAEjHui-1.jpeg?resize=300%2C225&#038;ssl=1\" alt=\"\" width=\"300\" height=\"225\" srcset=\"https:\/\/i0.wp.com\/damekiu.com\/wp\/wp-content\/uploads\/2024\/06\/GEyCrA3WAAEjHui-1.jpeg?resize=300%2C225&amp;ssl=1 300w, https:\/\/i0.wp.com\/damekiu.com\/wp\/wp-content\/uploads\/2024\/06\/GEyCrA3WAAEjHui-1.jpeg?resize=768%2C576&amp;ssl=1 768w, https:\/\/i0.wp.com\/damekiu.com\/wp\/wp-content\/uploads\/2024\/06\/GEyCrA3WAAEjHui-1.jpeg?w=1024&amp;ssl=1 1024w\" sizes=\"auto, (max-width: 300px) 100vw, 300px\" \/><\/p>\n<p style=\"text-align: justify;\"><span style=\"font-weight: 400;\">De acuerdo con <\/span><b>Morgan Neville<\/b><span style=\"font-weight: 400;\">, el director de la cinta, <\/span><b>Pharrell Williams<\/b><span style=\"font-weight: 400;\"> lo contact\u00f3 con la <\/span><i><span style=\"font-weight: 400;\">\u201cidea de ayudarle a contar su historia a trav\u00e9s de una animaci\u00f3n de <\/span><\/i><b><i>LEGO<\/i><\/b><i><span style=\"font-weight: 400;\">. Fue uno de esos extra\u00f1os momentos en los cuales supe en un segundo el camino que quer\u00eda tomar\u2026\u201d<\/span><\/i><\/p>\n<h3 style=\"text-align: justify;\"><b><i>Subiendo el volumen<\/i><\/b><\/h3>\n<p style=\"text-align: justify;\"><span style=\"font-weight: 400;\">Ahora, ya se nos ha presentado el primer trailer oficial de &#8216;<\/span><b>Piece by Piece&#8217;<\/b><span style=\"font-weight: 400;\"> a trav\u00e9s de las cuentas oficiales de Focus Features y nos ha dado un peque\u00f1o vistazo a la <a href=\"https:\/\/damekiu.com\/wp\/la-aclamada-serie-de-animacion-creada-por-alex-hirsch-podria-volver\/\">animaci\u00f3n<\/a> de la cinta, la cual recuerda mucho a la &#8216;La Gran Aventura <\/span><b>LEGO&#8217;<\/b><span style=\"font-weight: 400;\">.<\/span><\/p>\n<p style=\"text-align: justify;\"><span style=\"font-weight: 400;\">Seg\u00fan el <\/span><a href=\"https:\/\/focusfeatures.com\/piece-by-piece\"><span style=\"font-weight: 400;\">blog oficial<\/span><\/a><span style=\"font-weight: 400;\"> de Focus Features sobre la pel\u00edcula, &#8216;<\/span><b>Piece by Piece&#8217;<\/b><span style=\"font-weight: 400;\">\u00a0ser\u00e1 \u201c<\/span><i><span style=\"font-weight: 400;\">una experiencia \u00fanica que invita a la audiencia a vivir una gran aventura a trav\u00e9s de la vida del \u00edcono cultural <\/span><\/i><b><i>Pharrell Williams<\/i><\/b><i><span style=\"font-weight: 400;\">. Contada a trav\u00e9s de animaci\u00f3n de <\/span><\/i><b><i>LEGO<\/i><\/b><i><span style=\"font-weight: 400;\">, sube el volumen de tu imaginaci\u00f3n y s\u00e9 testigo de la evoluci\u00f3n de una de las mentes m\u00e1s innovadoras en la m\u00fasica.\u201d<\/span><\/i><\/p>\n<p style=\"text-align: justify;\"><span style=\"font-weight: 400;\">La pel\u00edcula contar\u00e1 con la participaci\u00f3n del mismo <\/span><b>Pharrell Williams<\/b><span style=\"font-weight: 400;\">, <\/span><b>Gwen Stefani<\/b><span style=\"font-weight: 400;\">, <\/span><b>Kendrick Lamar<\/b><span style=\"font-weight: 400;\">, <\/span><b>Timbaland<\/b><span style=\"font-weight: 400;\">, <\/span><b>Justin Timberlake<\/b><span style=\"font-weight: 400;\">, <\/span><b>Busta Rhymes<\/b><span style=\"font-weight: 400;\">, <\/span><b>Jay-Z<\/b><span style=\"font-weight: 400;\"> y <\/span><b>Snoop Dogg<\/b><span style=\"font-weight: 400;\">.<\/span><\/p>\n<p style=\"text-align: justify;\"><b>&#8216;Piece by Piece&#8217;<\/b><span style=\"font-weight: 400;\">\u00a0es dirigida por <\/span><b>Morgan Neville<\/b><span style=\"font-weight: 400;\"> y producida por <\/span><b>Pharrell Williams<\/b><span style=\"font-weight: 400;\">, <\/span><b>Mimi Vald\u00e9s<\/b><span style=\"font-weight: 400;\">, <\/span><b>Caitrin Rogers<\/b><span style=\"font-weight: 400;\">, <\/span><b>Morgan Neville<\/b><span style=\"font-weight: 400;\">, <\/span><b>David Lawrence<\/b><span style=\"font-weight: 400;\">, <\/span><b>Shani<\/b> <b>Saxon<\/b><span style=\"font-weight: 400;\">, <\/span><b>Jill Wilfert<\/b><span style=\"font-weight: 400;\"> y <\/span><b>Keith Malone<\/b><span style=\"font-weight: 400;\">.<\/span><\/p>\n<p style=\"text-align: justify;\"><b>&#8216;Piece by Piece&#8217;<\/b><span style=\"font-weight: 400;\">\u00a0debutar\u00e1 en cines el 11 de octubre de 2024.<\/span><\/p>\n<blockquote class=\"twitter-tweet\" data-media-max-width=\"560\">\n<p dir=\"ltr\" lang=\"en\">PIECE BY PIECE in theaters October 11 <a href=\"https:\/\/twitter.com\/LEGO_Group?ref_src=twsrc%5Etfw\">@LEGO_Group<\/a> <a href=\"https:\/\/twitter.com\/FocusFeatures?ref_src=twsrc%5Etfw\">@FocusFeatures<\/a><\/p>\n<p>FEATURING:<a href=\"https:\/\/twitter.com\/gwenstefani?ref_src=twsrc%5Etfw\">@gwenstefani<\/a><a href=\"https:\/\/twitter.com\/kendricklamar?ref_src=twsrc%5Etfw\">@kendricklamar<\/a><a href=\"https:\/\/twitter.com\/Timbaland?ref_src=twsrc%5Etfw\">@Timbaland<\/a><a href=\"https:\/\/twitter.com\/jtimberlake?ref_src=twsrc%5Etfw\">@jtimberlake<\/a><a href=\"https:\/\/twitter.com\/BustaRhymes?ref_src=twsrc%5Etfw\">@BustaRhymes<\/a><a href=\"https:\/\/twitter.com\/sc?ref_src=twsrc%5Etfw\">@sc<\/a><a href=\"https:\/\/twitter.com\/SnoopDogg?ref_src=twsrc%5Etfw\">@SnoopDogg<\/a><a href=\"https:\/\/twitter.com\/noreaga?ref_src=twsrc%5Etfw\">@noreaga<\/a> <a href=\"https:\/\/t.co\/BjAO17rN7I\">pic.twitter.com\/BjAO17rN7I<\/a><\/p>\n<p>\u2014 Pharrell Williams (@Pharrell) <a href=\"https:\/\/twitter.com\/Pharrell\/status\/1798734802209947748?ref_src=twsrc%5Etfw\">June 6, 2024<\/a><\/p><\/blockquote>\n<p style=\"text-align: justify;\"><script async src=\"https:\/\/platform.twitter.com\/widgets.js\" charset=\"utf-8\"><\/script><\/p>\n","protected":false},"excerpt":{"rendered":"<p>Ha sido ya presentado el primer trailer de &#8216;Piece by Piece&#8217;, la nueva cinta que nos contar\u00e1 con piezas de<\/p>\n","protected":false},"author":14,"featured_media":1961,"comment_status":"open","ping_status":"open","sticky":false,"template":"","format":"video","meta":{"colormag_page_container_layout":"default_layout","colormag_page_sidebar_layout":"default_layout","_jetpack_memberships_contains_paid_content":false,"footnotes":""},"categories":[50],"tags":[107,127,214,222],"class_list":["post-1860","post","type-post","status-publish","format-video","has-post-thumbnail","hentry","category-espectaculos","tag-celebridades-internacionales","tag-dame-kiu","tag-espectaculos","tag-trailers","post_format-post-format-video"],"magazineBlocksPostFeaturedMedia":{"thumbnail":"https:\/\/i0.wp.com\/damekiu.com\/wp\/wp-content\/uploads\/2024\/06\/Captura-de-pantalla-6.png?resize=150%2C150&ssl=1","medium":"https:\/\/i0.wp.com\/damekiu.com\/wp\/wp-content\/uploads\/2024\/06\/Captura-de-pantalla-6.png?fit=300%2C225&ssl=1","medium_large":"https:\/\/i0.wp.com\/damekiu.com\/wp\/wp-content\/uploads\/2024\/06\/Captura-de-pantalla-6.png?fit=768%2C576&ssl=1","large":"https:\/\/i0.wp.com\/damekiu.com\/wp\/wp-content\/uploads\/2024\/06\/Captura-de-pantalla-6.png?fit=800%2C600&ssl=1","1536x1536":"https:\/\/i0.wp.com\/damekiu.com\/wp\/wp-content\/uploads\/2024\/06\/Captura-de-pantalla-6.png?fit=1024%2C768&ssl=1","2048x2048":"https:\/\/i0.wp.com\/damekiu.com\/wp\/wp-content\/uploads\/2024\/06\/Captura-de-pantalla-6.png?fit=1024%2C768&ssl=1","colormag-highlighted-post":"https:\/\/i0.wp.com\/damekiu.com\/wp\/wp-content\/uploads\/2024\/06\/Captura-de-pantalla-6.png?resize=392%2C272&ssl=1","colormag-featured-post-medium":"https:\/\/i0.wp.com\/damekiu.com\/wp\/wp-content\/uploads\/2024\/06\/Captura-de-pantalla-6.png?resize=390%2C205&ssl=1","colormag-featured-post-small":"https:\/\/i0.wp.com\/damekiu.com\/wp\/wp-content\/uploads\/2024\/06\/Captura-de-pantalla-6.png?resize=130%2C90&ssl=1","colormag-featured-image":"https:\/\/i0.wp.com\/damekiu.com\/wp\/wp-content\/uploads\/2024\/06\/Captura-de-pantalla-6.png?resize=800%2C445&ssl=1","colormag-default-news":"https:\/\/i0.wp.com\/damekiu.com\/wp\/wp-content\/uploads\/2024\/06\/Captura-de-pantalla-6.png?resize=150%2C150&ssl=1","colormag-featured-image-large":"https:\/\/i0.wp.com\/damekiu.com\/wp\/wp-content\/uploads\/2024\/06\/Captura-de-pantalla-6.png?resize=1024%2C600&ssl=1"},"magazineBlocksPostAuthor":{"name":"Daniel Orozco","avatar":"https:\/\/secure.gravatar.com\/avatar\/562eea18ca36cbe599c59cabddcafe82075a49327b2c522da347b63febe35a5c?s=96&d=mm&r=g"},"magazineBlocksPostCommentsNumber":"0","magazineBlocksPostExcerpt":"Ha sido ya presentado el primer trailer de &#8216;Piece by Piece&#8217;, la nueva cinta que nos contar\u00e1 con piezas de","magazineBlocksPostCategories":["Espect\u00e1culos"],"magazineBlocksPostViewCount":257,"magazineBlocksPostReadTime":2,"magazine_blocks_featured_image_url":{"full":["https:\/\/i0.wp.com\/damekiu.com\/wp\/wp-content\/uploads\/2024\/06\/Captura-de-pantalla-6.png?fit=1024%2C768&ssl=1",1024,768,false],"medium":["https:\/\/i0.wp.com\/damekiu.com\/wp\/wp-content\/uploads\/2024\/06\/Captura-de-pantalla-6.png?fit=300%2C225&ssl=1",300,225,true],"thumbnail":["https:\/\/i0.wp.com\/damekiu.com\/wp\/wp-content\/uploads\/2024\/06\/Captura-de-pantalla-6.png?resize=150%2C150&ssl=1",150,150,true]},"magazine_blocks_author":{"display_name":"Daniel Orozco","author_link":"https:\/\/damekiu.com\/wp\/author\/danielorozco\/"},"magazine_blocks_comment":0,"magazine_blocks_author_image":"https:\/\/secure.gravatar.com\/avatar\/562eea18ca36cbe599c59cabddcafe82075a49327b2c522da347b63febe35a5c?s=96&d=mm&r=g","magazine_blocks_category":"<a href=\"#\" class=\"category-link category-link-50\">Espect\u00e1culos<\/a>","yoast_head":"<!-- This site is optimized with the Yoast SEO plugin v27.1.1 - https:\/\/yoast.com\/product\/yoast-seo-wordpress\/ -->\n<title>&#039;Piece by Piece&#039;: LEGO contar\u00e1 la historia de Pharrell Williams - Dame Kiu<\/title>\n<meta name=\"description\" content=\"Ha sido ya presentado el primer trailer de \u201cPiece by Piece\u201d, la nueva cinta LEGO que contar\u00e1 la vida y carrera del artista Pharrell Williams.\" \/>\n<meta name=\"robots\" content=\"index, follow, max-snippet:-1, max-image-preview:large, max-video-preview:-1\" \/>\n<link rel=\"canonical\" href=\"https:\/\/damekiu.com\/wp\/piece-by-piece-contara-la-historia-de-pharrell\/\" \/>\n<meta property=\"og:locale\" content=\"es_ES\" \/>\n<meta property=\"og:type\" content=\"article\" \/>\n<meta property=\"og:title\" content=\"&#039;Piece by Piece&#039;: LEGO contar\u00e1 la historia de Pharrell Williams - Dame Kiu\" \/>\n<meta property=\"og:description\" content=\"Ha sido ya presentado el primer trailer de \u201cPiece by Piece\u201d, la nueva cinta LEGO que contar\u00e1 la vida y carrera del artista Pharrell Williams.\" \/>\n<meta property=\"og:url\" content=\"https:\/\/damekiu.com\/wp\/piece-by-piece-contara-la-historia-de-pharrell\/\" \/>\n<meta property=\"og:site_name\" content=\"Dame Kiu\" \/>\n<meta property=\"article:published_time\" content=\"2024-06-07T03:34:34+00:00\" \/>\n<meta property=\"article:modified_time\" content=\"2024-06-10T20:42:27+00:00\" \/>\n<meta property=\"og:image\" content=\"https:\/\/damekiu.com\/wp\/wp-content\/uploads\/2024\/06\/Captura-de-pantalla-6.png\" \/>\n\t<meta property=\"og:image:width\" content=\"1024\" \/>\n\t<meta property=\"og:image:height\" content=\"768\" \/>\n\t<meta property=\"og:image:type\" content=\"image\/png\" \/>\n<meta name=\"author\" content=\"Daniel Orozco\" \/>\n<meta name=\"twitter:card\" content=\"summary_large_image\" \/>\n<meta name=\"twitter:label1\" content=\"Escrito por\" \/>\n\t<meta name=\"twitter:data1\" content=\"Daniel Orozco\" \/>\n\t<meta name=\"twitter:label2\" content=\"Tiempo de lectura\" \/>\n\t<meta name=\"twitter:data2\" content=\"2 minutos\" \/>\n<script type=\"application\/ld+json\" class=\"yoast-schema-graph\">{\"@context\":\"https:\/\/schema.org\",\"@graph\":[{\"@type\":\"Article\",\"@id\":\"https:\/\/damekiu.com\/wp\/piece-by-piece-contara-la-historia-de-pharrell\/#article\",\"isPartOf\":{\"@id\":\"https:\/\/damekiu.com\/wp\/piece-by-piece-contara-la-historia-de-pharrell\/\"},\"author\":{\"name\":\"Daniel Orozco\",\"@id\":\"https:\/\/damekiu.com\/wp\/#\/schema\/person\/58c332d0201f841c29118a427b68bf53\"},\"headline\":\"&#8216;Piece by Piece&#8217;: LEGO contar\u00e1 la historia de Pharrell Williams\",\"datePublished\":\"2024-06-07T03:34:34+00:00\",\"dateModified\":\"2024-06-10T20:42:27+00:00\",\"mainEntityOfPage\":{\"@id\":\"https:\/\/damekiu.com\/wp\/piece-by-piece-contara-la-historia-de-pharrell\/\"},\"wordCount\":389,\"commentCount\":0,\"image\":{\"@id\":\"https:\/\/damekiu.com\/wp\/piece-by-piece-contara-la-historia-de-pharrell\/#primaryimage\"},\"thumbnailUrl\":\"https:\/\/i0.wp.com\/damekiu.com\/wp\/wp-content\/uploads\/2024\/06\/Captura-de-pantalla-6.png?fit=1024%2C768&ssl=1\",\"keywords\":[\"Celebridades internacionales\",\"Dame Kiu\",\"Espect\u00e1culos\",\"Trailers\"],\"articleSection\":[\"Espect\u00e1culos\"],\"inLanguage\":\"es\",\"potentialAction\":[{\"@type\":\"CommentAction\",\"name\":\"Comment\",\"target\":[\"https:\/\/damekiu.com\/wp\/piece-by-piece-contara-la-historia-de-pharrell\/#respond\"]}]},{\"@type\":\"WebPage\",\"@id\":\"https:\/\/damekiu.com\/wp\/piece-by-piece-contara-la-historia-de-pharrell\/\",\"url\":\"https:\/\/damekiu.com\/wp\/piece-by-piece-contara-la-historia-de-pharrell\/\",\"name\":\"'Piece by Piece': LEGO contar\u00e1 la historia de Pharrell Williams - Dame Kiu\",\"isPartOf\":{\"@id\":\"https:\/\/damekiu.com\/wp\/#website\"},\"primaryImageOfPage\":{\"@id\":\"https:\/\/damekiu.com\/wp\/piece-by-piece-contara-la-historia-de-pharrell\/#primaryimage\"},\"image\":{\"@id\":\"https:\/\/damekiu.com\/wp\/piece-by-piece-contara-la-historia-de-pharrell\/#primaryimage\"},\"thumbnailUrl\":\"https:\/\/i0.wp.com\/damekiu.com\/wp\/wp-content\/uploads\/2024\/06\/Captura-de-pantalla-6.png?fit=1024%2C768&ssl=1\",\"datePublished\":\"2024-06-07T03:34:34+00:00\",\"dateModified\":\"2024-06-10T20:42:27+00:00\",\"author\":{\"@id\":\"https:\/\/damekiu.com\/wp\/#\/schema\/person\/58c332d0201f841c29118a427b68bf53\"},\"description\":\"Ha sido ya presentado el primer trailer de \u201cPiece by Piece\u201d, la nueva cinta LEGO que contar\u00e1 la vida y carrera del artista Pharrell Williams.\",\"breadcrumb\":{\"@id\":\"https:\/\/damekiu.com\/wp\/piece-by-piece-contara-la-historia-de-pharrell\/#breadcrumb\"},\"inLanguage\":\"es\",\"potentialAction\":[{\"@type\":\"ReadAction\",\"target\":[\"https:\/\/damekiu.com\/wp\/piece-by-piece-contara-la-historia-de-pharrell\/\"]}]},{\"@type\":\"ImageObject\",\"inLanguage\":\"es\",\"@id\":\"https:\/\/damekiu.com\/wp\/piece-by-piece-contara-la-historia-de-pharrell\/#primaryimage\",\"url\":\"https:\/\/i0.wp.com\/damekiu.com\/wp\/wp-content\/uploads\/2024\/06\/Captura-de-pantalla-6.png?fit=1024%2C768&ssl=1\",\"contentUrl\":\"https:\/\/i0.wp.com\/damekiu.com\/wp\/wp-content\/uploads\/2024\/06\/Captura-de-pantalla-6.png?fit=1024%2C768&ssl=1\",\"width\":1024,\"height\":768,\"caption\":\"Fuente: Blog oficial de Focus Features\"},{\"@type\":\"BreadcrumbList\",\"@id\":\"https:\/\/damekiu.com\/wp\/piece-by-piece-contara-la-historia-de-pharrell\/#breadcrumb\",\"itemListElement\":[{\"@type\":\"ListItem\",\"position\":1,\"name\":\"Portada\",\"item\":\"https:\/\/damekiu.com\/wp\/\"},{\"@type\":\"ListItem\",\"position\":2,\"name\":\"&#8216;Piece by Piece&#8217;: LEGO contar\u00e1 la historia de Pharrell Williams\"}]},{\"@type\":\"WebSite\",\"@id\":\"https:\/\/damekiu.com\/wp\/#website\",\"url\":\"https:\/\/damekiu.com\/wp\/\",\"name\":\"Dame Kiu\",\"description\":\"Agencia Informativa digital \",\"potentialAction\":[{\"@type\":\"SearchAction\",\"target\":{\"@type\":\"EntryPoint\",\"urlTemplate\":\"https:\/\/damekiu.com\/wp\/?s={search_term_string}\"},\"query-input\":{\"@type\":\"PropertyValueSpecification\",\"valueRequired\":true,\"valueName\":\"search_term_string\"}}],\"inLanguage\":\"es\"},{\"@type\":\"Person\",\"@id\":\"https:\/\/damekiu.com\/wp\/#\/schema\/person\/58c332d0201f841c29118a427b68bf53\",\"name\":\"Daniel Orozco\",\"image\":{\"@type\":\"ImageObject\",\"inLanguage\":\"es\",\"@id\":\"https:\/\/damekiu.com\/wp\/#\/schema\/person\/image\/\",\"url\":\"https:\/\/secure.gravatar.com\/avatar\/562eea18ca36cbe599c59cabddcafe82075a49327b2c522da347b63febe35a5c?s=96&d=mm&r=g\",\"contentUrl\":\"https:\/\/secure.gravatar.com\/avatar\/562eea18ca36cbe599c59cabddcafe82075a49327b2c522da347b63febe35a5c?s=96&d=mm&r=g\",\"caption\":\"Daniel Orozco\"},\"url\":\"https:\/\/damekiu.com\/wp\/author\/danielorozco\/\"}]}<\/script>\n<!-- \/ Yoast SEO plugin. -->","yoast_head_json":{"title":"'Piece by Piece': LEGO contar\u00e1 la historia de Pharrell Williams - Dame Kiu","description":"Ha sido ya presentado el primer trailer de \u201cPiece by Piece\u201d, la nueva cinta LEGO que contar\u00e1 la vida y carrera del artista Pharrell Williams.","robots":{"index":"index","follow":"follow","max-snippet":"max-snippet:-1","max-image-preview":"max-image-preview:large","max-video-preview":"max-video-preview:-1"},"canonical":"https:\/\/damekiu.com\/wp\/piece-by-piece-contara-la-historia-de-pharrell\/","og_locale":"es_ES","og_type":"article","og_title":"'Piece by Piece': LEGO contar\u00e1 la historia de Pharrell Williams - Dame Kiu","og_description":"Ha sido ya presentado el primer trailer de \u201cPiece by Piece\u201d, la nueva cinta LEGO que contar\u00e1 la vida y carrera del artista Pharrell Williams.","og_url":"https:\/\/damekiu.com\/wp\/piece-by-piece-contara-la-historia-de-pharrell\/","og_site_name":"Dame Kiu","article_published_time":"2024-06-07T03:34:34+00:00","article_modified_time":"2024-06-10T20:42:27+00:00","og_image":[{"width":1024,"height":768,"url":"https:\/\/damekiu.com\/wp\/wp-content\/uploads\/2024\/06\/Captura-de-pantalla-6.png","type":"image\/png"}],"author":"Daniel Orozco","twitter_card":"summary_large_image","twitter_misc":{"Escrito por":"Daniel Orozco","Tiempo de lectura":"2 minutos"},"schema":{"@context":"https:\/\/schema.org","@graph":[{"@type":"Article","@id":"https:\/\/damekiu.com\/wp\/piece-by-piece-contara-la-historia-de-pharrell\/#article","isPartOf":{"@id":"https:\/\/damekiu.com\/wp\/piece-by-piece-contara-la-historia-de-pharrell\/"},"author":{"name":"Daniel Orozco","@id":"https:\/\/damekiu.com\/wp\/#\/schema\/person\/58c332d0201f841c29118a427b68bf53"},"headline":"&#8216;Piece by Piece&#8217;: LEGO contar\u00e1 la historia de Pharrell Williams","datePublished":"2024-06-07T03:34:34+00:00","dateModified":"2024-06-10T20:42:27+00:00","mainEntityOfPage":{"@id":"https:\/\/damekiu.com\/wp\/piece-by-piece-contara-la-historia-de-pharrell\/"},"wordCount":389,"commentCount":0,"image":{"@id":"https:\/\/damekiu.com\/wp\/piece-by-piece-contara-la-historia-de-pharrell\/#primaryimage"},"thumbnailUrl":"https:\/\/i0.wp.com\/damekiu.com\/wp\/wp-content\/uploads\/2024\/06\/Captura-de-pantalla-6.png?fit=1024%2C768&ssl=1","keywords":["Celebridades internacionales","Dame Kiu","Espect\u00e1culos","Trailers"],"articleSection":["Espect\u00e1culos"],"inLanguage":"es","potentialAction":[{"@type":"CommentAction","name":"Comment","target":["https:\/\/damekiu.com\/wp\/piece-by-piece-contara-la-historia-de-pharrell\/#respond"]}]},{"@type":"WebPage","@id":"https:\/\/damekiu.com\/wp\/piece-by-piece-contara-la-historia-de-pharrell\/","url":"https:\/\/damekiu.com\/wp\/piece-by-piece-contara-la-historia-de-pharrell\/","name":"'Piece by Piece': LEGO contar\u00e1 la historia de Pharrell Williams - Dame Kiu","isPartOf":{"@id":"https:\/\/damekiu.com\/wp\/#website"},"primaryImageOfPage":{"@id":"https:\/\/damekiu.com\/wp\/piece-by-piece-contara-la-historia-de-pharrell\/#primaryimage"},"image":{"@id":"https:\/\/damekiu.com\/wp\/piece-by-piece-contara-la-historia-de-pharrell\/#primaryimage"},"thumbnailUrl":"https:\/\/i0.wp.com\/damekiu.com\/wp\/wp-content\/uploads\/2024\/06\/Captura-de-pantalla-6.png?fit=1024%2C768&ssl=1","datePublished":"2024-06-07T03:34:34+00:00","dateModified":"2024-06-10T20:42:27+00:00","author":{"@id":"https:\/\/damekiu.com\/wp\/#\/schema\/person\/58c332d0201f841c29118a427b68bf53"},"description":"Ha sido ya presentado el primer trailer de \u201cPiece by Piece\u201d, la nueva cinta LEGO que contar\u00e1 la vida y carrera del artista Pharrell Williams.","breadcrumb":{"@id":"https:\/\/damekiu.com\/wp\/piece-by-piece-contara-la-historia-de-pharrell\/#breadcrumb"},"inLanguage":"es","potentialAction":[{"@type":"ReadAction","target":["https:\/\/damekiu.com\/wp\/piece-by-piece-contara-la-historia-de-pharrell\/"]}]},{"@type":"ImageObject","inLanguage":"es","@id":"https:\/\/damekiu.com\/wp\/piece-by-piece-contara-la-historia-de-pharrell\/#primaryimage","url":"https:\/\/i0.wp.com\/damekiu.com\/wp\/wp-content\/uploads\/2024\/06\/Captura-de-pantalla-6.png?fit=1024%2C768&ssl=1","contentUrl":"https:\/\/i0.wp.com\/damekiu.com\/wp\/wp-content\/uploads\/2024\/06\/Captura-de-pantalla-6.png?fit=1024%2C768&ssl=1","width":1024,"height":768,"caption":"Fuente: Blog oficial de Focus Features"},{"@type":"BreadcrumbList","@id":"https:\/\/damekiu.com\/wp\/piece-by-piece-contara-la-historia-de-pharrell\/#breadcrumb","itemListElement":[{"@type":"ListItem","position":1,"name":"Portada","item":"https:\/\/damekiu.com\/wp\/"},{"@type":"ListItem","position":2,"name":"&#8216;Piece by Piece&#8217;: LEGO contar\u00e1 la historia de Pharrell Williams"}]},{"@type":"WebSite","@id":"https:\/\/damekiu.com\/wp\/#website","url":"https:\/\/damekiu.com\/wp\/","name":"Dame Kiu","description":"Agencia Informativa digital ","potentialAction":[{"@type":"SearchAction","target":{"@type":"EntryPoint","urlTemplate":"https:\/\/damekiu.com\/wp\/?s={search_term_string}"},"query-input":{"@type":"PropertyValueSpecification","valueRequired":true,"valueName":"search_term_string"}}],"inLanguage":"es"},{"@type":"Person","@id":"https:\/\/damekiu.com\/wp\/#\/schema\/person\/58c332d0201f841c29118a427b68bf53","name":"Daniel Orozco","image":{"@type":"ImageObject","inLanguage":"es","@id":"https:\/\/damekiu.com\/wp\/#\/schema\/person\/image\/","url":"https:\/\/secure.gravatar.com\/avatar\/562eea18ca36cbe599c59cabddcafe82075a49327b2c522da347b63febe35a5c?s=96&d=mm&r=g","contentUrl":"https:\/\/secure.gravatar.com\/avatar\/562eea18ca36cbe599c59cabddcafe82075a49327b2c522da347b63febe35a5c?s=96&d=mm&r=g","caption":"Daniel Orozco"},"url":"https:\/\/damekiu.com\/wp\/author\/danielorozco\/"}]}},"jetpack_featured_media_url":"https:\/\/i0.wp.com\/damekiu.com\/wp\/wp-content\/uploads\/2024\/06\/Captura-de-pantalla-6.png?fit=1024%2C768&ssl=1","jetpack_sharing_enabled":true,"jetpack-related-posts":[{"id":4921,"url":"https:\/\/damekiu.com\/wp\/pharrel-williams-se-unio-a-tiffany\/","url_meta":{"origin":1860,"position":0},"title":"Pharrell Williams se uni\u00f3 a Tiffany para una nueva colecci\u00f3n","author":"Emilio F. Uribe","date":"septiembre 13, 2024","format":false,"excerpt":"Hace un par de d\u00edas se revel\u00f3 que Pharrell Williams se uni\u00f3 a Tiffany para el lanzamiento de una nueva colecci\u00f3n. En los m\u00e1s recientes a\u00f1os y desde que fue anunciado como el director creativo de la l\u00ednea masculina de Louis Vuitton, el artista proveniente de Virginia, Estados Unidos, ha\u2026","rel":"","context":"En \u00abLifestyle\u00bb","block_context":{"text":"Lifestyle","link":"https:\/\/damekiu.com\/wp\/category\/lifestyle\/"},"img":{"alt_text":"Pharrell Williams se uni\u00f3 a Tiffany","src":"https:\/\/i0.wp.com\/damekiu.com\/wp\/wp-content\/uploads\/2024\/09\/Untitled-design-50.jpg?fit=1024%2C768&ssl=1&resize=350%2C200","width":350,"height":200,"srcset":"https:\/\/i0.wp.com\/damekiu.com\/wp\/wp-content\/uploads\/2024\/09\/Untitled-design-50.jpg?fit=1024%2C768&ssl=1&resize=350%2C200 1x, https:\/\/i0.wp.com\/damekiu.com\/wp\/wp-content\/uploads\/2024\/09\/Untitled-design-50.jpg?fit=1024%2C768&ssl=1&resize=525%2C300 1.5x, https:\/\/i0.wp.com\/damekiu.com\/wp\/wp-content\/uploads\/2024\/09\/Untitled-design-50.jpg?fit=1024%2C768&ssl=1&resize=700%2C400 2x"},"classes":[]},{"id":3327,"url":"https:\/\/damekiu.com\/wp\/paramount-pictures-estrena-el-primer-trailer-de-gladiador-ii\/","url_meta":{"origin":1860,"position":1},"title":"Paramount Pictures estrena el primer tr\u00e1iler de Gladiador II","author":"Emilio Uribe","date":"julio 9, 2024","format":false,"excerpt":"Gladiador II, la secuela de la cl\u00e1sica cinta de los 2000 estrena su primer tr\u00e1iler cargado de nostalgia \u00e9pica. \u00bfSer\u00e1 tan buena como la primera? Gladiador (2000), fue el breve resurgir del cine \u00e9pico ambientado en la antig\u00fcedad cl\u00e1sica, pues logr\u00f3 recaudar 457 millones de d\u00f3lares a nivel mundial contra\u2026","rel":"","context":"En \u00abEspect\u00e1culos\u00bb","block_context":{"text":"Espect\u00e1culos","link":"https:\/\/damekiu.com\/wp\/category\/espectaculos\/"},"img":{"alt_text":"Gladiador 2","src":"https:\/\/i0.wp.com\/damekiu.com\/wp\/wp-content\/uploads\/2024\/07\/Gladiador-2-1.jpg?fit=1024%2C768&ssl=1&resize=350%2C200","width":350,"height":200,"srcset":"https:\/\/i0.wp.com\/damekiu.com\/wp\/wp-content\/uploads\/2024\/07\/Gladiador-2-1.jpg?fit=1024%2C768&ssl=1&resize=350%2C200 1x, https:\/\/i0.wp.com\/damekiu.com\/wp\/wp-content\/uploads\/2024\/07\/Gladiador-2-1.jpg?fit=1024%2C768&ssl=1&resize=525%2C300 1.5x, https:\/\/i0.wp.com\/damekiu.com\/wp\/wp-content\/uploads\/2024\/07\/Gladiador-2-1.jpg?fit=1024%2C768&ssl=1&resize=700%2C400 2x"},"classes":[]},{"id":9459,"url":"https:\/\/damekiu.com\/wp\/zoe-saldana-se-disculpa\/","url_meta":{"origin":1860,"position":2},"title":"Zoe Salda\u00f1a se disculpa despu\u00e9s de su primer victoria en los Oscar","author":"Sam Ramos","date":"marzo 3, 2025","format":false,"excerpt":"Despu\u00e9s de la ceremonia de los Oscar, Zoe Salda\u00f1a, quien particip\u00f3 en la pel\u00edcula Emilia P\u00e9rez como actriz de reparto, se disculpa despu\u00e9s de ser cuestionada por la prensa mexicana por su posici\u00f3n sobre la cinta de Jacques Audiarda. En la categor\u00eda de \u2018Mejor Actriz de Reparto\u2019 Zoe Salda\u00f1a fue\u2026","rel":"","context":"En \u00abEspect\u00e1culos\u00bb","block_context":{"text":"Espect\u00e1culos","link":"https:\/\/damekiu.com\/wp\/category\/espectaculos\/"},"img":{"alt_text":"Foto: Jordan Strauss Zoe Salda\u00f1a se disculpa","src":"https:\/\/i0.wp.com\/damekiu.com\/wp\/wp-content\/uploads\/2025\/03\/descarga.webp?fit=1200%2C800&ssl=1&resize=350%2C200","width":350,"height":200,"srcset":"https:\/\/i0.wp.com\/damekiu.com\/wp\/wp-content\/uploads\/2025\/03\/descarga.webp?fit=1200%2C800&ssl=1&resize=350%2C200 1x, https:\/\/i0.wp.com\/damekiu.com\/wp\/wp-content\/uploads\/2025\/03\/descarga.webp?fit=1200%2C800&ssl=1&resize=525%2C300 1.5x, https:\/\/i0.wp.com\/damekiu.com\/wp\/wp-content\/uploads\/2025\/03\/descarga.webp?fit=1200%2C800&ssl=1&resize=700%2C400 2x, https:\/\/i0.wp.com\/damekiu.com\/wp\/wp-content\/uploads\/2025\/03\/descarga.webp?fit=1200%2C800&ssl=1&resize=1050%2C600 3x"},"classes":[]},{"id":8136,"url":"https:\/\/damekiu.com\/wp\/fallece-el-director-david-lynch\/","url_meta":{"origin":1860,"position":3},"title":"\u00a1Luto en el cine! Fallece el director David Lynch","author":"Constanza Campos","date":"enero 16, 2025","format":false,"excerpt":"El jueves 16 de enero ser\u00e1 recordado porque se dio a conocer el fallecimiento del director de cine David Lynch. Mediante un comunicado en Facebook, la familia de Lynch anunci\u00f3 su partida, en el que piden discreci\u00f3n durante este momento duro y cit\u00e1ndolo \"Keep your eye on the donut and\u2026","rel":"","context":"En \u00abEspect\u00e1culos\u00bb","block_context":{"text":"Espect\u00e1culos","link":"https:\/\/damekiu.com\/wp\/category\/espectaculos\/"},"img":{"alt_text":"David Lynch","src":"https:\/\/i0.wp.com\/damekiu.com\/wp\/wp-content\/uploads\/2025\/01\/IMG_0259.webp?fit=1120%2C630&ssl=1&resize=350%2C200","width":350,"height":200,"srcset":"https:\/\/i0.wp.com\/damekiu.com\/wp\/wp-content\/uploads\/2025\/01\/IMG_0259.webp?fit=1120%2C630&ssl=1&resize=350%2C200 1x, https:\/\/i0.wp.com\/damekiu.com\/wp\/wp-content\/uploads\/2025\/01\/IMG_0259.webp?fit=1120%2C630&ssl=1&resize=525%2C300 1.5x, https:\/\/i0.wp.com\/damekiu.com\/wp\/wp-content\/uploads\/2025\/01\/IMG_0259.webp?fit=1120%2C630&ssl=1&resize=700%2C400 2x, https:\/\/i0.wp.com\/damekiu.com\/wp\/wp-content\/uploads\/2025\/01\/IMG_0259.webp?fit=1120%2C630&ssl=1&resize=1050%2C600 3x"},"classes":[]},{"id":3340,"url":"https:\/\/damekiu.com\/wp\/we-live-in-time-estrena-su-primer-avance\/","url_meta":{"origin":1860,"position":4},"title":"\u00abWe Live In Time\u00bb estrena su primer avance","author":"Emilio Uribe","date":"julio 10, 2024","format":false,"excerpt":"A24 estrena el primer avance de la pr\u00f3xima pel\u00edcula rom\u00e1ntica \"We Live In Time\", protagonizada por Florence Pugh y Andrew Garfield. A24, un estudio que nos ha tra\u00eddo absolutas joyas cinematogr\u00e1ficas como La Bruja, La Langosta, Moonlight, Lady Bird, Hereditary, Midsommar, El Faro, Diamantes en Bruto, la trilog\u00eda X, La\u2026","rel":"","context":"En \u00abEspect\u00e1culos\u00bb","block_context":{"text":"Espect\u00e1culos","link":"https:\/\/damekiu.com\/wp\/category\/espectaculos\/"},"img":{"alt_text":"We Live In Time","src":"https:\/\/i0.wp.com\/damekiu.com\/wp\/wp-content\/uploads\/2024\/07\/We-Live-In-Time.jpg?fit=1024%2C768&ssl=1&resize=350%2C200","width":350,"height":200,"srcset":"https:\/\/i0.wp.com\/damekiu.com\/wp\/wp-content\/uploads\/2024\/07\/We-Live-In-Time.jpg?fit=1024%2C768&ssl=1&resize=350%2C200 1x, https:\/\/i0.wp.com\/damekiu.com\/wp\/wp-content\/uploads\/2024\/07\/We-Live-In-Time.jpg?fit=1024%2C768&ssl=1&resize=525%2C300 1.5x, https:\/\/i0.wp.com\/damekiu.com\/wp\/wp-content\/uploads\/2024\/07\/We-Live-In-Time.jpg?fit=1024%2C768&ssl=1&resize=700%2C400 2x"},"classes":[]},{"id":5565,"url":"https:\/\/damekiu.com\/wp\/trailer-de-ballerina\/","url_meta":{"origin":1860,"position":5},"title":"\u00a1El trailer de &#8216;Ballerina&#8217; ya est\u00e1 aqu\u00ed!","author":"Daniel Orozco","date":"septiembre 27, 2024","format":false,"excerpt":"Ya tenemos el primer trailer de \u2018Ballerina\u2019, la nueva pel\u00edcula que expande el universo de John Wick, trayendo a Ana de Armas a este violento y sanguinario mundo. \u201cEsto no acabar\u00e1 hasta que est\u00e9n muertos\u201d Lionsgate ha compartido el tr\u00e1iler de \u2018Ballerina\u2019, una pel\u00edcula spin-off del universo de John Wick\u2026","rel":"","context":"En \u00abEspect\u00e1culos\u00bb","block_context":{"text":"Espect\u00e1culos","link":"https:\/\/damekiu.com\/wp\/category\/espectaculos\/"},"img":{"alt_text":"Trailer de 'Ballerina'","src":"https:\/\/i0.wp.com\/damekiu.com\/wp\/wp-content\/uploads\/2024\/09\/Diseno-sin-titulo-11-1.png?fit=1024%2C768&ssl=1&resize=350%2C200","width":350,"height":200,"srcset":"https:\/\/i0.wp.com\/damekiu.com\/wp\/wp-content\/uploads\/2024\/09\/Diseno-sin-titulo-11-1.png?fit=1024%2C768&ssl=1&resize=350%2C200 1x, https:\/\/i0.wp.com\/damekiu.com\/wp\/wp-content\/uploads\/2024\/09\/Diseno-sin-titulo-11-1.png?fit=1024%2C768&ssl=1&resize=525%2C300 1.5x, https:\/\/i0.wp.com\/damekiu.com\/wp\/wp-content\/uploads\/2024\/09\/Diseno-sin-titulo-11-1.png?fit=1024%2C768&ssl=1&resize=700%2C400 2x"},"classes":[]}],"_links":{"self":[{"href":"https:\/\/damekiu.com\/wp\/wp-json\/wp\/v2\/posts\/1860","targetHints":{"allow":["GET"]}}],"collection":[{"href":"https:\/\/damekiu.com\/wp\/wp-json\/wp\/v2\/posts"}],"about":[{"href":"https:\/\/damekiu.com\/wp\/wp-json\/wp\/v2\/types\/post"}],"author":[{"embeddable":true,"href":"https:\/\/damekiu.com\/wp\/wp-json\/wp\/v2\/users\/14"}],"replies":[{"embeddable":true,"href":"https:\/\/damekiu.com\/wp\/wp-json\/wp\/v2\/comments?post=1860"}],"version-history":[{"count":6,"href":"https:\/\/damekiu.com\/wp\/wp-json\/wp\/v2\/posts\/1860\/revisions"}],"predecessor-version":[{"id":2043,"href":"https:\/\/damekiu.com\/wp\/wp-json\/wp\/v2\/posts\/1860\/revisions\/2043"}],"wp:featuredmedia":[{"embeddable":true,"href":"https:\/\/damekiu.com\/wp\/wp-json\/wp\/v2\/media\/1961"}],"wp:attachment":[{"href":"https:\/\/damekiu.com\/wp\/wp-json\/wp\/v2\/media?parent=1860"}],"wp:term":[{"taxonomy":"category","embeddable":true,"href":"https:\/\/damekiu.com\/wp\/wp-json\/wp\/v2\/categories?post=1860"},{"taxonomy":"post_tag","embeddable":true,"href":"https:\/\/damekiu.com\/wp\/wp-json\/wp\/v2\/tags?post=1860"}],"curies":[{"name":"wp","href":"https:\/\/api.w.org\/{rel}","templated":true}]}}