{"id":10135,"date":"2025-06-02T04:53:43","date_gmt":"2025-06-02T10:53:43","guid":{"rendered":"https:\/\/damekiu.com\/wp\/?p=10135"},"modified":"2025-06-04T22:09:24","modified_gmt":"2025-06-05T04:09:24","slug":"una-eleccion-que-ha-sacudido-al-pais","status":"publish","type":"post","link":"https:\/\/damekiu.com\/wp\/una-eleccion-que-ha-sacudido-al-pais\/","title":{"rendered":"Elecci\u00f3n Judicial, un domingo que sacudi\u00f3 al pa\u00eds"},"content":{"rendered":"<p style=\"text-align: justify;\">Se llev\u00f3 a cabo el 1ro de junio uno de los ejercicios electorales m\u00e1s importantes de los \u00faltimos a\u00f1os; la <strong>Elecci\u00f3n Judicial<\/strong> es un proceso que se implement\u00f3 en este nuevo sexenio en donde el pueblo mexicano tuvo la oportunidad de elegir a magistrados y ministros, sin embargo, este suceso se ha encontrado con opiniones divididas.<\/p>\n<p style=\"text-align: justify;\">En Dame Kiu asistimos a la casilla m\u00e1s cercana para poder entender c\u00f3mo funcion\u00f3 este proceso electoral y sobre todo poder conocer a los candidatos que se encontraban dentro de las boletas.<\/p>\n<p style=\"text-align: justify;\"><strong>\u00bfUn domingo que pasar\u00e1 a la historia?<\/strong><\/p>\n<p style=\"text-align: justify;\">En la Ciudad de M\u00e9xico distintas alcald\u00edas instalaron sus respectivas casillas para que la ciudadan\u00eda pudiera ejercer dicho voto, pues esta ser\u00eda tendr\u00eda una estructura total y completamente igual a la que se realiza cada seis a\u00f1os.<\/p>\n<p style=\"text-align: justify;\">Se nos hizo entrega de seis boletas despu\u00e9s de verificar que la zona era la que nos correspond\u00eda mediante nuestra INE, estas fueron para escoger a:<strong> Magistrados del Tribunal Electoral, Ministros de la Suprema Corte y Magistrados del Tribunal de Disciplina.<\/strong> Tambi\u00e9n se eligieron a jueces en otras boletas en donde se divid\u00edan en distintas materias (penales,\u00a0 civil, trabajo, etc.).<\/p>\n<p style=\"text-align: center;\"><img data-recalc-dims=\"1\" loading=\"lazy\" decoding=\"async\" class=\"alignnone wp-image-10137\" src=\"https:\/\/i0.wp.com\/damekiu.com\/wp\/wp-content\/uploads\/2025\/06\/WhatsApp-Image-2025-06-02-at-4.24.01-AM.jpeg?resize=279%2C372&#038;ssl=1\" alt=\"Elecci\u00f3n Judicial\" width=\"279\" height=\"372\" srcset=\"https:\/\/i0.wp.com\/damekiu.com\/wp\/wp-content\/uploads\/2025\/06\/WhatsApp-Image-2025-06-02-at-4.24.01-AM.jpeg?resize=225%2C300&amp;ssl=1 225w, https:\/\/i0.wp.com\/damekiu.com\/wp\/wp-content\/uploads\/2025\/06\/WhatsApp-Image-2025-06-02-at-4.24.01-AM.jpeg?resize=768%2C1024&amp;ssl=1 768w, https:\/\/i0.wp.com\/damekiu.com\/wp\/wp-content\/uploads\/2025\/06\/WhatsApp-Image-2025-06-02-at-4.24.01-AM.jpeg?w=960&amp;ssl=1 960w\" sizes=\"auto, (max-width: 279px) 100vw, 279px\" \/><\/p>\n<p style=\"text-align: justify;\">\u00a0\u00a0\u00a0\u00a0\u00a0\u00a0\u00a0\u00a0\u00a0\u00a0\u00a0 Los candidatos se divid\u00edan por el sexo y poder que hab\u00eda impulsado su candidatura, estos se encontraban a lado sus respectivos nombres y se usaban las abreviaturas como<strong> PJ (Poder Judicial), PE (Poder Ejecutivo) y PL (Poder Legislativo) o tambi\u00e9n estaba EF (En Funci\u00f3n) esto en el caso de las personas que buscan mantener su puesto<\/strong>, a esto se le suma que las mismas boletas contaban con un n\u00famero de candidatos distintos, en donde pod\u00edas elegir desde uno hasta cuatro. El voto se realizaba mediante peque\u00f1os recuadros ubicados en la parte superior de la boleta, los cuales eran blancas o con sus respectivos colores anteriormente mencionados.<\/p>\n<p style=\"text-align: justify;\">\u00a0\u00a0\u00a0\u00a0\u00a0\u00a0\u00a0\u00a0\u00a0\u00a0\u00a0 Para el cierre de la nota, el <strong>Instituto Nacional Electoral dio a conocer que el porcentaje de votantes fue de un 12.57%-13.32%, a lo largo de la jornada<\/strong> se registr\u00f3 que distintas figuras importantes de la pol\u00edtica mexicana se hicieron presentes en sus respectivas casillas, por su parte el ex presidente Andr\u00e9s Manuel L\u00f3pez Obrador reapareci\u00f3 despu\u00e9s de entregar la banda presidencial.<\/p>\n<p style=\"text-align: justify;\">\u00a0 \u00a0 \u00a0 \u00a0 \u00a0 \u00a0 En redes sociales se dio a conocer que la llegada de Arturo Zald\u00edvar, ex ministro de la Suprema Corte de Justicia, fue captado en v\u00eddeo mientras manifestantes en contra de la E<strong>lecci\u00f3n Judicial<\/strong> le cuestionaban el haberse presentado a votar.<\/p>\n<p style=\"text-align: justify;\"><strong>Un domingo familiar y \u00bfElectoral? <\/strong><\/p>\n<p style=\"text-align: justify;\">Si bien esta <strong>Elecci\u00f3n Judicial<\/strong> ha sido una cuesti\u00f3n complicada de abordar, es indiscutible el impacto que esta puede tener en el rumbo de la pol\u00edtica del pa\u00eds, por otra parte, <strong>es importante remarcar que al ser un nuevo mecanismo de elecci\u00f3n muchas personas que salieron a votar aun desconociendo el como realizar y hacer efectivo su voto<\/strong>, en TikTok diferentes creadores comenzaron a realizar tutoriales.<\/p>\n<blockquote class=\"tiktok-embed\" style=\"max-width: 605px; min-width: 325px;\" cite=\"https:\/\/www.tiktok.com\/@n.mas\/video\/7510026523982925112\" data-video-id=\"7510026523982925112\">\n<section><a title=\"@n.mas\" href=\"https:\/\/www.tiktok.com\/@n.mas?refer=embed\" target=\"_blank\" rel=\"noopener\">@n.mas<\/a>Este 1 de junio se realizar\u00e1 el Proceso Electoral del Poder Judicial 2025. El pr\u00f3ximo domingo ser\u00e1n electos, mediante el voto de la ciudadan\u00eda, 881 cargos, en el que participaron 3 mil 422 candidatos y candidatas. \u00bfC\u00f3mo deber\u00e1s votar? Fernanda Caso explica. #Elecci\u00f3nJudicial #PoderJudicial #Elecciones<a title=\"\u266c original sound - Nm\u00e1s\" href=\"https:\/\/www.tiktok.com\/music\/original-sound-Nm\u00e1s-7510026548960905990?refer=embed\" target=\"_blank\" rel=\"noopener\">\u266c original sound &#8211; Nm\u00e1s<\/a><\/section>\n<\/blockquote>\n<p><script async src=\"https:\/\/www.tiktok.com\/embed.js\"><\/script><\/p>\n<p style=\"text-align: justify;\">\u00a0\u00a0\u00a0\u00a0\u00a0\u00a0\u00a0\u00a0\u00a0\u00a0\u00a0 Por su parte, la lista de candidatos que hab\u00eda en las boletas eran grandes y extensas, tambi\u00e9n hab\u00eda unas que realmente no ten\u00edan una gran cantidad de candidatos y candidatas; los votantes pod\u00edan elegir a nuevas personas para desempe\u00f1ar dichos cargos o seleccionar a las personas que se encuentran en funciones para mantener su puesto.<\/p>\n<p style=\"text-align: justify;\">\u00a0\u00a0\u00a0\u00a0\u00a0\u00a0\u00a0\u00a0\u00a0\u00a0\u00a0 Es importante remarcar que la asistencia que se percibi\u00f3 en la casilla que estuvimos presentes fue mucho menor a comparaci\u00f3n de la que se llev\u00f3 a cabo el a\u00f1o pasado,<strong> pero el tiempo de cada votante se duplico debido a que, como coment\u00e1bamos antes, el proceso fue un poco m\u00e1s extenso y meticuloso.<\/strong><\/p>\n<p style=\"text-align: justify;\">\u00a0 \u00a0 \u00a0 \u00a0 \u00a0 \u00a0 Cabe mencionar que la divisi\u00f3n de urnas no se realiz\u00f3, por lo menos en la casilla que votamos, esto de una u otra forma sembr\u00f3 la duda de no saber como se contar\u00edan los votos realizados.<\/p>\n<p style=\"text-align: center;\"><img data-recalc-dims=\"1\" loading=\"lazy\" decoding=\"async\" class=\"alignnone wp-image-10138\" src=\"https:\/\/i0.wp.com\/damekiu.com\/wp\/wp-content\/uploads\/2025\/06\/WhatsApp-Image-2025-06-02-at-4.24.01-AM1.jpeg?resize=263%2C351&#038;ssl=1\" alt=\"\" width=\"263\" height=\"351\" srcset=\"https:\/\/i0.wp.com\/damekiu.com\/wp\/wp-content\/uploads\/2025\/06\/WhatsApp-Image-2025-06-02-at-4.24.01-AM1.jpeg?resize=225%2C300&amp;ssl=1 225w, https:\/\/i0.wp.com\/damekiu.com\/wp\/wp-content\/uploads\/2025\/06\/WhatsApp-Image-2025-06-02-at-4.24.01-AM1.jpeg?resize=768%2C1024&amp;ssl=1 768w, https:\/\/i0.wp.com\/damekiu.com\/wp\/wp-content\/uploads\/2025\/06\/WhatsApp-Image-2025-06-02-at-4.24.01-AM1.jpeg?w=960&amp;ssl=1 960w\" sizes=\"auto, (max-width: 263px) 100vw, 263px\" \/><\/p>\n<p style=\"text-align: justify;\">\u00a0\u00a0\u00a0\u00a0\u00a0\u00a0\u00a0\u00a0\u00a0\u00a0\u00a0 A pesar de que la <strong>Elecci\u00f3n<\/strong> ha llegado a su fin, por lo menos en esta primera parte, los resultados se dar\u00e1n a conocer hasta dentro de 10 d\u00edas, a las 11 de la noche sali\u00f3 <strong>Guadalupe Taddei Zavala, presidenta del Consejo General del INE <\/strong>\u00a0a dar un comunicado en televisi\u00f3n y radio para brindar un reporte sobre los resultados registrados en esta jornada electoral<\/p>\n<p style=\"text-align: justify;\">\u00a0\u00a0\u00a0\u00a0\u00a0\u00a0\u00a0\u00a0\u00a0\u00a0\u00a0 Este domingo ha sido el inicio de un cambio para la pol\u00edtica de M\u00e9xico, sin duda esta <strong>Elecci\u00f3n Judicial<\/strong> nos podr\u00e1 dar una idea de las necesidades que se tienen que resolver para poder emitir una decisi\u00f3n de esta magnitud, sin embargo, esto podremos saberlo hasta que la elecci\u00f3n de los votantes salgan a la luz.<\/p>\n","protected":false},"excerpt":{"rendered":"<p>Se llev\u00f3 a cabo el 1ro de junio uno de los ejercicios electorales m\u00e1s importantes de los \u00faltimos a\u00f1os; la<\/p>\n","protected":false},"author":10,"featured_media":10136,"comment_status":"open","ping_status":"open","sticky":false,"template":"","format":"standard","meta":{"colormag_page_container_layout":"default_layout","colormag_page_sidebar_layout":"default_layout","_jetpack_memberships_contains_paid_content":false,"footnotes":""},"categories":[48],"tags":[152,73,111],"class_list":["post-10135","post","type-post","status-publish","format-standard","has-post-thumbnail","hentry","category-politica","tag-cdmx","tag-claudia-sheinbaum","tag-politica-mexicana"],"magazineBlocksPostFeaturedMedia":{"thumbnail":"https:\/\/i0.wp.com\/damekiu.com\/wp\/wp-content\/uploads\/2025\/06\/WhatsApp-Image-2025-06-02-at-4.26.44-AM.jpeg?resize=150%2C150&ssl=1","medium":"https:\/\/i0.wp.com\/damekiu.com\/wp\/wp-content\/uploads\/2025\/06\/WhatsApp-Image-2025-06-02-at-4.26.44-AM.jpeg?fit=300%2C262&ssl=1","medium_large":"https:\/\/i0.wp.com\/damekiu.com\/wp\/wp-content\/uploads\/2025\/06\/WhatsApp-Image-2025-06-02-at-4.26.44-AM.jpeg?fit=768%2C670&ssl=1","large":"https:\/\/i0.wp.com\/damekiu.com\/wp\/wp-content\/uploads\/2025\/06\/WhatsApp-Image-2025-06-02-at-4.26.44-AM.jpeg?fit=800%2C698&ssl=1","1536x1536":"https:\/\/i0.wp.com\/damekiu.com\/wp\/wp-content\/uploads\/2025\/06\/WhatsApp-Image-2025-06-02-at-4.26.44-AM.jpeg?fit=1185%2C1034&ssl=1","2048x2048":"https:\/\/i0.wp.com\/damekiu.com\/wp\/wp-content\/uploads\/2025\/06\/WhatsApp-Image-2025-06-02-at-4.26.44-AM.jpeg?fit=1185%2C1034&ssl=1","colormag-highlighted-post":"https:\/\/i0.wp.com\/damekiu.com\/wp\/wp-content\/uploads\/2025\/06\/WhatsApp-Image-2025-06-02-at-4.26.44-AM.jpeg?resize=392%2C272&ssl=1","colormag-featured-post-medium":"https:\/\/i0.wp.com\/damekiu.com\/wp\/wp-content\/uploads\/2025\/06\/WhatsApp-Image-2025-06-02-at-4.26.44-AM.jpeg?resize=390%2C205&ssl=1","colormag-featured-post-small":"https:\/\/i0.wp.com\/damekiu.com\/wp\/wp-content\/uploads\/2025\/06\/WhatsApp-Image-2025-06-02-at-4.26.44-AM.jpeg?resize=130%2C90&ssl=1","colormag-featured-image":"https:\/\/i0.wp.com\/damekiu.com\/wp\/wp-content\/uploads\/2025\/06\/WhatsApp-Image-2025-06-02-at-4.26.44-AM.jpeg?resize=800%2C445&ssl=1","colormag-default-news":"https:\/\/i0.wp.com\/damekiu.com\/wp\/wp-content\/uploads\/2025\/06\/WhatsApp-Image-2025-06-02-at-4.26.44-AM.jpeg?resize=150%2C150&ssl=1","colormag-featured-image-large":"https:\/\/i0.wp.com\/damekiu.com\/wp\/wp-content\/uploads\/2025\/06\/WhatsApp-Image-2025-06-02-at-4.26.44-AM.jpeg?resize=1185%2C600&ssl=1"},"magazineBlocksPostAuthor":{"name":"Sam Ramos","avatar":"https:\/\/secure.gravatar.com\/avatar\/a32bbbc166d2107536385f66477bcc7701f7a1b8590334a4b0b91794e92631f0?s=96&d=mm&r=g"},"magazineBlocksPostCommentsNumber":"0","magazineBlocksPostExcerpt":"Se llev\u00f3 a cabo el 1ro de junio uno de los ejercicios electorales m\u00e1s importantes de los \u00faltimos a\u00f1os; la","magazineBlocksPostCategories":["Pol\u00edtica"],"magazineBlocksPostViewCount":444,"magazineBlocksPostReadTime":5,"magazine_blocks_featured_image_url":{"full":["https:\/\/i0.wp.com\/damekiu.com\/wp\/wp-content\/uploads\/2025\/06\/WhatsApp-Image-2025-06-02-at-4.26.44-AM.jpeg?fit=1185%2C1034&ssl=1",1185,1034,false],"medium":["https:\/\/i0.wp.com\/damekiu.com\/wp\/wp-content\/uploads\/2025\/06\/WhatsApp-Image-2025-06-02-at-4.26.44-AM.jpeg?fit=300%2C262&ssl=1",300,262,true],"thumbnail":["https:\/\/i0.wp.com\/damekiu.com\/wp\/wp-content\/uploads\/2025\/06\/WhatsApp-Image-2025-06-02-at-4.26.44-AM.jpeg?resize=150%2C150&ssl=1",150,150,true]},"magazine_blocks_author":{"display_name":"Sam Ramos","author_link":"https:\/\/damekiu.com\/wp\/author\/samuelramos\/"},"magazine_blocks_comment":1,"magazine_blocks_author_image":"https:\/\/secure.gravatar.com\/avatar\/a32bbbc166d2107536385f66477bcc7701f7a1b8590334a4b0b91794e92631f0?s=96&d=mm&r=g","magazine_blocks_category":"<a href=\"#\" class=\"category-link category-link-48\">Pol\u00edtica<\/a>","yoast_head":"<!-- This site is optimized with the Yoast SEO plugin v27.1.1 - https:\/\/yoast.com\/product\/yoast-seo-wordpress\/ -->\n<title>Elecci\u00f3n Judicial, un domingo que sacudi\u00f3 al pa\u00eds - Dame Kiu<\/title>\n<meta name=\"description\" content=\"La Elecci\u00f3n Judicial ha concluido, sin embargo, este suceso ha dado de que hablar en el pa\u00eds por la incertidumbre y premura de dicho proceso\" \/>\n<meta name=\"robots\" content=\"index, follow, max-snippet:-1, max-image-preview:large, max-video-preview:-1\" \/>\n<link rel=\"canonical\" href=\"https:\/\/damekiu.com\/wp\/una-eleccion-que-ha-sacudido-al-pais\/\" \/>\n<meta property=\"og:locale\" content=\"es_ES\" \/>\n<meta property=\"og:type\" content=\"article\" \/>\n<meta property=\"og:title\" content=\"Elecci\u00f3n Judicial, un domingo que sacudi\u00f3 al pa\u00eds - Dame Kiu\" \/>\n<meta property=\"og:description\" content=\"La Elecci\u00f3n Judicial ha concluido, sin embargo, este suceso ha dado de que hablar en el pa\u00eds por la incertidumbre y premura de dicho proceso\" \/>\n<meta property=\"og:url\" content=\"https:\/\/damekiu.com\/wp\/una-eleccion-que-ha-sacudido-al-pais\/\" \/>\n<meta property=\"og:site_name\" content=\"Dame Kiu\" \/>\n<meta property=\"article:published_time\" content=\"2025-06-02T10:53:43+00:00\" \/>\n<meta property=\"article:modified_time\" content=\"2025-06-05T04:09:24+00:00\" \/>\n<meta property=\"og:image\" content=\"https:\/\/damekiu.com\/wp\/wp-content\/uploads\/2025\/06\/WhatsApp-Image-2025-06-02-at-4.26.44-AM.jpeg\" \/>\n\t<meta property=\"og:image:width\" content=\"1185\" \/>\n\t<meta property=\"og:image:height\" content=\"1034\" \/>\n\t<meta property=\"og:image:type\" content=\"image\/jpeg\" \/>\n<meta name=\"author\" content=\"Sam Ramos\" \/>\n<meta name=\"twitter:card\" content=\"summary_large_image\" \/>\n<meta name=\"twitter:label1\" content=\"Escrito por\" \/>\n\t<meta name=\"twitter:data1\" content=\"Sam Ramos\" \/>\n\t<meta name=\"twitter:label2\" content=\"Tiempo de lectura\" \/>\n\t<meta name=\"twitter:data2\" content=\"4 minutos\" \/>\n<script type=\"application\/ld+json\" class=\"yoast-schema-graph\">{\"@context\":\"https:\/\/schema.org\",\"@graph\":[{\"@type\":\"Article\",\"@id\":\"https:\/\/damekiu.com\/wp\/una-eleccion-que-ha-sacudido-al-pais\/#article\",\"isPartOf\":{\"@id\":\"https:\/\/damekiu.com\/wp\/una-eleccion-que-ha-sacudido-al-pais\/\"},\"author\":{\"name\":\"Sam Ramos\",\"@id\":\"https:\/\/damekiu.com\/wp\/#\/schema\/person\/5cf948cd917cb76eee048060629c4878\"},\"headline\":\"Elecci\u00f3n Judicial, un domingo que sacudi\u00f3 al pa\u00eds\",\"datePublished\":\"2025-06-02T10:53:43+00:00\",\"dateModified\":\"2025-06-05T04:09:24+00:00\",\"mainEntityOfPage\":{\"@id\":\"https:\/\/damekiu.com\/wp\/una-eleccion-que-ha-sacudido-al-pais\/\"},\"wordCount\":851,\"commentCount\":0,\"image\":{\"@id\":\"https:\/\/damekiu.com\/wp\/una-eleccion-que-ha-sacudido-al-pais\/#primaryimage\"},\"thumbnailUrl\":\"https:\/\/i0.wp.com\/damekiu.com\/wp\/wp-content\/uploads\/2025\/06\/WhatsApp-Image-2025-06-02-at-4.26.44-AM.jpeg?fit=1185%2C1034&ssl=1\",\"keywords\":[\"CDMX\",\"Claudia Sheinbaum\",\"Pol\u00edtica mexicana\"],\"articleSection\":[\"Pol\u00edtica\"],\"inLanguage\":\"es\",\"potentialAction\":[{\"@type\":\"CommentAction\",\"name\":\"Comment\",\"target\":[\"https:\/\/damekiu.com\/wp\/una-eleccion-que-ha-sacudido-al-pais\/#respond\"]}]},{\"@type\":\"WebPage\",\"@id\":\"https:\/\/damekiu.com\/wp\/una-eleccion-que-ha-sacudido-al-pais\/\",\"url\":\"https:\/\/damekiu.com\/wp\/una-eleccion-que-ha-sacudido-al-pais\/\",\"name\":\"Elecci\u00f3n Judicial, un domingo que sacudi\u00f3 al pa\u00eds - Dame Kiu\",\"isPartOf\":{\"@id\":\"https:\/\/damekiu.com\/wp\/#website\"},\"primaryImageOfPage\":{\"@id\":\"https:\/\/damekiu.com\/wp\/una-eleccion-que-ha-sacudido-al-pais\/#primaryimage\"},\"image\":{\"@id\":\"https:\/\/damekiu.com\/wp\/una-eleccion-que-ha-sacudido-al-pais\/#primaryimage\"},\"thumbnailUrl\":\"https:\/\/i0.wp.com\/damekiu.com\/wp\/wp-content\/uploads\/2025\/06\/WhatsApp-Image-2025-06-02-at-4.26.44-AM.jpeg?fit=1185%2C1034&ssl=1\",\"datePublished\":\"2025-06-02T10:53:43+00:00\",\"dateModified\":\"2025-06-05T04:09:24+00:00\",\"author\":{\"@id\":\"https:\/\/damekiu.com\/wp\/#\/schema\/person\/5cf948cd917cb76eee048060629c4878\"},\"description\":\"La Elecci\u00f3n Judicial ha concluido, sin embargo, este suceso ha dado de que hablar en el pa\u00eds por la incertidumbre y premura de dicho proceso\",\"breadcrumb\":{\"@id\":\"https:\/\/damekiu.com\/wp\/una-eleccion-que-ha-sacudido-al-pais\/#breadcrumb\"},\"inLanguage\":\"es\",\"potentialAction\":[{\"@type\":\"ReadAction\",\"target\":[\"https:\/\/damekiu.com\/wp\/una-eleccion-que-ha-sacudido-al-pais\/\"]}]},{\"@type\":\"ImageObject\",\"inLanguage\":\"es\",\"@id\":\"https:\/\/damekiu.com\/wp\/una-eleccion-que-ha-sacudido-al-pais\/#primaryimage\",\"url\":\"https:\/\/i0.wp.com\/damekiu.com\/wp\/wp-content\/uploads\/2025\/06\/WhatsApp-Image-2025-06-02-at-4.26.44-AM.jpeg?fit=1185%2C1034&ssl=1\",\"contentUrl\":\"https:\/\/i0.wp.com\/damekiu.com\/wp\/wp-content\/uploads\/2025\/06\/WhatsApp-Image-2025-06-02-at-4.26.44-AM.jpeg?fit=1185%2C1034&ssl=1\",\"width\":1185,\"height\":1034,\"caption\":\"Elecci\u00f3n Judicial\"},{\"@type\":\"BreadcrumbList\",\"@id\":\"https:\/\/damekiu.com\/wp\/una-eleccion-que-ha-sacudido-al-pais\/#breadcrumb\",\"itemListElement\":[{\"@type\":\"ListItem\",\"position\":1,\"name\":\"Portada\",\"item\":\"https:\/\/damekiu.com\/wp\/\"},{\"@type\":\"ListItem\",\"position\":2,\"name\":\"Elecci\u00f3n Judicial, un domingo que sacudi\u00f3 al pa\u00eds\"}]},{\"@type\":\"WebSite\",\"@id\":\"https:\/\/damekiu.com\/wp\/#website\",\"url\":\"https:\/\/damekiu.com\/wp\/\",\"name\":\"Dame Kiu\",\"description\":\"Agencia Informativa digital \",\"potentialAction\":[{\"@type\":\"SearchAction\",\"target\":{\"@type\":\"EntryPoint\",\"urlTemplate\":\"https:\/\/damekiu.com\/wp\/?s={search_term_string}\"},\"query-input\":{\"@type\":\"PropertyValueSpecification\",\"valueRequired\":true,\"valueName\":\"search_term_string\"}}],\"inLanguage\":\"es\"},{\"@type\":\"Person\",\"@id\":\"https:\/\/damekiu.com\/wp\/#\/schema\/person\/5cf948cd917cb76eee048060629c4878\",\"name\":\"Sam Ramos\",\"image\":{\"@type\":\"ImageObject\",\"inLanguage\":\"es\",\"@id\":\"https:\/\/damekiu.com\/wp\/#\/schema\/person\/image\/\",\"url\":\"https:\/\/secure.gravatar.com\/avatar\/a32bbbc166d2107536385f66477bcc7701f7a1b8590334a4b0b91794e92631f0?s=96&d=mm&r=g\",\"contentUrl\":\"https:\/\/secure.gravatar.com\/avatar\/a32bbbc166d2107536385f66477bcc7701f7a1b8590334a4b0b91794e92631f0?s=96&d=mm&r=g\",\"caption\":\"Sam Ramos\"},\"url\":\"https:\/\/damekiu.com\/wp\/author\/samuelramos\/\"}]}<\/script>\n<!-- \/ Yoast SEO plugin. -->","yoast_head_json":{"title":"Elecci\u00f3n Judicial, un domingo que sacudi\u00f3 al pa\u00eds - Dame Kiu","description":"La Elecci\u00f3n Judicial ha concluido, sin embargo, este suceso ha dado de que hablar en el pa\u00eds por la incertidumbre y premura de dicho proceso","robots":{"index":"index","follow":"follow","max-snippet":"max-snippet:-1","max-image-preview":"max-image-preview:large","max-video-preview":"max-video-preview:-1"},"canonical":"https:\/\/damekiu.com\/wp\/una-eleccion-que-ha-sacudido-al-pais\/","og_locale":"es_ES","og_type":"article","og_title":"Elecci\u00f3n Judicial, un domingo que sacudi\u00f3 al pa\u00eds - Dame Kiu","og_description":"La Elecci\u00f3n Judicial ha concluido, sin embargo, este suceso ha dado de que hablar en el pa\u00eds por la incertidumbre y premura de dicho proceso","og_url":"https:\/\/damekiu.com\/wp\/una-eleccion-que-ha-sacudido-al-pais\/","og_site_name":"Dame Kiu","article_published_time":"2025-06-02T10:53:43+00:00","article_modified_time":"2025-06-05T04:09:24+00:00","og_image":[{"width":1185,"height":1034,"url":"https:\/\/damekiu.com\/wp\/wp-content\/uploads\/2025\/06\/WhatsApp-Image-2025-06-02-at-4.26.44-AM.jpeg","type":"image\/jpeg"}],"author":"Sam Ramos","twitter_card":"summary_large_image","twitter_misc":{"Escrito por":"Sam Ramos","Tiempo de lectura":"4 minutos"},"schema":{"@context":"https:\/\/schema.org","@graph":[{"@type":"Article","@id":"https:\/\/damekiu.com\/wp\/una-eleccion-que-ha-sacudido-al-pais\/#article","isPartOf":{"@id":"https:\/\/damekiu.com\/wp\/una-eleccion-que-ha-sacudido-al-pais\/"},"author":{"name":"Sam Ramos","@id":"https:\/\/damekiu.com\/wp\/#\/schema\/person\/5cf948cd917cb76eee048060629c4878"},"headline":"Elecci\u00f3n Judicial, un domingo que sacudi\u00f3 al pa\u00eds","datePublished":"2025-06-02T10:53:43+00:00","dateModified":"2025-06-05T04:09:24+00:00","mainEntityOfPage":{"@id":"https:\/\/damekiu.com\/wp\/una-eleccion-que-ha-sacudido-al-pais\/"},"wordCount":851,"commentCount":0,"image":{"@id":"https:\/\/damekiu.com\/wp\/una-eleccion-que-ha-sacudido-al-pais\/#primaryimage"},"thumbnailUrl":"https:\/\/i0.wp.com\/damekiu.com\/wp\/wp-content\/uploads\/2025\/06\/WhatsApp-Image-2025-06-02-at-4.26.44-AM.jpeg?fit=1185%2C1034&ssl=1","keywords":["CDMX","Claudia Sheinbaum","Pol\u00edtica mexicana"],"articleSection":["Pol\u00edtica"],"inLanguage":"es","potentialAction":[{"@type":"CommentAction","name":"Comment","target":["https:\/\/damekiu.com\/wp\/una-eleccion-que-ha-sacudido-al-pais\/#respond"]}]},{"@type":"WebPage","@id":"https:\/\/damekiu.com\/wp\/una-eleccion-que-ha-sacudido-al-pais\/","url":"https:\/\/damekiu.com\/wp\/una-eleccion-que-ha-sacudido-al-pais\/","name":"Elecci\u00f3n Judicial, un domingo que sacudi\u00f3 al pa\u00eds - Dame Kiu","isPartOf":{"@id":"https:\/\/damekiu.com\/wp\/#website"},"primaryImageOfPage":{"@id":"https:\/\/damekiu.com\/wp\/una-eleccion-que-ha-sacudido-al-pais\/#primaryimage"},"image":{"@id":"https:\/\/damekiu.com\/wp\/una-eleccion-que-ha-sacudido-al-pais\/#primaryimage"},"thumbnailUrl":"https:\/\/i0.wp.com\/damekiu.com\/wp\/wp-content\/uploads\/2025\/06\/WhatsApp-Image-2025-06-02-at-4.26.44-AM.jpeg?fit=1185%2C1034&ssl=1","datePublished":"2025-06-02T10:53:43+00:00","dateModified":"2025-06-05T04:09:24+00:00","author":{"@id":"https:\/\/damekiu.com\/wp\/#\/schema\/person\/5cf948cd917cb76eee048060629c4878"},"description":"La Elecci\u00f3n Judicial ha concluido, sin embargo, este suceso ha dado de que hablar en el pa\u00eds por la incertidumbre y premura de dicho proceso","breadcrumb":{"@id":"https:\/\/damekiu.com\/wp\/una-eleccion-que-ha-sacudido-al-pais\/#breadcrumb"},"inLanguage":"es","potentialAction":[{"@type":"ReadAction","target":["https:\/\/damekiu.com\/wp\/una-eleccion-que-ha-sacudido-al-pais\/"]}]},{"@type":"ImageObject","inLanguage":"es","@id":"https:\/\/damekiu.com\/wp\/una-eleccion-que-ha-sacudido-al-pais\/#primaryimage","url":"https:\/\/i0.wp.com\/damekiu.com\/wp\/wp-content\/uploads\/2025\/06\/WhatsApp-Image-2025-06-02-at-4.26.44-AM.jpeg?fit=1185%2C1034&ssl=1","contentUrl":"https:\/\/i0.wp.com\/damekiu.com\/wp\/wp-content\/uploads\/2025\/06\/WhatsApp-Image-2025-06-02-at-4.26.44-AM.jpeg?fit=1185%2C1034&ssl=1","width":1185,"height":1034,"caption":"Elecci\u00f3n Judicial"},{"@type":"BreadcrumbList","@id":"https:\/\/damekiu.com\/wp\/una-eleccion-que-ha-sacudido-al-pais\/#breadcrumb","itemListElement":[{"@type":"ListItem","position":1,"name":"Portada","item":"https:\/\/damekiu.com\/wp\/"},{"@type":"ListItem","position":2,"name":"Elecci\u00f3n Judicial, un domingo que sacudi\u00f3 al pa\u00eds"}]},{"@type":"WebSite","@id":"https:\/\/damekiu.com\/wp\/#website","url":"https:\/\/damekiu.com\/wp\/","name":"Dame Kiu","description":"Agencia Informativa digital ","potentialAction":[{"@type":"SearchAction","target":{"@type":"EntryPoint","urlTemplate":"https:\/\/damekiu.com\/wp\/?s={search_term_string}"},"query-input":{"@type":"PropertyValueSpecification","valueRequired":true,"valueName":"search_term_string"}}],"inLanguage":"es"},{"@type":"Person","@id":"https:\/\/damekiu.com\/wp\/#\/schema\/person\/5cf948cd917cb76eee048060629c4878","name":"Sam Ramos","image":{"@type":"ImageObject","inLanguage":"es","@id":"https:\/\/damekiu.com\/wp\/#\/schema\/person\/image\/","url":"https:\/\/secure.gravatar.com\/avatar\/a32bbbc166d2107536385f66477bcc7701f7a1b8590334a4b0b91794e92631f0?s=96&d=mm&r=g","contentUrl":"https:\/\/secure.gravatar.com\/avatar\/a32bbbc166d2107536385f66477bcc7701f7a1b8590334a4b0b91794e92631f0?s=96&d=mm&r=g","caption":"Sam Ramos"},"url":"https:\/\/damekiu.com\/wp\/author\/samuelramos\/"}]}},"jetpack_featured_media_url":"https:\/\/i0.wp.com\/damekiu.com\/wp\/wp-content\/uploads\/2025\/06\/WhatsApp-Image-2025-06-02-at-4.26.44-AM.jpeg?fit=1185%2C1034&ssl=1","jetpack_sharing_enabled":true,"jetpack-related-posts":[{"id":1441,"url":"https:\/\/damekiu.com\/wp\/ine-baja-104-casillas\/","url_meta":{"origin":10135,"position":0},"title":"INE decide dar de baja a 104 casillas por violencia","author":"Jessica Anaya","date":"mayo 30, 2024","format":false,"excerpt":"El INE baja 104 casillas, as\u00ed es el Instituto Nacional Electoral se\u00f1al\u00f3 que esto ser\u00e1 en diferentes entidades de la Rep\u00fablica Mexicana donde se ver\u00e1n afectados en 60 mil 645 electores. Durante las campa\u00f1as del \u00faltimo a\u00f1o se han registrado condiciones de inseguridad, actos de violencia directa contra funcionarios de\u2026","rel":"","context":"En \u00abPol\u00edtica\u00bb","block_context":{"text":"Pol\u00edtica","link":"https:\/\/damekiu.com\/wp\/category\/politica\/"},"img":{"alt_text":"INE baja 104 casillas","src":"https:\/\/i0.wp.com\/damekiu.com\/wp\/wp-content\/uploads\/2024\/05\/Diseno-sin-titulo-1-3.jpg?fit=1024%2C769&ssl=1&resize=350%2C200","width":350,"height":200,"srcset":"https:\/\/i0.wp.com\/damekiu.com\/wp\/wp-content\/uploads\/2024\/05\/Diseno-sin-titulo-1-3.jpg?fit=1024%2C769&ssl=1&resize=350%2C200 1x, https:\/\/i0.wp.com\/damekiu.com\/wp\/wp-content\/uploads\/2024\/05\/Diseno-sin-titulo-1-3.jpg?fit=1024%2C769&ssl=1&resize=525%2C300 1.5x, https:\/\/i0.wp.com\/damekiu.com\/wp\/wp-content\/uploads\/2024\/05\/Diseno-sin-titulo-1-3.jpg?fit=1024%2C769&ssl=1&resize=700%2C400 2x"},"classes":[]},{"id":1688,"url":"https:\/\/damekiu.com\/wp\/elecciones-mas-violentas\/","url_meta":{"origin":10135,"position":1},"title":"Vivimos las elecciones m\u00e1s violentas de la historia de M\u00e9xico","author":"Jessica Anaya","date":"junio 4, 2024","format":false,"excerpt":"De acuerdo con reporte del Laboratorio Electoral; M\u00e9xico celebr\u00f3 una de las elecciones m\u00e1s violentas de la historia. Al menos con 321 casos de agresiones, entre amenazas y homicidios. En los \u00faltimos meses hemos sido testigos del proceso electoral m\u00e1s grande de la historia de M\u00e9xico pero tambi\u00e9n las m\u00e1s\u2026","rel":"","context":"En \u00abPol\u00edtica\u00bb","block_context":{"text":"Pol\u00edtica","link":"https:\/\/damekiu.com\/wp\/category\/politica\/"},"img":{"alt_text":"Las elecciones","src":"https:\/\/i0.wp.com\/damekiu.com\/wp\/wp-content\/uploads\/2024\/06\/Diseno-sin-titulo.jpeg?fit=1024%2C768&ssl=1&resize=350%2C200","width":350,"height":200,"srcset":"https:\/\/i0.wp.com\/damekiu.com\/wp\/wp-content\/uploads\/2024\/06\/Diseno-sin-titulo.jpeg?fit=1024%2C768&ssl=1&resize=350%2C200 1x, https:\/\/i0.wp.com\/damekiu.com\/wp\/wp-content\/uploads\/2024\/06\/Diseno-sin-titulo.jpeg?fit=1024%2C768&ssl=1&resize=525%2C300 1.5x, https:\/\/i0.wp.com\/damekiu.com\/wp\/wp-content\/uploads\/2024\/06\/Diseno-sin-titulo.jpeg?fit=1024%2C768&ssl=1&resize=700%2C400 2x"},"classes":[]},{"id":2063,"url":"https:\/\/damekiu.com\/wp\/crimen-organizado-un-votante-mas\/","url_meta":{"origin":10135,"position":2},"title":"Crimen Organizado; un votante m\u00e1s","author":"Jessica Anaya","date":"junio 12, 2024","format":false,"excerpt":"En las pasadas elecciones del 2 de junio, sucedieron varios acontecimientos en donde el crimen organizado fue autor. Casillas quemadas, boletas robadas, funcionarios de casilla amenazados y candidatos asesinados durante sus campa\u00f1as. Grupos que operan fuera de la ley que ponen en riesgo nuestra democracia, son algunas de las consecuencias\u2026","rel":"","context":"En \u00abOpini\u00f3n\u00bb","block_context":{"text":"Opini\u00f3n","link":"https:\/\/damekiu.com\/wp\/category\/opinion\/"},"img":{"alt_text":"Crimen Organizado","src":"https:\/\/i0.wp.com\/damekiu.com\/wp\/wp-content\/uploads\/2024\/06\/Diseno-sin-titulo-6.jpeg?fit=1074%2C768&ssl=1&resize=350%2C200","width":350,"height":200,"srcset":"https:\/\/i0.wp.com\/damekiu.com\/wp\/wp-content\/uploads\/2024\/06\/Diseno-sin-titulo-6.jpeg?fit=1074%2C768&ssl=1&resize=350%2C200 1x, https:\/\/i0.wp.com\/damekiu.com\/wp\/wp-content\/uploads\/2024\/06\/Diseno-sin-titulo-6.jpeg?fit=1074%2C768&ssl=1&resize=525%2C300 1.5x, https:\/\/i0.wp.com\/damekiu.com\/wp\/wp-content\/uploads\/2024\/06\/Diseno-sin-titulo-6.jpeg?fit=1074%2C768&ssl=1&resize=700%2C400 2x, https:\/\/i0.wp.com\/damekiu.com\/wp\/wp-content\/uploads\/2024\/06\/Diseno-sin-titulo-6.jpeg?fit=1074%2C768&ssl=1&resize=1050%2C600 3x"},"classes":[]},{"id":2454,"url":"https:\/\/damekiu.com\/wp\/que-es-una-casilla-zapato\/","url_meta":{"origin":10135,"position":3},"title":"Votaciones hist\u00f3ricas: Anomal\u00edas, Casillas zapato y Violencia","author":"Valentina Najera","date":"junio 16, 2024","format":false,"excerpt":"El pasado domingo 2 de junio vivimos una jornada de votaci\u00f3n hist\u00f3rica, se votaron por 629 cargos como Presidencia de la Rep\u00fablica, Jefatura de Gobierno, Alcald\u00edas, Municipales, Senadur\u00edas y Diputaciones. En la Ciudad de M\u00e9xico, la coalici\u00f3n entre Movimiento de Regeneraci\u00f3n Nacional (Morena), el Partido Verde Ecologista de M\u00e9xico (PVEM)\u2026","rel":"","context":"En \u00abPol\u00edtica\u00bb","block_context":{"text":"Pol\u00edtica","link":"https:\/\/damekiu.com\/wp\/category\/politica\/"},"img":{"alt_text":"\u00bfQu\u00e9 es una casilla zapato?","src":"https:\/\/i0.wp.com\/damekiu.com\/wp\/wp-content\/uploads\/2024\/06\/IMG_5780-225x300.jpeg?resize=350%2C200&ssl=1","width":350,"height":200},"classes":[]},{"id":1630,"url":"https:\/\/damekiu.com\/wp\/casillas-elecciones-ine\/","url_meta":{"origin":10135,"position":4},"title":"Abren 170 mil casillas para las elecciones m\u00e1s grandes de M\u00e9xico","author":"Guadalupe Fuentes","date":"junio 2, 2024","format":false,"excerpt":"Este dos de junio, en punto de las 08:00 horas, se abrieron m\u00e1s de 170 mil casillas que, estar\u00e1n abiertas hasta las 18:00 horas de cada entidad, y a las 20:00 horas, el Instituto Nacional Electoral (INE), dar\u00e1 a conocer los resultados preliminares. Se tiene previsto que alrededor de 98\u2026","rel":"","context":"En \u00abPol\u00edtica\u00bb","block_context":{"text":"Pol\u00edtica","link":"https:\/\/damekiu.com\/wp\/category\/politica\/"},"img":{"alt_text":"170 mil casillas","src":"https:\/\/i0.wp.com\/damekiu.com\/wp\/wp-content\/uploads\/2024\/06\/Diseno-sin-titulo-7.jpg?fit=1024%2C768&ssl=1&resize=350%2C200","width":350,"height":200,"srcset":"https:\/\/i0.wp.com\/damekiu.com\/wp\/wp-content\/uploads\/2024\/06\/Diseno-sin-titulo-7.jpg?fit=1024%2C768&ssl=1&resize=350%2C200 1x, https:\/\/i0.wp.com\/damekiu.com\/wp\/wp-content\/uploads\/2024\/06\/Diseno-sin-titulo-7.jpg?fit=1024%2C768&ssl=1&resize=525%2C300 1.5x, https:\/\/i0.wp.com\/damekiu.com\/wp\/wp-content\/uploads\/2024\/06\/Diseno-sin-titulo-7.jpg?fit=1024%2C768&ssl=1&resize=700%2C400 2x"},"classes":[]},{"id":1894,"url":"https:\/\/damekiu.com\/wp\/conteo-de-votos-en-jalisco\/","url_meta":{"origin":10135,"position":5},"title":"Voto x Voto: Morena asegura victoria en Jalisco tras encontrar boletas electorales en bolsas de basura.","author":"Dali Rend\u00f3n","date":"junio 6, 2024","format":false,"excerpt":"A cuatro d\u00edas de las elecciones en M\u00e9xico, las y los candidatos salen a defender su voto, muestra de ello es el conteo de votos en Jalisco, en donde Claudia Delgadillo, ex candidata a la gobernatura del estado lo est\u00e1 exigiendo. Mario Delgado, dirigente del partido asegur\u00f3 que al menos\u2026","rel":"","context":"En \u00abPol\u00edtica\u00bb","block_context":{"text":"Pol\u00edtica","link":"https:\/\/damekiu.com\/wp\/category\/politica\/"},"img":{"alt_text":"conteo de votos en Jalisco","src":"https:\/\/i0.wp.com\/damekiu.com\/wp\/wp-content\/uploads\/2024\/06\/WhatsApp-Image-2024-06-06-at-12.53.50-PM.jpeg?fit=1155%2C768&ssl=1&resize=350%2C200","width":350,"height":200,"srcset":"https:\/\/i0.wp.com\/damekiu.com\/wp\/wp-content\/uploads\/2024\/06\/WhatsApp-Image-2024-06-06-at-12.53.50-PM.jpeg?fit=1155%2C768&ssl=1&resize=350%2C200 1x, https:\/\/i0.wp.com\/damekiu.com\/wp\/wp-content\/uploads\/2024\/06\/WhatsApp-Image-2024-06-06-at-12.53.50-PM.jpeg?fit=1155%2C768&ssl=1&resize=525%2C300 1.5x, https:\/\/i0.wp.com\/damekiu.com\/wp\/wp-content\/uploads\/2024\/06\/WhatsApp-Image-2024-06-06-at-12.53.50-PM.jpeg?fit=1155%2C768&ssl=1&resize=700%2C400 2x, https:\/\/i0.wp.com\/damekiu.com\/wp\/wp-content\/uploads\/2024\/06\/WhatsApp-Image-2024-06-06-at-12.53.50-PM.jpeg?fit=1155%2C768&ssl=1&resize=1050%2C600 3x"},"classes":[]}],"_links":{"self":[{"href":"https:\/\/damekiu.com\/wp\/wp-json\/wp\/v2\/posts\/10135","targetHints":{"allow":["GET"]}}],"collection":[{"href":"https:\/\/damekiu.com\/wp\/wp-json\/wp\/v2\/posts"}],"about":[{"href":"https:\/\/damekiu.com\/wp\/wp-json\/wp\/v2\/types\/post"}],"author":[{"embeddable":true,"href":"https:\/\/damekiu.com\/wp\/wp-json\/wp\/v2\/users\/10"}],"replies":[{"embeddable":true,"href":"https:\/\/damekiu.com\/wp\/wp-json\/wp\/v2\/comments?post=10135"}],"version-history":[{"count":6,"href":"https:\/\/damekiu.com\/wp\/wp-json\/wp\/v2\/posts\/10135\/revisions"}],"predecessor-version":[{"id":10140,"href":"https:\/\/damekiu.com\/wp\/wp-json\/wp\/v2\/posts\/10135\/revisions\/10140"}],"wp:featuredmedia":[{"embeddable":true,"href":"https:\/\/damekiu.com\/wp\/wp-json\/wp\/v2\/media\/10136"}],"wp:attachment":[{"href":"https:\/\/damekiu.com\/wp\/wp-json\/wp\/v2\/media?parent=10135"}],"wp:term":[{"taxonomy":"category","embeddable":true,"href":"https:\/\/damekiu.com\/wp\/wp-json\/wp\/v2\/categories?post=10135"},{"taxonomy":"post_tag","embeddable":true,"href":"https:\/\/damekiu.com\/wp\/wp-json\/wp\/v2\/tags?post=10135"}],"curies":[{"name":"wp","href":"https:\/\/api.w.org\/{rel}","templated":true}]}}