{"id":10022,"date":"2025-04-21T16:37:14","date_gmt":"2025-04-21T22:37:14","guid":{"rendered":"https:\/\/damekiu.com\/wp\/?p=10022"},"modified":"2025-04-21T16:37:14","modified_gmt":"2025-04-21T22:37:14","slug":"electromovilidad-en-mexico","status":"publish","type":"post","link":"https:\/\/damekiu.com\/wp\/electromovilidad-en-mexico\/","title":{"rendered":"\u00bfEs rentable la electromovilidad en M\u00e9xico?"},"content":{"rendered":"<p style=\"text-align: justify;\"><span style=\"font-weight: 400;\">La electromovilidad en M\u00e9xico es un fen\u00f3meno que poco a poco est\u00e1 escribiendo el futuro de la humanidad y el estilo en c\u00f3mo nos trasladamos de un punto a otro.<\/span><\/p>\n<p style=\"text-align: justify;\"><span style=\"font-weight: 400;\">Es evidente que los <strong>veh\u00edculos de combusti\u00f3n<\/strong> interna <strong>son el principal medio de transporte<\/strong> para el ser humano, sin embargo, su huella de carbono es un factor alarmante para el medio ambiente gracias a todas las emisiones que \u00e9ste produce. No obstante, la problem\u00e1tica hizo despertar la curiosidad de frenarlo e inventar un <strong>nuevo concepto de electromovilidad en M\u00e9xico: autos el\u00e9ctricos.<\/strong>\u00a0<\/span><\/p>\n<p style=\"text-align: justify;\"><span style=\"font-weight: 400;\">Desde este punto entendemos el origen de la \u201celectromovilidad\u201d.<\/span><\/p>\n<p style=\"text-align: justify;\"><span style=\"font-weight: 400;\">Aunque, \u00bfqu\u00e9 es la electromovilidad?<\/span><\/p>\n<p style=\"text-align: justify;\"><span style=\"font-weight: 400;\">La electromovilidad se refiere al t\u00e9rmino que se emplea para todo tipo de transportes que usen tecnolog\u00edas de <strong>propulsi\u00f3n el\u00e9ctrica<\/strong>. Ya sea de manera total o parcial; por ejemplo, bicicletas, motocicletas, trenes, aviones, veh\u00edculos, etc.<\/span><\/p>\n<p style=\"text-align: justify;\"><span style=\"font-weight: 400;\">Todo consiste en el funcionamiento del motor el\u00e9ctrico, se basa en la conversi\u00f3n de energ\u00eda el\u00e9ctrica a energ\u00eda mec\u00e1nica. El propulsor para dicho funcionamiento suele estar ubicado en la parte delantera o trasera de la unidad. Ahora, un factor es el calentamiento que recibe la bater\u00eda y el motor, por lo tanto, una refrigeraci\u00f3n eficaz para dichos elementos es fundamental.\u00a0<\/span><\/p>\n<p style=\"text-align: justify;\"><span style=\"font-weight: 400;\">Tambi\u00e9n, otro factor a considerar es el sistema de control, el cual su objetivo principal es gestionar el flujo de energ\u00eda entre la bater\u00eda y el motor. Lo realiza convirtiendo la energ\u00eda cin\u00e9tica a energ\u00eda el\u00e9ctrica, cargando la bater\u00eda.<\/span><\/p>\n<p style=\"text-align: justify;\"><b>C\u00f3mo se encuentra el mundo y c\u00f3mo se encuentra M\u00e9xico<\/b><\/p>\n<p style=\"text-align: justify;\"><span style=\"font-weight: 400;\">Ahora, <strong>la sustentabilidad el\u00e9ctrica avanza d\u00eda con d\u00eda hacia un futuro san\u00f3<\/strong> con el fin de prolongar nuestra existencia en el planeta, mismo que atraviesa por una crisis medioambiental provocada por el ser humano desde hace varios a\u00f1os.\u00a0<\/span><\/p>\n<p style=\"text-align: justify;\"><span style=\"font-weight: 400;\">Durante las \u00faltimas d\u00e9cadas, la electromovilidad tom\u00f3 un papel fundamental como soluci\u00f3n a la huella de carbono en la vida de las personas debido a su bajo costo y efectividad. <strong>Pa\u00edses como China, Noruega, Alemania y Estados Unidos, encabezan la lista de consumidores<\/strong>, por su libre mercado entre empresas que garantizan eficiencia y sostenibilidad en sus veh\u00edculos.\u00a0<\/span><\/p>\n<p style=\"text-align: justify;\"><span style=\"font-weight: 400;\">Actualmente la electromovilidad ampl\u00eda el mercado el\u00e9ctrico y genera un valor mayor de las empresas que implementen tecnolog\u00eda el\u00e9ctrica tanto para el cuidado del medio ambiente como competitividad en el sector automotriz.\u00a0<\/span><\/p>\n<p style=\"text-align: justify;\"><span style=\"font-weight: 400;\"><strong>La electromovilidad en M\u00e9xico<\/strong> no se queda atr\u00e1s, puesto que en <strong>el pa\u00eds los autos el\u00e9ctricos ocupan aproximadamente entre el 10.34 % del total.<\/strong> Esta cifra nos dice, que cada d\u00eda va en aumento la circulaci\u00f3n de esta tecnolog\u00eda, algo beneficioso para las grandes ciudades emisoras de contaminaci\u00f3n.\u00a0<\/span><\/p>\n<p style=\"text-align: justify;\"><span style=\"font-weight: 400;\">Sin embargo, actualmente M\u00e9xico padece de limitantes que impiden el desarrollo al cien por ciento de la electromovilidad, debido a que carece de puntos clave; entre ellos, est\u00e1 <strong>la reforma a la Comisi\u00f3n Federal de Electricidad (CFE)<\/strong> a una empresa p\u00fablica, <strong>esta modificaci\u00f3n reduce y regula la participaci\u00f3n del sector privado mientras le da mayor poder al Estado.\u00a0<\/strong><\/span><\/p>\n<p style=\"text-align: justify;\"><span style=\"font-weight: 400;\">Si bien, el conflicto a tratar entre empresa y Estado es la autonom\u00eda en las instituciones para mayor efectividad de los veh\u00edculos; sino existe una garant\u00eda de libertad, disminuye la inversi\u00f3n, as\u00ed como aumento de normas en los acuerdos.\u00a0<\/span><\/p>\n<p style=\"text-align: justify;\"><span style=\"font-weight: 400;\">S\u00famese que <strong>la falta de infraestructura<\/strong> de electromovilidad en M\u00e9xico y la falta de recursos <strong>dificulta realizar viajes de larga distancia en un veh\u00edculo el\u00e9ctrico.<\/strong> Salvo excepciones en zonas desarrolladas o grandes metr\u00f3polis como Guadalajara y Monterrey.<\/span><\/p>\n<p style=\"text-align: justify;\"><span style=\"font-weight: 400;\">Se tiene que garantizar la seguridad en territorios de provincia para evitar destrozos o robos en los cargadores, debido a que muchos inversionistas temen por la poca protecci\u00f3n en los estados con mayor \u00edndice de inseguridad.\u00a0<\/span><\/p>\n<p style=\"text-align: justify;\"><b>\u00bfC\u00f3mo es el mercado de coches el\u00e9ctricos? \u00bfCu\u00e1les marcas ya tienen una apuesta el\u00e9ctrica y sus caracter\u00edsticas?<\/b><\/p>\n<p style=\"text-align: justify;\"><span style=\"font-weight: 400;\">Actualmente M\u00e9xico tiene un amplio cat\u00e1logo en electromovilidad, para fortuna de las empresas, la tendencia de tener un auto el\u00e9ctrico ha beneficiado el aumento de ventas y rentabilidad de los consumidores.\u00a0<\/span><\/p>\n<p style=\"text-align: justify;\"><span style=\"font-weight: 400;\"><strong>La demanda creciente llev\u00f3 a un nuevo mercado que oblig\u00f3 a m\u00faltiples empresas adaptarse y crear su propia versi\u00f3n;<\/strong> cabe aclarar, con la llegada de nuevas marcas, influenci\u00f3 en la forma de resaltar sus caracter\u00edsticas, debido a que ahora es m\u00e1s competido el mercado automotriz en ese rubro.\u00a0<\/span><\/p>\n<p style=\"text-align: justify;\"><span style=\"font-weight: 400;\">En M\u00e9xico, la mayor\u00eda de las compa\u00f1\u00edas presentan una edici\u00f3n vehicular ecosostenible, H\u00edbrido y El\u00e9ctrico, \u00e9stos, benefician al medio ambiente de igual manera que buscan la atracci\u00f3n del cliente.\u00a0<\/span><\/p>\n<p style=\"text-align: justify;\"><span style=\"font-weight: 400;\">Entre los puntos destacables de \u00e9stas dos modalidades presentan <strong>tecnolog\u00eda sostenible<\/strong>; por una parte, el motor h\u00edbrido funciona mediante energ\u00eda de combusti\u00f3n interna (gasolina) que recargue la bater\u00eda del coche; mientras, el motor del auto el\u00e9ctrico funciona en su totalidad con electricidad.<\/span><\/p>\n<p style=\"text-align: justify;\"><span style=\"font-weight: 400;\">Aunque las dos modalidades brindan un aporte al medio ambiente, <strong>el h\u00edbrido<\/strong> (dependiendo su funcionalidad) <strong>a\u00fan genera una huella de carbono.<\/strong> En s\u00ed, nos enfocamos en aquellas agencias con veh\u00edculos totalmente el\u00e9ctricos, entre ellas destacan:\u00a0<\/span><\/p>\n<p style=\"text-align: justify;\"><strong>Tesla<\/strong><\/p>\n<figure id=\"attachment_10024\" aria-describedby=\"caption-attachment-10024\" style=\"width: 723px\" class=\"wp-caption alignnone\"><img data-recalc-dims=\"1\" loading=\"lazy\" decoding=\"async\" class=\" wp-image-10024\" src=\"https:\/\/i0.wp.com\/damekiu.com\/wp\/wp-content\/uploads\/2025\/04\/tesla.png?resize=723%2C289&#038;ssl=1\" alt=\"electromovilidad en M\u00e9xico\" width=\"723\" height=\"289\" srcset=\"https:\/\/i0.wp.com\/damekiu.com\/wp\/wp-content\/uploads\/2025\/04\/tesla.png?resize=300%2C120&amp;ssl=1 300w, https:\/\/i0.wp.com\/damekiu.com\/wp\/wp-content\/uploads\/2025\/04\/tesla.png?resize=1024%2C408&amp;ssl=1 1024w, https:\/\/i0.wp.com\/damekiu.com\/wp\/wp-content\/uploads\/2025\/04\/tesla.png?resize=768%2C306&amp;ssl=1 768w, https:\/\/i0.wp.com\/damekiu.com\/wp\/wp-content\/uploads\/2025\/04\/tesla.png?w=1280&amp;ssl=1 1280w\" sizes=\"auto, (max-width: 723px) 100vw, 723px\" \/><figcaption id=\"caption-attachment-10024\" class=\"wp-caption-text\">Fuente: Sitio web de Tesla<\/figcaption><\/figure>\n<p style=\"text-align: justify;\"><span style=\"font-weight: 400;\">Est\u00e1 posicionado en primer lugar debido a su avanzada tecnolog\u00eda en el veh\u00edculo, combinando el lujo y practicidad para el consumidor. El auto presenta utilidades tanto para conducirlo en la ciudad como para realizar viajes de larga distancia.\u00a0<\/span><\/p>\n<p style=\"text-align: justify;\"><span style=\"font-weight: 400;\"><strong>Tesla maneja cinco modelos<\/strong>: Model S, Model 3, Model Y, Model X y Cybertruck.<\/span><\/p>\n<p style=\"text-align: justify;\"><span style=\"font-weight: 400;\">Sus <strong>caracter\u00edsticas<\/strong> son:\u00a0<\/span><\/p>\n<ul style=\"text-align: justify;\">\n<li style=\"font-weight: 400;\" aria-level=\"1\"><span style=\"font-weight: 400;\">Durabilidad de la pila de 15 a 20 a\u00f1os<\/span><\/li>\n<li style=\"font-weight: 400;\" aria-level=\"1\"><span style=\"font-weight: 400;\">Infraestructura de cargadores: 50 supercargadores alrededor del pa\u00eds<\/span><\/li>\n<li style=\"font-weight: 400;\" aria-level=\"1\"><span style=\"font-weight: 400;\">560 km de autonom\u00eda<\/span><\/li>\n<li style=\"font-weight: 400;\" aria-level=\"1\"><span style=\"font-weight: 400;\">Tiempo de carga 7 horas<\/span><\/li>\n<li style=\"font-weight: 400;\" aria-level=\"1\"><span style=\"font-weight: 400;\">Internet ilimitado\u00a0<\/span><\/li>\n<li style=\"font-weight: 400;\" aria-level=\"1\"><span style=\"font-weight: 400;\">Inflado de llanta autom\u00e1tico<\/span><\/li>\n<\/ul>\n<p style=\"text-align: justify;\"><strong>Sus precios inician desde 749 mil a 2,399,000 de pesos.\u00a0<\/strong><\/p>\n<p style=\"text-align: justify;\"><span style=\"font-weight: 400;\">De acuerdo con MundoMotor, Tesla est\u00e1 posicionado en el primer lugar de mejores marcas de coches el\u00e9ctricos.\u00a0<\/span><\/p>\n<p style=\"text-align: justify;\"><span style=\"font-weight: 400;\">BYD\u00a0<\/span><\/p>\n<figure id=\"attachment_10025\" aria-describedby=\"caption-attachment-10025\" style=\"width: 724px\" class=\"wp-caption alignnone\"><img data-recalc-dims=\"1\" loading=\"lazy\" decoding=\"async\" class=\" wp-image-10025\" src=\"https:\/\/i0.wp.com\/damekiu.com\/wp\/wp-content\/uploads\/2025\/04\/byd.png?resize=724%2C437&#038;ssl=1\" alt=\"electromovilidad en M\u00e9xico\" width=\"724\" height=\"437\" srcset=\"https:\/\/i0.wp.com\/damekiu.com\/wp\/wp-content\/uploads\/2025\/04\/byd.png?resize=300%2C181&amp;ssl=1 300w, https:\/\/i0.wp.com\/damekiu.com\/wp\/wp-content\/uploads\/2025\/04\/byd.png?resize=1024%2C619&amp;ssl=1 1024w, https:\/\/i0.wp.com\/damekiu.com\/wp\/wp-content\/uploads\/2025\/04\/byd.png?resize=768%2C464&amp;ssl=1 768w, https:\/\/i0.wp.com\/damekiu.com\/wp\/wp-content\/uploads\/2025\/04\/byd.png?resize=1536%2C928&amp;ssl=1 1536w, https:\/\/i0.wp.com\/damekiu.com\/wp\/wp-content\/uploads\/2025\/04\/byd.png?w=1788&amp;ssl=1 1788w, https:\/\/i0.wp.com\/damekiu.com\/wp\/wp-content\/uploads\/2025\/04\/byd.png?w=1600&amp;ssl=1 1600w\" sizes=\"auto, (max-width: 724px) 100vw, 724px\" \/><figcaption id=\"caption-attachment-10025\" class=\"wp-caption-text\">Fuente: BYD<\/figcaption><\/figure>\n<p style=\"text-align: justify;\"><span style=\"font-weight: 400;\">BYD entr\u00f3 al mercado con gran fuerza gracias a su rentabilidad de autos el\u00e9ctricos y la gran accesibilidad a \u00e9stos, la empresa china destaca por la facilidad de conducirlos en un entorno urbano sin emitir huella de carbono; asimismo, su mantenimiento de bajo costo.\u00a0<\/span><\/p>\n<p style=\"text-align: justify;\"><span style=\"font-weight: 400;\"><strong>BYD maneja seis modelos:<\/strong> Dolphin, Sealion, Seal, Yuan, Tang, Han.<\/span><\/p>\n<p style=\"text-align: justify;\"><span style=\"font-weight: 400;\">Sus <strong>caracter\u00edsticas<\/strong> son:\u00a0<\/span><\/p>\n<ul style=\"text-align: justify;\">\n<li style=\"font-weight: 400;\" aria-level=\"1\"><span style=\"font-weight: 400;\">Autonom\u00eda de 380 km a 600: depende el veh\u00edculo<\/span><\/li>\n<li style=\"font-weight: 400;\" aria-level=\"1\"><span style=\"font-weight: 400;\">Sistema de Cabina Inteligente\u00a0<\/span><\/li>\n<li style=\"font-weight: 400;\" aria-level=\"1\"><span style=\"font-weight: 400;\">Calidad &#8211; Precio\u00a0<\/span><\/li>\n<li style=\"font-weight: 400;\" aria-level=\"1\"><span style=\"font-weight: 400;\">Durabilidad de la pila de 10 a 15 a\u00f1os\u00a0<\/span><\/li>\n<li style=\"font-weight: 400;\" aria-level=\"1\"><span style=\"font-weight: 400;\">Tiempo de carga de 6 a 8 horas.<\/span><\/li>\n<\/ul>\n<p style=\"text-align: justify;\"><span style=\"font-weight: 400;\">Renault<\/span><\/p>\n<figure id=\"attachment_10028\" aria-describedby=\"caption-attachment-10028\" style=\"width: 730px\" class=\"wp-caption alignnone\"><img data-recalc-dims=\"1\" loading=\"lazy\" decoding=\"async\" class=\" wp-image-10028\" src=\"https:\/\/i0.wp.com\/damekiu.com\/wp\/wp-content\/uploads\/2025\/04\/kwid.webp?resize=730%2C411&#038;ssl=1\" alt=\"electromovilidad en M\u00e9xico\" width=\"730\" height=\"411\" srcset=\"https:\/\/i0.wp.com\/damekiu.com\/wp\/wp-content\/uploads\/2025\/04\/kwid.webp?resize=300%2C169&amp;ssl=1 300w, https:\/\/i0.wp.com\/damekiu.com\/wp\/wp-content\/uploads\/2025\/04\/kwid.webp?resize=1024%2C576&amp;ssl=1 1024w, https:\/\/i0.wp.com\/damekiu.com\/wp\/wp-content\/uploads\/2025\/04\/kwid.webp?resize=768%2C432&amp;ssl=1 768w, https:\/\/i0.wp.com\/damekiu.com\/wp\/wp-content\/uploads\/2025\/04\/kwid.webp?w=1456&amp;ssl=1 1456w\" sizes=\"auto, (max-width: 730px) 100vw, 730px\" \/><figcaption id=\"caption-attachment-10028\" class=\"wp-caption-text\">Fuente: Renault<\/figcaption><\/figure>\n<p style=\"text-align: justify;\"><span style=\"font-weight: 400;\">Aunque <strong>Renault maneja s\u00f3lo un modelo,<\/strong> la efectividad de por medio lo lleva a mantener un auto \u00fatil para uso urbano funcional. No tiene la misma tecnolog\u00eda que los anteriores, sin embargo, su bajo costo puede ser una opci\u00f3n m\u00e1s entre todos los dem\u00e1s.\u00a0<\/span><\/p>\n<p style=\"text-align: justify;\"><span style=\"font-weight: 400;\">Renault maneja un modelo: KWID E &#8211; TECH<\/span><\/p>\n<p style=\"text-align: justify;\"><span style=\"font-weight: 400;\">Sus <strong>caracter\u00edsticas<\/strong> son:\u00a0<\/span><\/p>\n<ul style=\"text-align: justify;\">\n<li style=\"font-weight: 400;\" aria-level=\"1\"><span style=\"font-weight: 400;\">298 km de autonom\u00eda<\/span><\/li>\n<li style=\"font-weight: 400;\" aria-level=\"1\"><span style=\"font-weight: 400;\">Refacciones accesibles\u00a0<\/span><\/li>\n<li style=\"font-weight: 400;\" aria-level=\"1\"><span style=\"font-weight: 400;\">Durabilidad de bater\u00eda de 8 a\u00f1os\u00a0<\/span><\/li>\n<li style=\"font-weight: 400;\" aria-level=\"1\"><span style=\"font-weight: 400;\">Tempo de carga de 4 horas\u00a0<\/span><\/li>\n<li style=\"font-weight: 400;\" aria-level=\"1\"><span style=\"font-weight: 400;\">Carga de bater\u00eda gratuita en agencia\u00a0<\/span><\/li>\n<\/ul>\n<p style=\"text-align: justify;\"><span style=\"font-weight: 400;\"><strong>Su precio inicia a partir de 375 mil pesos.<\/strong>\u00a0<\/span><\/p>\n<p style=\"text-align: justify;\"><span style=\"font-weight: 400;\">JAC<\/span><\/p>\n<figure id=\"attachment_10029\" aria-describedby=\"caption-attachment-10029\" style=\"width: 721px\" class=\"wp-caption alignnone\"><img data-recalc-dims=\"1\" loading=\"lazy\" decoding=\"async\" class=\" wp-image-10029\" src=\"https:\/\/i0.wp.com\/damekiu.com\/wp\/wp-content\/uploads\/2025\/04\/WhatsApp-Image-2025-04-21-at-3.59.28-PM.jpeg?resize=721%2C404&#038;ssl=1\" alt=\"electromovilidad en M\u00e9xico\" width=\"721\" height=\"404\" srcset=\"https:\/\/i0.wp.com\/damekiu.com\/wp\/wp-content\/uploads\/2025\/04\/WhatsApp-Image-2025-04-21-at-3.59.28-PM.jpeg?resize=300%2C168&amp;ssl=1 300w, https:\/\/i0.wp.com\/damekiu.com\/wp\/wp-content\/uploads\/2025\/04\/WhatsApp-Image-2025-04-21-at-3.59.28-PM.jpeg?resize=1024%2C575&amp;ssl=1 1024w, https:\/\/i0.wp.com\/damekiu.com\/wp\/wp-content\/uploads\/2025\/04\/WhatsApp-Image-2025-04-21-at-3.59.28-PM.jpeg?resize=768%2C431&amp;ssl=1 768w, https:\/\/i0.wp.com\/damekiu.com\/wp\/wp-content\/uploads\/2025\/04\/WhatsApp-Image-2025-04-21-at-3.59.28-PM.jpeg?w=1290&amp;ssl=1 1290w\" sizes=\"auto, (max-width: 721px) 100vw, 721px\" \/><figcaption id=\"caption-attachment-10029\" class=\"wp-caption-text\">Fuente: JAC<\/figcaption><\/figure>\n<p style=\"text-align: justify;\"><span style=\"font-weight: 400;\">Esta empresa china lleg\u00f3 a M\u00e9xico como pionera en autos el\u00e9ctricos y sus a\u00f1os de experiencia respaldan la calidad en sus modelos. JAC destaca por la funcionalidad combinada con lujo en sus veh\u00edculos, puesto que sus caracter\u00edsticas \u00fanicas lo vuelven un competidor fuerte.\u00a0<\/span><\/p>\n<p style=\"text-align: justify;\"><span style=\"font-weight: 400;\"><strong>JAC maneja cuatro modelos: E 30X, E 10X, E J7, S Y4<\/strong>.<\/span><\/p>\n<p style=\"text-align: justify;\"><span style=\"font-weight: 400;\">Sus <strong>caracter\u00edsticas<\/strong> son:\u00a0<\/span><\/p>\n<ul style=\"text-align: justify;\">\n<li style=\"font-weight: 400;\" aria-level=\"1\"><span style=\"font-weight: 400;\">\u00a0<\/span><span style=\"font-weight: 400;\">Autonom\u00eda de 301 km a 405: depende el modelo<\/span><\/li>\n<li style=\"font-weight: 400;\" aria-level=\"1\"><span style=\"font-weight: 400;\">Durabilidad de la bater\u00eda de 20 a\u00f1os<\/span><\/li>\n<li style=\"font-weight: 400;\" aria-level=\"1\"><span style=\"font-weight: 400;\">Tiempo de carga de 6 a 7 horas<\/span><\/li>\n<li style=\"font-weight: 400;\" aria-level=\"1\"><span style=\"font-weight: 400;\">Llanta de refacci\u00f3n<\/span><\/li>\n<li style=\"font-weight: 400;\" aria-level=\"1\"><span style=\"font-weight: 400;\">\u00a0<\/span><span style=\"font-weight: 400;\">M\u00f3dulos de carga evergo<\/span><\/li>\n<li style=\"font-weight: 400;\" aria-level=\"1\"><span style=\"font-weight: 400;\">Refrigerante de bebidas<\/span><\/li>\n<\/ul>\n<p style=\"text-align: justify;\"><span style=\"font-weight: 400;\"><strong>Los precios inician a partir de 371 mil hasta 753 mil pesos<\/strong>.\u00a0<\/span><\/p>\n<p style=\"text-align: justify;\"><span style=\"font-weight: 400;\">MG Motor.<\/span><\/p>\n<figure id=\"attachment_10026\" aria-describedby=\"caption-attachment-10026\" style=\"width: 729px\" class=\"wp-caption alignnone\"><img data-recalc-dims=\"1\" loading=\"lazy\" decoding=\"async\" class=\" wp-image-10026\" src=\"https:\/\/i0.wp.com\/damekiu.com\/wp\/wp-content\/uploads\/2025\/04\/mg.jpg?resize=729%2C408&#038;ssl=1\" alt=\"electromovilidad en M\u00e9xico\" width=\"729\" height=\"408\" srcset=\"https:\/\/i0.wp.com\/damekiu.com\/wp\/wp-content\/uploads\/2025\/04\/mg.jpg?resize=300%2C168&amp;ssl=1 300w, https:\/\/i0.wp.com\/damekiu.com\/wp\/wp-content\/uploads\/2025\/04\/mg.jpg?w=474&amp;ssl=1 474w\" sizes=\"auto, (max-width: 729px) 100vw, 729px\" \/><figcaption id=\"caption-attachment-10026\" class=\"wp-caption-text\">Fuente: MG Motor<\/figcaption><\/figure>\n<p style=\"text-align: justify;\"><span style=\"font-weight: 400;\">MG Motor ha destacado por ser una nueva empresa en M\u00e9xico, aunque cuenta con dos autos el\u00e9ctricos su innovaci\u00f3n dentro del mercado ha sido un factor clave para la venta de \u00e9stos.\u00a0<\/span><\/p>\n<p style=\"text-align: justify;\"><strong>MG Motor maneja dos modelos: ZS EV, MG4 ELECTRIC<\/strong><\/p>\n<p style=\"text-align: justify;\"><span style=\"font-weight: 400;\">Sus <strong>caracter\u00edsticas<\/strong> son:\u00a0<\/span><\/p>\n<ul style=\"text-align: justify;\">\n<li style=\"font-weight: 400;\" aria-level=\"1\"><span style=\"font-weight: 400;\">Autonom\u00eda de 320 km a 385: depende el modelo<\/span><\/li>\n<li style=\"font-weight: 400;\" aria-level=\"1\"><span style=\"font-weight: 400;\">Tiempo de carga de bater\u00eda de 6 a 7 horas<\/span><\/li>\n<li style=\"font-weight: 400;\" aria-level=\"1\"><span style=\"font-weight: 400;\">Durabilidad de la bater\u00eda de 7 a\u00f1os<\/span><\/li>\n<\/ul>\n<p style=\"text-align: justify;\"><strong>Los precios inician a partir de de 474,900 mil hasta 539 mil pesos\u00a0<\/strong><\/p>\n<p style=\"text-align: justify;\"><span style=\"font-weight: 400;\">GWM\u00a0<\/span><\/p>\n<figure id=\"attachment_10027\" aria-describedby=\"caption-attachment-10027\" style=\"width: 729px\" class=\"wp-caption alignnone\"><img data-recalc-dims=\"1\" loading=\"lazy\" decoding=\"async\" class=\" wp-image-10027\" src=\"https:\/\/i0.wp.com\/damekiu.com\/wp\/wp-content\/uploads\/2025\/04\/ora.webp?resize=729%2C384&#038;ssl=1\" alt=\"electromovilidad en M\u00e9xico\" width=\"729\" height=\"384\" srcset=\"https:\/\/i0.wp.com\/damekiu.com\/wp\/wp-content\/uploads\/2025\/04\/ora.webp?resize=300%2C158&amp;ssl=1 300w, https:\/\/i0.wp.com\/damekiu.com\/wp\/wp-content\/uploads\/2025\/04\/ora.webp?resize=1024%2C538&amp;ssl=1 1024w, https:\/\/i0.wp.com\/damekiu.com\/wp\/wp-content\/uploads\/2025\/04\/ora.webp?resize=768%2C403&amp;ssl=1 768w, https:\/\/i0.wp.com\/damekiu.com\/wp\/wp-content\/uploads\/2025\/04\/ora.webp?resize=390%2C205&amp;ssl=1 390w, https:\/\/i0.wp.com\/damekiu.com\/wp\/wp-content\/uploads\/2025\/04\/ora.webp?w=1200&amp;ssl=1 1200w\" sizes=\"auto, (max-width: 729px) 100vw, 729px\" \/><figcaption id=\"caption-attachment-10027\" class=\"wp-caption-text\">Fuente: GWM<\/figcaption><\/figure>\n<p style=\"text-align: justify;\"><span style=\"font-weight: 400;\">GWM s\u00f3lo se mantiene en un modelo el\u00e9ctrico, ya que est\u00e1 especializado en veh\u00edculos h\u00edbridos con eficiencia y buena tecnolog\u00eda. Aun as\u00ed, esta empresa se especializa en brindar autonom\u00eda al volante.\u00a0<\/span><\/p>\n<p style=\"text-align: justify;\"><strong>GWM maneja un modelo: ORA 03<\/strong><\/p>\n<p style=\"text-align: justify;\"><span style=\"font-weight: 400;\">Sus<strong> caracter\u00edsticas<\/strong> son:\u00a0<\/span><\/p>\n<ul style=\"text-align: justify;\">\n<li style=\"font-weight: 400;\" aria-level=\"1\"><span style=\"font-weight: 400;\">500 km de autonom\u00eda\u00a0<\/span><\/li>\n<li style=\"font-weight: 400;\" aria-level=\"1\"><span style=\"font-weight: 400;\">Durabilidad de la bater\u00eda de 8 a\u00f1os\u00a0<\/span><\/li>\n<li style=\"font-weight: 400;\" aria-level=\"1\"><span style=\"font-weight: 400;\">Tiempo de carga de 6 &#8211; 7 horas<\/span><\/li>\n<\/ul>\n<p style=\"text-align: justify;\"><span style=\"font-weight: 400;\"><strong>Su precio comienza a partir de 536,900 pesos<\/strong>\u00a0<\/span><\/p>\n<p style=\"text-align: justify;\"><span style=\"font-weight: 400;\">Cabe aclarar, <strong>todos los autos el\u00e9ctricos<\/strong> de cualquier marca en M\u00e9xico cuentan con el beneficio de <strong>circular todos los d\u00edas, no pagar tenencia, libres de verificaci\u00f3n y bajo mantenimiento.<\/strong><\/span><\/p>\n<p style=\"text-align: justify;\"><span style=\"font-weight: 400;\">No obstante, es una medida rentable para aquellos que buscan economizar sin afectar el medio ambiente, la mayor\u00eda de las marcas ofrecen un s\u00faper cargador residencial dejando a un peso el kilovatio (kW).<\/span><\/p>\n<p style=\"text-align: justify;\"><span style=\"font-weight: 400;\">Nota: para colocar los m\u00f3dulos de carga, una empresa externa a las agencias cobra por la instalaci\u00f3n y convenio con CFE, evitando en s\u00ed el gasto excesivo de luz.\u00a0<\/span><\/p>\n<p style=\"text-align: justify;\"><b>Beneficios al medio ambiente (ventajas y desventajas)<\/b><\/p>\n<p style=\"text-align: justify;\"><span style=\"font-weight: 400;\">Adem\u00e1s, con la llegada de la electromovilidad en M\u00e9xico tambi\u00e9n se contraen ventajas y desventajas al medio ambiente.<\/span><\/p>\n<p style=\"text-align: justify;\"><span style=\"font-weight: 400;\"><strong>Entre las ventajas son<\/strong>:<\/span><\/p>\n<ul style=\"text-align: justify;\">\n<li style=\"font-weight: 400;\" aria-level=\"1\"><span style=\"font-weight: 400;\">Los veh\u00edculos el\u00e9ctricos reducen las emisiones de di\u00f3xido de carbono, debido a que no se realiza una combusti\u00f3n interna y en consecuencia no se liberan los gases que impactan negativamente al medio ambiente.<\/span><\/li>\n<li style=\"font-weight: 400;\" aria-level=\"1\"><span style=\"font-weight: 400;\">La contaminaci\u00f3n ac\u00fastica tambi\u00e9n es otra ventaja, ya que el ruido que emiten los coches el\u00e9ctricos es considerablemente m\u00e1s bajo que el de un coche a combusti\u00f3n.<\/span><\/li>\n<li style=\"font-weight: 400;\" aria-level=\"1\"><span style=\"font-weight: 400;\">El aprovechamiento de la energ\u00eda tambi\u00e9n es una evidente ventaja, al respecto el ingeniero mec\u00e1nico \u00c1ngel Contreras mencion\u00f3:\u00a0<\/span><\/li>\n<\/ul>\n<p style=\"text-align: justify;\"><i><span style=\"font-weight: 400;\">\u201cUn motor de combusti\u00f3n cl\u00e1sico, desaprovecha mucho de la energ\u00eda que se le mete por temas de fricci\u00f3n o temas de calentamiento o de qu\u00e9 incluso se va liberando la energ\u00eda del combustible no solamente de forma mec\u00e1nica, sino que la libera de forma t\u00e9rmica y un motor el\u00e9ctrico al no tener estas desventajas aprovecha la mayor parte de la energ\u00eda, un motor de combusti\u00f3n interna aprovecha entre el 40 y 50 por ciento. Mientras que un motor el\u00e9ctrico aprovecha entre el 80 y el 90 por ciento, o sea si aprovecha bastante entonces en cuanto a confiabilidad y aprovechamiento de la energ\u00eda, s\u00ed tienen cierta ventaja los el\u00e9ctricos.\u201d<\/span><\/i><\/p>\n<p style=\"text-align: justify;\"><strong>Ahora, las desventajas son:\u00a0<\/strong><\/p>\n<ul style=\"text-align: justify;\">\n<li style=\"font-weight: 400;\" aria-level=\"1\"><span style=\"font-weight: 400;\">La producci\u00f3n de bater\u00edas, en el caso de los veh\u00edculos el\u00e9ctricos los materiales primarios incluyen litio, n\u00edquel, cobalto y cobre. Por lo cual, la extracci\u00f3n de estos materiales es a trav\u00e9s de la miner\u00eda a cielo abierto, causando da\u00f1os al medio ambiente natural.\u00a0<\/span><\/li>\n<li style=\"font-weight: 400;\" aria-level=\"1\"><span style=\"font-weight: 400;\">Respecto a la vida \u00fatil de los autom\u00f3viles el\u00e9ctricos, el ingeniero mec\u00e1nico \u00c1ngel Contreras agreg\u00f3:<\/span><i><span style=\"font-weight: 400;\">\u00a0<\/span><\/i><\/li>\n<\/ul>\n<p style=\"text-align: justify;\"><i><span style=\"font-weight: 400;\">\u201cLos coches el\u00e9ctricos tienen una vida a lo que yo s\u00e9 m\u00e1s o menos de entre 10, 15 a\u00f1os y es principalmente por la bater\u00eda que es la que se va a desgastando con el paso del tiempo, despu\u00e9s la bater\u00eda se puede entrecomillas reciclar, sin embargo, no se puede aprovechar al 100 por ciento. Causando que se tenga que obtener otra bater\u00eda despu\u00e9s de su vida \u00fatil.\u201d<\/span><\/i><span style=\"font-weight: 400;\">\u00a0<\/span><\/p>\n<p style=\"text-align: justify;\"><b>Qu\u00e9 hace el gobierno para fomentar el uso de veh\u00edculos el\u00e9ctricos<\/b><\/p>\n<p style=\"text-align: justify;\"><span style=\"font-weight: 400;\">El gobierno de M\u00e9xico ha presentado varias iniciativas con el fin de fomentar el uso de veh\u00edculos el\u00e9ctricos. Siendo uno de los proyectos m\u00e1s atractivos la creaci\u00f3n de <strong>la primera armadora mexicana de coches el\u00e9ctricos \u201cOlinia\u201d.<\/strong><\/span><\/p>\n<p style=\"text-align: justify;\"><span style=\"font-weight: 400;\">\u00bfPero por qu\u00e9 es atractivo el proyecto?<\/span><\/p>\n<p style=\"text-align: justify;\"><span style=\"font-weight: 400;\">Lo que se busca principalmente es que se produzcan <strong>veh\u00edculos el\u00e9ctricos accesibles<\/strong> para casi todos los sectores del pa\u00eds, <strong>oscilando entre los 90,000 y 150,000 pesos.<\/strong><\/span><\/p>\n<p style=\"text-align: justify;\"><span style=\"font-weight: 400;\">Se pretende que el proyecto llegue en el 2030, de la mano del Instituto Polit\u00e9cnico Nacional y del Tecnol\u00f3gico Nacional de M\u00e9xico.<\/span><\/p>\n<p style=\"text-align: justify;\"><b>Concepto de Bicis el\u00e9ctricas<\/b><\/p>\n<p style=\"text-align: justify;\"><span style=\"font-weight: 400;\">Tambi\u00e9n lo que ha cobrado fuerza en estos \u00faltimos a\u00f1os, es la implantaci\u00f3n de bicicletas motorizadas, ya que es una gran opci\u00f3n en las grandes ciudades.\u00a0<\/span><\/p>\n<p style=\"text-align: justify;\"><strong>Algunos de sus beneficios son:<\/strong><\/p>\n<ul style=\"text-align: justify;\">\n<li style=\"font-weight: 400;\" aria-level=\"1\"><span style=\"font-weight: 400;\">No se necesita licencia, placas, verificaci\u00f3n como en un auto el\u00e9ctrico o convencional.<\/span><\/li>\n<li style=\"font-weight: 400;\" aria-level=\"1\"><span style=\"font-weight: 400;\">No usa gasolina, por lo que no desprende gases contaminantes.<\/span><\/li>\n<li style=\"font-weight: 400;\" aria-level=\"1\"><span style=\"font-weight: 400;\">Alcanza entre 40 y 100 kil\u00f3metros por carga, con un tiempo aproximado de cuatro a seis horas.<\/span><\/li>\n<li style=\"font-weight: 400;\" aria-level=\"1\"><span style=\"font-weight: 400;\">La velocidad, es de 45 a 80 kil\u00f3metros por hora, seg\u00fan el modelo.<\/span><\/li>\n<\/ul>\n<p style=\"text-align: justify;\"><strong>Pero tambi\u00e9n tiene desventajas\u00a0<\/strong><\/p>\n<ul style=\"text-align: justify;\">\n<li style=\"font-weight: 400;\" aria-level=\"1\"><span style=\"font-weight: 400;\">En M\u00e9xico todav\u00eda no se cuenta con la cultura de las ciclov\u00edas, as\u00ed que regular su uso entre coches y bicicletas convencionales a\u00fan no se logra satisfactoriamente.<\/span><\/li>\n<li style=\"font-weight: 400;\" aria-level=\"1\"><span style=\"font-weight: 400;\">La autonom\u00eda es limitada en distancias largas o en pendientes.<\/span><\/li>\n<li style=\"font-weight: 400;\" aria-level=\"1\"><span style=\"font-weight: 400;\">Algunas marcas de bicicletas a motor no cuentan con las refacciones suficientes en M\u00e9xico.\u00a0<\/span><\/li>\n<\/ul>\n<p style=\"text-align: justify;\"><span style=\"font-weight: 400;\">Muchos considerar\u00e1n que la electromovilidad en M\u00e9xico es el futuro; y s\u00ed, llegaron antes de lo previsto lo que provoc\u00f3 una apertura de marcado para todas las marcas de autos. Actualmente, <strong>el mundo est\u00e1 evolucionando a medida de las necesidades de las personas y del medio ambiente.\u00a0<\/strong><\/span><\/p>\n<p style=\"text-align: justify;\"><span style=\"font-weight: 400;\">As\u00ed que, apostar por un veh\u00edculo el\u00e9ctrico es mucho m\u00e1s rentable que un auto de combusti\u00f3n interna debido al alto costo de la gasolina y de los servicios por el tema inflacionario que a\u00f1o con a\u00f1o vuelve menos accesible sostener un auto convencional.<\/span><\/p>\n","protected":false},"excerpt":{"rendered":"<p>La electromovilidad en M\u00e9xico es un fen\u00f3meno que poco a poco est\u00e1 escribiendo el futuro de la humanidad y el<\/p>\n","protected":false},"author":20,"featured_media":10023,"comment_status":"open","ping_status":"open","sticky":false,"template":"","format":"standard","meta":{"colormag_page_container_layout":"default_layout","colormag_page_sidebar_layout":"default_layout","_jetpack_memberships_contains_paid_content":false,"footnotes":""},"categories":[53],"tags":[599,300,213],"class_list":["post-10022","post","type-post","status-publish","format-standard","has-post-thumbnail","hentry","category-ciencia-y-tecnologia","tag-autos","tag-medio-ambiente","tag-tecnologia"],"magazineBlocksPostFeaturedMedia":{"thumbnail":"https:\/\/i0.wp.com\/damekiu.com\/wp\/wp-content\/uploads\/2025\/04\/WhatsApp-Image-2025-04-21-at-3.33.47-PM.jpeg?resize=150%2C150&ssl=1","medium":"https:\/\/i0.wp.com\/damekiu.com\/wp\/wp-content\/uploads\/2025\/04\/WhatsApp-Image-2025-04-21-at-3.33.47-PM.jpeg?fit=300%2C164&ssl=1","medium_large":"https:\/\/i0.wp.com\/damekiu.com\/wp\/wp-content\/uploads\/2025\/04\/WhatsApp-Image-2025-04-21-at-3.33.47-PM.jpeg?fit=768%2C421&ssl=1","large":"https:\/\/i0.wp.com\/damekiu.com\/wp\/wp-content\/uploads\/2025\/04\/WhatsApp-Image-2025-04-21-at-3.33.47-PM.jpeg?fit=800%2C438&ssl=1","1536x1536":"https:\/\/i0.wp.com\/damekiu.com\/wp\/wp-content\/uploads\/2025\/04\/WhatsApp-Image-2025-04-21-at-3.33.47-PM.jpeg?fit=1131%2C620&ssl=1","2048x2048":"https:\/\/i0.wp.com\/damekiu.com\/wp\/wp-content\/uploads\/2025\/04\/WhatsApp-Image-2025-04-21-at-3.33.47-PM.jpeg?fit=1131%2C620&ssl=1","colormag-highlighted-post":"https:\/\/i0.wp.com\/damekiu.com\/wp\/wp-content\/uploads\/2025\/04\/WhatsApp-Image-2025-04-21-at-3.33.47-PM.jpeg?resize=392%2C272&ssl=1","colormag-featured-post-medium":"https:\/\/i0.wp.com\/damekiu.com\/wp\/wp-content\/uploads\/2025\/04\/WhatsApp-Image-2025-04-21-at-3.33.47-PM.jpeg?resize=390%2C205&ssl=1","colormag-featured-post-small":"https:\/\/i0.wp.com\/damekiu.com\/wp\/wp-content\/uploads\/2025\/04\/WhatsApp-Image-2025-04-21-at-3.33.47-PM.jpeg?resize=130%2C90&ssl=1","colormag-featured-image":"https:\/\/i0.wp.com\/damekiu.com\/wp\/wp-content\/uploads\/2025\/04\/WhatsApp-Image-2025-04-21-at-3.33.47-PM.jpeg?resize=800%2C445&ssl=1","colormag-default-news":"https:\/\/i0.wp.com\/damekiu.com\/wp\/wp-content\/uploads\/2025\/04\/WhatsApp-Image-2025-04-21-at-3.33.47-PM.jpeg?resize=150%2C150&ssl=1","colormag-featured-image-large":"https:\/\/i0.wp.com\/damekiu.com\/wp\/wp-content\/uploads\/2025\/04\/WhatsApp-Image-2025-04-21-at-3.33.47-PM.jpeg?resize=1131%2C600&ssl=1"},"magazineBlocksPostAuthor":{"name":"Max Macotela","avatar":"https:\/\/secure.gravatar.com\/avatar\/63aded814efc4c6ce1a861dbc68e5593ced47e88f38918b8c504532f88c120fa?s=96&d=mm&r=g"},"magazineBlocksPostCommentsNumber":"0","magazineBlocksPostExcerpt":"La electromovilidad en M\u00e9xico es un fen\u00f3meno que poco a poco est\u00e1 escribiendo el futuro de la humanidad y el","magazineBlocksPostCategories":["Ciencia y tecnolog\u00eda"],"magazineBlocksPostViewCount":513,"magazineBlocksPostReadTime":12,"magazine_blocks_featured_image_url":{"full":["https:\/\/i0.wp.com\/damekiu.com\/wp\/wp-content\/uploads\/2025\/04\/WhatsApp-Image-2025-04-21-at-3.33.47-PM.jpeg?fit=1131%2C620&ssl=1",1131,620,false],"medium":["https:\/\/i0.wp.com\/damekiu.com\/wp\/wp-content\/uploads\/2025\/04\/WhatsApp-Image-2025-04-21-at-3.33.47-PM.jpeg?fit=300%2C164&ssl=1",300,164,true],"thumbnail":["https:\/\/i0.wp.com\/damekiu.com\/wp\/wp-content\/uploads\/2025\/04\/WhatsApp-Image-2025-04-21-at-3.33.47-PM.jpeg?resize=150%2C150&ssl=1",150,150,true]},"magazine_blocks_author":{"display_name":"Max Macotela","author_link":"https:\/\/damekiu.com\/wp\/author\/maxbecerra\/"},"magazine_blocks_comment":0,"magazine_blocks_author_image":"https:\/\/secure.gravatar.com\/avatar\/63aded814efc4c6ce1a861dbc68e5593ced47e88f38918b8c504532f88c120fa?s=96&d=mm&r=g","magazine_blocks_category":"<a href=\"#\" class=\"category-link category-link-53\">Ciencia y tecnolog\u00eda<\/a>","yoast_head":"<!-- This site is optimized with the Yoast SEO plugin v27.1.1 - https:\/\/yoast.com\/product\/yoast-seo-wordpress\/ -->\n<title>\u00bfEs rentable la electromovilidad en M\u00e9xico? - Dame Kiu<\/title>\n<meta name=\"description\" content=\"La electromovilidad en M\u00e9xico est\u00e1 escribiendo el futuro de la humanidad y el estilo en c\u00f3mo nos trasladamos de un punto a otro.\" \/>\n<meta name=\"robots\" content=\"index, follow, max-snippet:-1, max-image-preview:large, max-video-preview:-1\" \/>\n<link rel=\"canonical\" href=\"https:\/\/damekiu.com\/wp\/electromovilidad-en-mexico\/\" \/>\n<meta property=\"og:locale\" content=\"es_ES\" \/>\n<meta property=\"og:type\" content=\"article\" \/>\n<meta property=\"og:title\" content=\"\u00bfEs rentable la electromovilidad en M\u00e9xico? - Dame Kiu\" \/>\n<meta property=\"og:description\" content=\"La electromovilidad en M\u00e9xico est\u00e1 escribiendo el futuro de la humanidad y el estilo en c\u00f3mo nos trasladamos de un punto a otro.\" \/>\n<meta property=\"og:url\" content=\"https:\/\/damekiu.com\/wp\/electromovilidad-en-mexico\/\" \/>\n<meta property=\"og:site_name\" content=\"Dame Kiu\" \/>\n<meta property=\"article:published_time\" content=\"2025-04-21T22:37:14+00:00\" \/>\n<meta property=\"og:image\" content=\"https:\/\/damekiu.com\/wp\/wp-content\/uploads\/2025\/04\/WhatsApp-Image-2025-04-21-at-3.33.47-PM.jpeg\" \/>\n\t<meta property=\"og:image:width\" content=\"1131\" \/>\n\t<meta property=\"og:image:height\" content=\"620\" \/>\n\t<meta property=\"og:image:type\" content=\"image\/jpeg\" \/>\n<meta name=\"author\" content=\"Max Macotela\" \/>\n<meta name=\"twitter:card\" content=\"summary_large_image\" \/>\n<meta name=\"twitter:label1\" content=\"Escrito por\" \/>\n\t<meta name=\"twitter:data1\" content=\"Max Macotela\" \/>\n\t<meta name=\"twitter:label2\" content=\"Tiempo de lectura\" \/>\n\t<meta name=\"twitter:data2\" content=\"12 minutos\" \/>\n<script type=\"application\/ld+json\" class=\"yoast-schema-graph\">{\"@context\":\"https:\/\/schema.org\",\"@graph\":[{\"@type\":\"Article\",\"@id\":\"https:\/\/damekiu.com\/wp\/electromovilidad-en-mexico\/#article\",\"isPartOf\":{\"@id\":\"https:\/\/damekiu.com\/wp\/electromovilidad-en-mexico\/\"},\"author\":{\"name\":\"Max Macotela\",\"@id\":\"https:\/\/damekiu.com\/wp\/#\/schema\/person\/13146c1933a99c36d7bcb4e044d3afab\"},\"headline\":\"\u00bfEs rentable la electromovilidad en M\u00e9xico?\",\"datePublished\":\"2025-04-21T22:37:14+00:00\",\"mainEntityOfPage\":{\"@id\":\"https:\/\/damekiu.com\/wp\/electromovilidad-en-mexico\/\"},\"wordCount\":2376,\"commentCount\":0,\"image\":{\"@id\":\"https:\/\/damekiu.com\/wp\/electromovilidad-en-mexico\/#primaryimage\"},\"thumbnailUrl\":\"https:\/\/i0.wp.com\/damekiu.com\/wp\/wp-content\/uploads\/2025\/04\/WhatsApp-Image-2025-04-21-at-3.33.47-PM.jpeg?fit=1131%2C620&ssl=1\",\"keywords\":[\"Autos\",\"Medio ambiente\",\"Tecnolog\u00eda\"],\"articleSection\":[\"Ciencia y tecnolog\u00eda\"],\"inLanguage\":\"es\",\"potentialAction\":[{\"@type\":\"CommentAction\",\"name\":\"Comment\",\"target\":[\"https:\/\/damekiu.com\/wp\/electromovilidad-en-mexico\/#respond\"]}]},{\"@type\":\"WebPage\",\"@id\":\"https:\/\/damekiu.com\/wp\/electromovilidad-en-mexico\/\",\"url\":\"https:\/\/damekiu.com\/wp\/electromovilidad-en-mexico\/\",\"name\":\"\u00bfEs rentable la electromovilidad en M\u00e9xico? - Dame Kiu\",\"isPartOf\":{\"@id\":\"https:\/\/damekiu.com\/wp\/#website\"},\"primaryImageOfPage\":{\"@id\":\"https:\/\/damekiu.com\/wp\/electromovilidad-en-mexico\/#primaryimage\"},\"image\":{\"@id\":\"https:\/\/damekiu.com\/wp\/electromovilidad-en-mexico\/#primaryimage\"},\"thumbnailUrl\":\"https:\/\/i0.wp.com\/damekiu.com\/wp\/wp-content\/uploads\/2025\/04\/WhatsApp-Image-2025-04-21-at-3.33.47-PM.jpeg?fit=1131%2C620&ssl=1\",\"datePublished\":\"2025-04-21T22:37:14+00:00\",\"author\":{\"@id\":\"https:\/\/damekiu.com\/wp\/#\/schema\/person\/13146c1933a99c36d7bcb4e044d3afab\"},\"description\":\"La electromovilidad en M\u00e9xico est\u00e1 escribiendo el futuro de la humanidad y el estilo en c\u00f3mo nos trasladamos de un punto a otro.\",\"breadcrumb\":{\"@id\":\"https:\/\/damekiu.com\/wp\/electromovilidad-en-mexico\/#breadcrumb\"},\"inLanguage\":\"es\",\"potentialAction\":[{\"@type\":\"ReadAction\",\"target\":[\"https:\/\/damekiu.com\/wp\/electromovilidad-en-mexico\/\"]}]},{\"@type\":\"ImageObject\",\"inLanguage\":\"es\",\"@id\":\"https:\/\/damekiu.com\/wp\/electromovilidad-en-mexico\/#primaryimage\",\"url\":\"https:\/\/i0.wp.com\/damekiu.com\/wp\/wp-content\/uploads\/2025\/04\/WhatsApp-Image-2025-04-21-at-3.33.47-PM.jpeg?fit=1131%2C620&ssl=1\",\"contentUrl\":\"https:\/\/i0.wp.com\/damekiu.com\/wp\/wp-content\/uploads\/2025\/04\/WhatsApp-Image-2025-04-21-at-3.33.47-PM.jpeg?fit=1131%2C620&ssl=1\",\"width\":1131,\"height\":620,\"caption\":\"Biblioteca Dame Kiu\"},{\"@type\":\"BreadcrumbList\",\"@id\":\"https:\/\/damekiu.com\/wp\/electromovilidad-en-mexico\/#breadcrumb\",\"itemListElement\":[{\"@type\":\"ListItem\",\"position\":1,\"name\":\"Portada\",\"item\":\"https:\/\/damekiu.com\/wp\/\"},{\"@type\":\"ListItem\",\"position\":2,\"name\":\"\u00bfEs rentable la electromovilidad en M\u00e9xico?\"}]},{\"@type\":\"WebSite\",\"@id\":\"https:\/\/damekiu.com\/wp\/#website\",\"url\":\"https:\/\/damekiu.com\/wp\/\",\"name\":\"Dame Kiu\",\"description\":\"Agencia Informativa digital \",\"potentialAction\":[{\"@type\":\"SearchAction\",\"target\":{\"@type\":\"EntryPoint\",\"urlTemplate\":\"https:\/\/damekiu.com\/wp\/?s={search_term_string}\"},\"query-input\":{\"@type\":\"PropertyValueSpecification\",\"valueRequired\":true,\"valueName\":\"search_term_string\"}}],\"inLanguage\":\"es\"},{\"@type\":\"Person\",\"@id\":\"https:\/\/damekiu.com\/wp\/#\/schema\/person\/13146c1933a99c36d7bcb4e044d3afab\",\"name\":\"Max Macotela\",\"image\":{\"@type\":\"ImageObject\",\"inLanguage\":\"es\",\"@id\":\"https:\/\/damekiu.com\/wp\/#\/schema\/person\/image\/\",\"url\":\"https:\/\/secure.gravatar.com\/avatar\/63aded814efc4c6ce1a861dbc68e5593ced47e88f38918b8c504532f88c120fa?s=96&d=mm&r=g\",\"contentUrl\":\"https:\/\/secure.gravatar.com\/avatar\/63aded814efc4c6ce1a861dbc68e5593ced47e88f38918b8c504532f88c120fa?s=96&d=mm&r=g\",\"caption\":\"Max Macotela\"},\"url\":\"https:\/\/damekiu.com\/wp\/author\/maxbecerra\/\"}]}<\/script>\n<!-- \/ Yoast SEO plugin. -->","yoast_head_json":{"title":"\u00bfEs rentable la electromovilidad en M\u00e9xico? - Dame Kiu","description":"La electromovilidad en M\u00e9xico est\u00e1 escribiendo el futuro de la humanidad y el estilo en c\u00f3mo nos trasladamos de un punto a otro.","robots":{"index":"index","follow":"follow","max-snippet":"max-snippet:-1","max-image-preview":"max-image-preview:large","max-video-preview":"max-video-preview:-1"},"canonical":"https:\/\/damekiu.com\/wp\/electromovilidad-en-mexico\/","og_locale":"es_ES","og_type":"article","og_title":"\u00bfEs rentable la electromovilidad en M\u00e9xico? - Dame Kiu","og_description":"La electromovilidad en M\u00e9xico est\u00e1 escribiendo el futuro de la humanidad y el estilo en c\u00f3mo nos trasladamos de un punto a otro.","og_url":"https:\/\/damekiu.com\/wp\/electromovilidad-en-mexico\/","og_site_name":"Dame Kiu","article_published_time":"2025-04-21T22:37:14+00:00","og_image":[{"width":1131,"height":620,"url":"https:\/\/damekiu.com\/wp\/wp-content\/uploads\/2025\/04\/WhatsApp-Image-2025-04-21-at-3.33.47-PM.jpeg","type":"image\/jpeg"}],"author":"Max Macotela","twitter_card":"summary_large_image","twitter_misc":{"Escrito por":"Max Macotela","Tiempo de lectura":"12 minutos"},"schema":{"@context":"https:\/\/schema.org","@graph":[{"@type":"Article","@id":"https:\/\/damekiu.com\/wp\/electromovilidad-en-mexico\/#article","isPartOf":{"@id":"https:\/\/damekiu.com\/wp\/electromovilidad-en-mexico\/"},"author":{"name":"Max Macotela","@id":"https:\/\/damekiu.com\/wp\/#\/schema\/person\/13146c1933a99c36d7bcb4e044d3afab"},"headline":"\u00bfEs rentable la electromovilidad en M\u00e9xico?","datePublished":"2025-04-21T22:37:14+00:00","mainEntityOfPage":{"@id":"https:\/\/damekiu.com\/wp\/electromovilidad-en-mexico\/"},"wordCount":2376,"commentCount":0,"image":{"@id":"https:\/\/damekiu.com\/wp\/electromovilidad-en-mexico\/#primaryimage"},"thumbnailUrl":"https:\/\/i0.wp.com\/damekiu.com\/wp\/wp-content\/uploads\/2025\/04\/WhatsApp-Image-2025-04-21-at-3.33.47-PM.jpeg?fit=1131%2C620&ssl=1","keywords":["Autos","Medio ambiente","Tecnolog\u00eda"],"articleSection":["Ciencia y tecnolog\u00eda"],"inLanguage":"es","potentialAction":[{"@type":"CommentAction","name":"Comment","target":["https:\/\/damekiu.com\/wp\/electromovilidad-en-mexico\/#respond"]}]},{"@type":"WebPage","@id":"https:\/\/damekiu.com\/wp\/electromovilidad-en-mexico\/","url":"https:\/\/damekiu.com\/wp\/electromovilidad-en-mexico\/","name":"\u00bfEs rentable la electromovilidad en M\u00e9xico? - Dame Kiu","isPartOf":{"@id":"https:\/\/damekiu.com\/wp\/#website"},"primaryImageOfPage":{"@id":"https:\/\/damekiu.com\/wp\/electromovilidad-en-mexico\/#primaryimage"},"image":{"@id":"https:\/\/damekiu.com\/wp\/electromovilidad-en-mexico\/#primaryimage"},"thumbnailUrl":"https:\/\/i0.wp.com\/damekiu.com\/wp\/wp-content\/uploads\/2025\/04\/WhatsApp-Image-2025-04-21-at-3.33.47-PM.jpeg?fit=1131%2C620&ssl=1","datePublished":"2025-04-21T22:37:14+00:00","author":{"@id":"https:\/\/damekiu.com\/wp\/#\/schema\/person\/13146c1933a99c36d7bcb4e044d3afab"},"description":"La electromovilidad en M\u00e9xico est\u00e1 escribiendo el futuro de la humanidad y el estilo en c\u00f3mo nos trasladamos de un punto a otro.","breadcrumb":{"@id":"https:\/\/damekiu.com\/wp\/electromovilidad-en-mexico\/#breadcrumb"},"inLanguage":"es","potentialAction":[{"@type":"ReadAction","target":["https:\/\/damekiu.com\/wp\/electromovilidad-en-mexico\/"]}]},{"@type":"ImageObject","inLanguage":"es","@id":"https:\/\/damekiu.com\/wp\/electromovilidad-en-mexico\/#primaryimage","url":"https:\/\/i0.wp.com\/damekiu.com\/wp\/wp-content\/uploads\/2025\/04\/WhatsApp-Image-2025-04-21-at-3.33.47-PM.jpeg?fit=1131%2C620&ssl=1","contentUrl":"https:\/\/i0.wp.com\/damekiu.com\/wp\/wp-content\/uploads\/2025\/04\/WhatsApp-Image-2025-04-21-at-3.33.47-PM.jpeg?fit=1131%2C620&ssl=1","width":1131,"height":620,"caption":"Biblioteca Dame Kiu"},{"@type":"BreadcrumbList","@id":"https:\/\/damekiu.com\/wp\/electromovilidad-en-mexico\/#breadcrumb","itemListElement":[{"@type":"ListItem","position":1,"name":"Portada","item":"https:\/\/damekiu.com\/wp\/"},{"@type":"ListItem","position":2,"name":"\u00bfEs rentable la electromovilidad en M\u00e9xico?"}]},{"@type":"WebSite","@id":"https:\/\/damekiu.com\/wp\/#website","url":"https:\/\/damekiu.com\/wp\/","name":"Dame Kiu","description":"Agencia Informativa digital ","potentialAction":[{"@type":"SearchAction","target":{"@type":"EntryPoint","urlTemplate":"https:\/\/damekiu.com\/wp\/?s={search_term_string}"},"query-input":{"@type":"PropertyValueSpecification","valueRequired":true,"valueName":"search_term_string"}}],"inLanguage":"es"},{"@type":"Person","@id":"https:\/\/damekiu.com\/wp\/#\/schema\/person\/13146c1933a99c36d7bcb4e044d3afab","name":"Max Macotela","image":{"@type":"ImageObject","inLanguage":"es","@id":"https:\/\/damekiu.com\/wp\/#\/schema\/person\/image\/","url":"https:\/\/secure.gravatar.com\/avatar\/63aded814efc4c6ce1a861dbc68e5593ced47e88f38918b8c504532f88c120fa?s=96&d=mm&r=g","contentUrl":"https:\/\/secure.gravatar.com\/avatar\/63aded814efc4c6ce1a861dbc68e5593ced47e88f38918b8c504532f88c120fa?s=96&d=mm&r=g","caption":"Max Macotela"},"url":"https:\/\/damekiu.com\/wp\/author\/maxbecerra\/"}]}},"jetpack_featured_media_url":"https:\/\/i0.wp.com\/damekiu.com\/wp\/wp-content\/uploads\/2025\/04\/WhatsApp-Image-2025-04-21-at-3.33.47-PM.jpeg?fit=1131%2C620&ssl=1","jetpack_sharing_enabled":true,"jetpack-related-posts":[{"id":2368,"url":"https:\/\/damekiu.com\/wp\/maltrato-animal-en-mexico\/","url_meta":{"origin":10022,"position":0},"title":"La cultura en contra del maltrato animal en M\u00e9xico","author":"B\u00e1rbara Moreno","date":"junio 13, 2024","format":false,"excerpt":"M\u00e9xico es el primer pa\u00eds de Am\u00e9rica Latina con mayor n\u00famero de casos de maltrato animal, seg\u00fan el Instituto Nacional de Estad\u00edstica, Geograf\u00eda e Inform\u00e1tica (INEGI) La cultura en contra del maltrato animal en M\u00e9xico Se calcula que cada a\u00f1o mueren 60 mil animales dom\u00e9sticos por crueldad ejercida por sus\u2026","rel":"","context":"En \u00abCultura\u00bb","block_context":{"text":"Cultura","link":"https:\/\/damekiu.com\/wp\/category\/cultura\/"},"img":{"alt_text":"Fuente: B\u00e1rbara Moreno","src":"https:\/\/i0.wp.com\/damekiu.com\/wp\/wp-content\/uploads\/2024\/06\/Barbara-Moreno.png?fit=1024%2C768&ssl=1&resize=350%2C200","width":350,"height":200,"srcset":"https:\/\/i0.wp.com\/damekiu.com\/wp\/wp-content\/uploads\/2024\/06\/Barbara-Moreno.png?fit=1024%2C768&ssl=1&resize=350%2C200 1x, https:\/\/i0.wp.com\/damekiu.com\/wp\/wp-content\/uploads\/2024\/06\/Barbara-Moreno.png?fit=1024%2C768&ssl=1&resize=525%2C300 1.5x, https:\/\/i0.wp.com\/damekiu.com\/wp\/wp-content\/uploads\/2024\/06\/Barbara-Moreno.png?fit=1024%2C768&ssl=1&resize=700%2C400 2x"},"classes":[]},{"id":3170,"url":"https:\/\/damekiu.com\/wp\/tercera-parte-del-gabinete-de-claudia-sheinbaum\/","url_meta":{"origin":10022,"position":1},"title":"Ellos son parte de la tercera parte del Gabinete de Claudia Sheinbaum","author":"Guadalupe Fuentes","date":"julio 4, 2024","format":false,"excerpt":"Como el jueves pasado, esta semana fue presentada la tercera parte del Gabinete de Claudia Sheinbaum,\u00a0desde el Museo Interactivo de Econom\u00eda de la Ciudad de M\u00e9xico (MIDE). Al iniciar\u00a0 la conferencia de prensa, la presidenta electa, Claudia Sheinbaum, agradeci\u00f3 a los medios de comunicaci\u00f3n por asistir y dio a conocer\u2026","rel":"","context":"En \u00abPol\u00edtica\u00bb","block_context":{"text":"Pol\u00edtica","link":"https:\/\/damekiu.com\/wp\/category\/politica\/"},"img":{"alt_text":"tercera parte del Gabinete de Claudia Sheinbaum","src":"https:\/\/i0.wp.com\/damekiu.com\/wp\/wp-content\/uploads\/2024\/07\/Diseno-sin-titulo-24.jpg?fit=1024%2C768&ssl=1&resize=350%2C200","width":350,"height":200,"srcset":"https:\/\/i0.wp.com\/damekiu.com\/wp\/wp-content\/uploads\/2024\/07\/Diseno-sin-titulo-24.jpg?fit=1024%2C768&ssl=1&resize=350%2C200 1x, https:\/\/i0.wp.com\/damekiu.com\/wp\/wp-content\/uploads\/2024\/07\/Diseno-sin-titulo-24.jpg?fit=1024%2C768&ssl=1&resize=525%2C300 1.5x, https:\/\/i0.wp.com\/damekiu.com\/wp\/wp-content\/uploads\/2024\/07\/Diseno-sin-titulo-24.jpg?fit=1024%2C768&ssl=1&resize=700%2C400 2x"},"classes":[]},{"id":2775,"url":"https:\/\/damekiu.com\/wp\/sheinbaum-presenta-a-los-primeros-seis-personajes-de-su-gabinete\/","url_meta":{"origin":10022,"position":2},"title":"Lluvia de perfiles: \u00bfa qui\u00e9n tendremos en el gabinete de Sheinbaum?","author":"Dali Rend\u00f3n","date":"junio 24, 2024","format":false,"excerpt":"Claudia Sheinbaum presenta a los primeros seis personajes de su gabinete para este 2024-2030 Esta semana, la candidata a la presidencia Claudia Sheinbaum presenta a los primeros seis personajes de su gabinete, con personajes como Marcelo Ebrard, Ernestina Godoy, Juan Ram\u00f3n de la Fuente, Julio Berdegu\u00e9, Alicia B\u00e1rcena, Rosaura Ruiz\u2026","rel":"","context":"En \u00abPol\u00edtica\u00bb","block_context":{"text":"Pol\u00edtica","link":"https:\/\/damekiu.com\/wp\/category\/politica\/"},"img":{"alt_text":"Sheinbaum presenta a los primeros seis personajes de su gabinete","src":"https:\/\/i0.wp.com\/damekiu.com\/wp\/wp-content\/uploads\/2024\/06\/WhatsApp-Image-2024-06-20-at-4.23.22-PM-scaled.jpeg?fit=1200%2C800&ssl=1&resize=350%2C200","width":350,"height":200,"srcset":"https:\/\/i0.wp.com\/damekiu.com\/wp\/wp-content\/uploads\/2024\/06\/WhatsApp-Image-2024-06-20-at-4.23.22-PM-scaled.jpeg?fit=1200%2C800&ssl=1&resize=350%2C200 1x, https:\/\/i0.wp.com\/damekiu.com\/wp\/wp-content\/uploads\/2024\/06\/WhatsApp-Image-2024-06-20-at-4.23.22-PM-scaled.jpeg?fit=1200%2C800&ssl=1&resize=525%2C300 1.5x, https:\/\/i0.wp.com\/damekiu.com\/wp\/wp-content\/uploads\/2024\/06\/WhatsApp-Image-2024-06-20-at-4.23.22-PM-scaled.jpeg?fit=1200%2C800&ssl=1&resize=700%2C400 2x, https:\/\/i0.wp.com\/damekiu.com\/wp\/wp-content\/uploads\/2024\/06\/WhatsApp-Image-2024-06-20-at-4.23.22-PM-scaled.jpeg?fit=1200%2C800&ssl=1&resize=1050%2C600 3x"},"classes":[]},{"id":2769,"url":"https:\/\/damekiu.com\/wp\/rosaura-ruiz-busca-potenciar-la-ciencia-en-mexico\/","url_meta":{"origin":10022,"position":3},"title":"Rosaura Ruiz busca potenciar la ciencia en M\u00e9xico","author":"Alessandra Jim\u00e9nez","date":"junio 24, 2024","format":false,"excerpt":"Rosaura Ruiz busca potenciar la ciencia en M\u00e9xico. Claudia Sheimbaum tiene como uno de sus compromisos principales hacer de M\u00e9xico una potencia mundial en el mundo de la ciencia, y para lograr esto, cre\u00f3 una nueva dependencia que ser\u00e1 encabezada por Rosaura Ruiz Gutierrez, futura secretar\u00eda de Ciencia, Humanidades, Tecnolog\u00edas\u2026","rel":"","context":"En \u00abCiencia y tecnolog\u00eda\u00bb","block_context":{"text":"Ciencia y tecnolog\u00eda","link":"https:\/\/damekiu.com\/wp\/category\/ciencia-y-tecnologia\/"},"img":{"alt_text":"Foto: Animal Pol\u00edtico","src":"https:\/\/i0.wp.com\/damekiu.com\/wp\/wp-content\/uploads\/2024\/06\/Copia-de-Copia-de-Copia-de-Purple-and-Red-Illustration-Minimalist-X60x6-Squad-Gaming-Desktop-Backgrounds-2.png?fit=1200%2C675&ssl=1&resize=350%2C200","width":350,"height":200,"srcset":"https:\/\/i0.wp.com\/damekiu.com\/wp\/wp-content\/uploads\/2024\/06\/Copia-de-Copia-de-Copia-de-Purple-and-Red-Illustration-Minimalist-X60x6-Squad-Gaming-Desktop-Backgrounds-2.png?fit=1200%2C675&ssl=1&resize=350%2C200 1x, https:\/\/i0.wp.com\/damekiu.com\/wp\/wp-content\/uploads\/2024\/06\/Copia-de-Copia-de-Copia-de-Purple-and-Red-Illustration-Minimalist-X60x6-Squad-Gaming-Desktop-Backgrounds-2.png?fit=1200%2C675&ssl=1&resize=525%2C300 1.5x, https:\/\/i0.wp.com\/damekiu.com\/wp\/wp-content\/uploads\/2024\/06\/Copia-de-Copia-de-Copia-de-Purple-and-Red-Illustration-Minimalist-X60x6-Squad-Gaming-Desktop-Backgrounds-2.png?fit=1200%2C675&ssl=1&resize=700%2C400 2x, https:\/\/i0.wp.com\/damekiu.com\/wp\/wp-content\/uploads\/2024\/06\/Copia-de-Copia-de-Copia-de-Purple-and-Red-Illustration-Minimalist-X60x6-Squad-Gaming-Desktop-Backgrounds-2.png?fit=1200%2C675&ssl=1&resize=1050%2C600 3x"},"classes":[]},{"id":5009,"url":"https:\/\/damekiu.com\/wp\/escasez-de-agua-en-mexico-que-paso-con-el-dia-cero\/","url_meta":{"origin":10022,"position":4},"title":"Escasez de agua en M\u00e9xico, \u00bfQu\u00e9 pas\u00f3 con el d\u00eda cero?","author":"Constanza Campos","date":"septiembre 19, 2024","format":false,"excerpt":"En \u00faltimos a\u00f1os, los temas relacionados al cambio clim\u00e1tico y sus consecuencias al medio ambiente se popularizaron debido a que se empezaron a presentar fen\u00f3menos que, a pesar de ser reversibles, son alarmantes, entre ellos, la escasez de agua. A inicios de este a\u00f1o cuando se habl\u00f3 de temas del\u2026","rel":"","context":"En \u00abPol\u00edtica\u00bb","block_context":{"text":"Pol\u00edtica","link":"https:\/\/damekiu.com\/wp\/category\/politica\/"},"img":{"alt_text":"","src":"https:\/\/i0.wp.com\/damekiu.com\/wp\/wp-content\/uploads\/2024\/09\/IMG_0052.jpeg?fit=1087%2C794&ssl=1&resize=350%2C200","width":350,"height":200,"srcset":"https:\/\/i0.wp.com\/damekiu.com\/wp\/wp-content\/uploads\/2024\/09\/IMG_0052.jpeg?fit=1087%2C794&ssl=1&resize=350%2C200 1x, https:\/\/i0.wp.com\/damekiu.com\/wp\/wp-content\/uploads\/2024\/09\/IMG_0052.jpeg?fit=1087%2C794&ssl=1&resize=525%2C300 1.5x, https:\/\/i0.wp.com\/damekiu.com\/wp\/wp-content\/uploads\/2024\/09\/IMG_0052.jpeg?fit=1087%2C794&ssl=1&resize=700%2C400 2x, https:\/\/i0.wp.com\/damekiu.com\/wp\/wp-content\/uploads\/2024\/09\/IMG_0052.jpeg?fit=1087%2C794&ssl=1&resize=1050%2C600 3x"},"classes":[]},{"id":9655,"url":"https:\/\/damekiu.com\/wp\/social-media-week-en-mexico\/","url_meta":{"origin":10022,"position":5},"title":"Primera conferencia del Social Media Week en M\u00e9xico","author":"Sebasti\u00e1n Ben\u00edtez","date":"marzo 19, 2025","format":false,"excerpt":"Se llev\u00f3 a cabo la primera conferencia de prensa del Social Media Week en M\u00e9xico, en d\u00f3nde se explic\u00f3 la tem\u00e1tica que se abordar\u00e1 en la d\u00e9cima edici\u00f3n del evento.\u00a0 El Polyforum Siqueiros abrir\u00e1 sus puertas al mundo de las redes sociales y al impacto que tienen en la sociedad.\u2026","rel":"","context":"En \u00abLifestyle\u00bb","block_context":{"text":"Lifestyle","link":"https:\/\/damekiu.com\/wp\/category\/lifestyle\/"},"img":{"alt_text":"Social Media Week en M\u00e9xico","src":"https:\/\/i0.wp.com\/damekiu.com\/wp\/wp-content\/uploads\/2025\/03\/Social-Media-Week-en-Mexico-.png?fit=1024%2C768&ssl=1&resize=350%2C200","width":350,"height":200,"srcset":"https:\/\/i0.wp.com\/damekiu.com\/wp\/wp-content\/uploads\/2025\/03\/Social-Media-Week-en-Mexico-.png?fit=1024%2C768&ssl=1&resize=350%2C200 1x, https:\/\/i0.wp.com\/damekiu.com\/wp\/wp-content\/uploads\/2025\/03\/Social-Media-Week-en-Mexico-.png?fit=1024%2C768&ssl=1&resize=525%2C300 1.5x, https:\/\/i0.wp.com\/damekiu.com\/wp\/wp-content\/uploads\/2025\/03\/Social-Media-Week-en-Mexico-.png?fit=1024%2C768&ssl=1&resize=700%2C400 2x"},"classes":[]}],"_links":{"self":[{"href":"https:\/\/damekiu.com\/wp\/wp-json\/wp\/v2\/posts\/10022","targetHints":{"allow":["GET"]}}],"collection":[{"href":"https:\/\/damekiu.com\/wp\/wp-json\/wp\/v2\/posts"}],"about":[{"href":"https:\/\/damekiu.com\/wp\/wp-json\/wp\/v2\/types\/post"}],"author":[{"embeddable":true,"href":"https:\/\/damekiu.com\/wp\/wp-json\/wp\/v2\/users\/20"}],"replies":[{"embeddable":true,"href":"https:\/\/damekiu.com\/wp\/wp-json\/wp\/v2\/comments?post=10022"}],"version-history":[{"count":1,"href":"https:\/\/damekiu.com\/wp\/wp-json\/wp\/v2\/posts\/10022\/revisions"}],"predecessor-version":[{"id":10030,"href":"https:\/\/damekiu.com\/wp\/wp-json\/wp\/v2\/posts\/10022\/revisions\/10030"}],"wp:featuredmedia":[{"embeddable":true,"href":"https:\/\/damekiu.com\/wp\/wp-json\/wp\/v2\/media\/10023"}],"wp:attachment":[{"href":"https:\/\/damekiu.com\/wp\/wp-json\/wp\/v2\/media?parent=10022"}],"wp:term":[{"taxonomy":"category","embeddable":true,"href":"https:\/\/damekiu.com\/wp\/wp-json\/wp\/v2\/categories?post=10022"},{"taxonomy":"post_tag","embeddable":true,"href":"https:\/\/damekiu.com\/wp\/wp-json\/wp\/v2\/tags?post=10022"}],"curies":[{"name":"wp","href":"https:\/\/api.w.org\/{rel}","templated":true}]}}